{"id":1160754,"date":"2026-09-01T08:46:20","date_gmt":"2026-09-01T08:46:20","guid":{"rendered":"https:\/\/www.europesays.com\/fr\/1160754\/"},"modified":"2026-09-01T08:46:20","modified_gmt":"2026-09-01T08:46:20","slug":"deux-prolongations-de-contrat-pour-van-rysel-roubaix-actualite","status":"publish","type":"post","link":"https:\/\/www.europesays.com\/fr\/1160754\/","title":{"rendered":"Deux prolongations de contrat pour Van Rysel-Roubaix &#8211; Actualit\u00e9"},"content":{"rendered":"<p>La formation Van Rysel-Roubaix annonce, ce mardi matin, une prolongation de contrat pour deux coureurs de l&rsquo;\u00e9quipe, \u00e0 savoir Maxime Jarnet et Kenny Molly. Ces derniers ont resign\u00e9 pour les deux prochaines saisons et sont ainsi d\u00e9sormais li\u00e9s \u00e0 la Conti nordiste jusqu&rsquo;en 2028.<\/p>\n<p><strong><a style=\"color: #000000; text-decoration: underline;\" href=\"https:\/\/www.directvelo.com\/coureur\/12326\/maxime-jarnet\" target=\"_blank\" rel=\"noopener nofollow\">Maxime Jarnet<\/a><\/strong> \u00e9volue sous le maillot rose des Roubaisiens depuis 2022. Il disputera donc ses sixi\u00e8me et septi\u00e8me saisons au sein de l&rsquo;effectif \u00e0 compter de 2027. Fin juillet, <strong><a style=\"color: #000000; text-decoration: underline;\" href=\"https:\/\/www.directvelo.com\/epreuve\/49168\/grand-prix-de-perenchies-2026\" target=\"_blank\" rel=\"noopener nofollow\">le coureur de 27 ans a remport\u00e9 le Grand Prix de P\u00e9renchies, en Classe 2.<\/a><\/strong> Il a \u00e9galement termin\u00e9 2e d&rsquo;une \u00e9tape du Tour de la Provence (2.1) en d\u00e9but de saison, <strong><a style=\"color: #000000; text-decoration: underline;\" href=\"https:\/\/www.directvelo.com\/epreuve\/48921\/etape\/49493\/cic-tour-de-la-provence-etape-3\" target=\"_blank\" rel=\"noopener nofollow\">seulement devanc\u00e9 par Axel Laurance dans les rues d&rsquo;Arles.<\/a><\/strong>\u00a0<\/p>\n<p><strong><a style=\"color: #000000; text-decoration: underline;\" href=\"https:\/\/www.directvelo.com\/coureur\/12251\/kenny-molly\" target=\"_blank\" rel=\"noopener nofollow\">Kenny Molly<\/a><\/strong> a lui aussi gagn\u00e9 cette ann\u00e9e, <strong><a style=\"color: #000000; text-decoration: underline;\" href=\"https:\/\/www.directvelo.com\/actualite\/128639\/kenny-molly-ca-fait-enormement-plaisir\" target=\"_blank\" rel=\"noopener nofollow\">c&rsquo;\u00e9tait le 1er mai dernier lors de\u00a0 l&rsquo;Omloop van het Waasland<\/a><\/strong>. Le Belge de 29 ans a rejoint les rose-et-noir en 2023 apr\u00e8s avoir couru auparavant pour Bingoal-WB.\u00a0<\/p>\n","protected":false},"excerpt":{"rendered":"La formation Van Rysel-Roubaix annonce, ce mardi matin, une prolongation de contrat pour deux coureurs de l&rsquo;\u00e9quipe, \u00e0&hellip;\n","protected":false},"author":2,"featured_media":1160755,"comment_status":"","ping_status":"","sticky":false,"template":"","format":"standard","meta":{"footnotes":"","_share_on_mastodon":"0"},"categories":[1411],"tags":[834,828,836,829,837,827,83,826,824,823,1154,207,814,817,815,816,822,821,832,211,839,1011,27,820,818,819,835,831,830,833,838,60,212,208,825],"class_list":["post-1160754","post","type-post","status-publish","format-standard","has-post-thumbnail","category-cyclisme","tag-attaque","tag-belgique","tag-braquet","tag-bretagne","tag-chute","tag-competition","tag-coupe-de-france","tag-coureur","tag-course-cyclisme","tag-course-cycliste","tag-cycling","tag-cyclisme","tag-direct","tag-direct-velo","tag-directvelo","tag-directvelo-com","tag-epreuve","tag-epreuve-cycliste","tag-federation-francaise-de-cyclisme","tag-ffc","tag-flandres","tag-fr","tag-france","tag-live","tag-live-course","tag-live-epreuve","tag-peloton","tag-radio-peloton","tag-radio-tour","tag-ravitaillement","tag-relance","tag-sports","tag-uci","tag-velo","tag-velos"],"share_on_mastodon":{"url":"https:\/\/pubeurope.com\/@fr\/117194914890710354","error":""},"_links":{"self":[{"href":"https:\/\/www.europesays.com\/fr\/wp-json\/wp\/v2\/posts\/1160754","targetHints":{"allow":["GET"]}}],"collection":[{"href":"https:\/\/www.europesays.com\/fr\/wp-json\/wp\/v2\/posts"}],"about":[{"href":"https:\/\/www.europesays.com\/fr\/wp-json\/wp\/v2\/types\/post"}],"author":[{"embeddable":true,"href":"https:\/\/www.europesays.com\/fr\/wp-json\/wp\/v2\/users\/2"}],"replies":[{"embeddable":true,"href":"https:\/\/www.europesays.com\/fr\/wp-json\/wp\/v2\/comments?post=1160754"}],"version-history":[{"count":0,"href":"https:\/\/www.europesays.com\/fr\/wp-json\/wp\/v2\/posts\/1160754\/revisions"}],"wp:featuredmedia":[{"embeddable":true,"href":"https:\/\/www.europesays.com\/fr\/wp-json\/wp\/v2\/media\/1160755"}],"wp:attachment":[{"href":"https:\/\/www.europesays.com\/fr\/wp-json\/wp\/v2\/media?parent=1160754"}],"wp:term":[{"taxonomy":"category","embeddable":true,"href":"https:\/\/www.europesays.com\/fr\/wp-json\/wp\/v2\/categories?post=1160754"},{"taxonomy":"post_tag","embeddable":true,"href":"https:\/\/www.europesays.com\/fr\/wp-json\/wp\/v2\/tags?post=1160754"}],"curies":[{"name":"wp","href":"https:\/\/api.w.org\/{rel}","templated":true}]}}