{"id":1160783,"date":"2026-09-01T09:10:14","date_gmt":"2026-09-01T09:10:14","guid":{"rendered":"https:\/\/www.europesays.com\/fr\/1160783\/"},"modified":"2026-09-01T09:10:14","modified_gmt":"2026-09-01T09:10:14","slug":"saint-etienne-jai-appele-10-fois-les-pompiers-apres-32-pannes-dascenseurs-ce-resident-en-fauteuil-perd-patience","status":"publish","type":"post","link":"https:\/\/www.europesays.com\/fr\/1160783\/","title":{"rendered":"Saint-\u00c9tienne. \u00ab J\u2019ai appel\u00e9 10 fois les pompiers\u00a0\u00bb\u00a0: apr\u00e8s 32 pannes d\u2019ascenseurs, ce r\u00e9sident en fauteuil perd patience"},"content":{"rendered":"<p>\u00c0 premi\u00e8re vue, l\u2019immeuble, situ\u00e9 7 place Paul-Louis-Courrier et g\u00e9r\u00e9 par Habitat &amp; M\u00e9tropole, est bien entretenu. \u00c0 l\u2019entr\u00e9e, une pancarte indique que les locaux sont plac\u00e9s sous surveillance vid\u00e9o. Cette tour de quatorze \u00e9tages est le lieu d\u2019habitation de Thierry Ravoux depuis quarante-deux ans. Son appartement est situ\u00e9 au septi\u00e8me \u00e9tage.<\/p>\n<p>Victime d\u2019un grave AVC il y a une douzaine d\u2019ann\u00e9es qui l\u2019a plong\u00e9 dans le coma pendant 45 jours, cet homme affable est depuis en fauteuil roulant. Ce qui ne l\u2019emp\u00eache nullement de mener de nombreux combats pour am\u00e9liorer la vie quotidienne des personnes handicap\u00e9es.<\/p>\n<p>\u00ab\u00a0Il y a une loi, il faut tout simplement l\u2019appliquer\u00a0\u00bb<\/p>\n<p>\u00ab\u00a0Je supporte de moins en moins les injustices mais je ne parle pas pour parler. Tout ce que je fais, je le fais b\u00e9n\u00e9volement. Depuis 2005, il y a une loi pour&#8230;<\/p>\n","protected":false},"excerpt":{"rendered":"\u00c0 premi\u00e8re vue, l\u2019immeuble, situ\u00e9 7 place Paul-Louis-Courrier et g\u00e9r\u00e9 par Habitat &amp; M\u00e9tropole, est bien entretenu. \u00c0&hellip;\n","protected":false},"author":2,"featured_media":1160784,"comment_status":"","ping_status":"","sticky":false,"template":"","format":"standard","meta":{"footnotes":"","_share_on_mastodon":"0"},"categories":[9653],"tags":[1111,11,2430,33,7539,1777,674,107,1011,27,1943,1116,3367,12,25,4001,7538,104],"class_list":["post-1160783","post","type-post","status-publish","format-standard","has-post-thumbnail","category-saint-etienne","tag-actu","tag-actualites","tag-auvergne-rhone-alpes","tag-economie","tag-edition-loire-sud","tag-eu","tag-europe","tag-fil-info","tag-fr","tag-france","tag-handicap","tag-immobilier","tag-loire","tag-news","tag-republique-francaise","tag-saint-etienne","tag-saint-etienne-ville","tag-societe"],"share_on_mastodon":{"url":"https:\/\/pubeurope.com\/@fr\/117195009500881795","error":""},"_links":{"self":[{"href":"https:\/\/www.europesays.com\/fr\/wp-json\/wp\/v2\/posts\/1160783","targetHints":{"allow":["GET"]}}],"collection":[{"href":"https:\/\/www.europesays.com\/fr\/wp-json\/wp\/v2\/posts"}],"about":[{"href":"https:\/\/www.europesays.com\/fr\/wp-json\/wp\/v2\/types\/post"}],"author":[{"embeddable":true,"href":"https:\/\/www.europesays.com\/fr\/wp-json\/wp\/v2\/users\/2"}],"replies":[{"embeddable":true,"href":"https:\/\/www.europesays.com\/fr\/wp-json\/wp\/v2\/comments?post=1160783"}],"version-history":[{"count":0,"href":"https:\/\/www.europesays.com\/fr\/wp-json\/wp\/v2\/posts\/1160783\/revisions"}],"wp:featuredmedia":[{"embeddable":true,"href":"https:\/\/www.europesays.com\/fr\/wp-json\/wp\/v2\/media\/1160784"}],"wp:attachment":[{"href":"https:\/\/www.europesays.com\/fr\/wp-json\/wp\/v2\/media?parent=1160783"}],"wp:term":[{"taxonomy":"category","embeddable":true,"href":"https:\/\/www.europesays.com\/fr\/wp-json\/wp\/v2\/categories?post=1160783"},{"taxonomy":"post_tag","embeddable":true,"href":"https:\/\/www.europesays.com\/fr\/wp-json\/wp\/v2\/tags?post=1160783"}],"curies":[{"name":"wp","href":"https:\/\/api.w.org\/{rel}","templated":true}]}}