{"id":1160797,"date":"2026-09-01T09:22:21","date_gmt":"2026-09-01T09:22:21","guid":{"rendered":"https:\/\/www.europesays.com\/fr\/1160797\/"},"modified":"2026-09-01T09:22:21","modified_gmt":"2026-09-01T09:22:21","slug":"le-ras-le-bol-du-maire-de-ce-village-pres-de-rouen-face-aux-inondations-cest-la-cinquieme-ou-sixieme-fois","status":"publish","type":"post","link":"https:\/\/www.europesays.com\/fr\/1160797\/","title":{"rendered":"Le ras-le-bol du maire de ce village pr\u00e8s de Rouen face aux inondations : \u00ab C&rsquo;est la cinqui\u00e8me ou sixi\u00e8me fois ! \u00bb"},"content":{"rendered":"<p>                    Par<br \/>\n        <strong><br \/>\n            <a href=\"https:\/\/actu.fr\/auteur\/isabellevilly\" title=\"Consulter tous les articles de Isabelle Villy\" rel=\"nofollow noopener\" target=\"_blank\">Isabelle Villy<\/a><br \/>\n                    <\/strong><\/p>\n<p>        Publi\u00e9 le<\/p>\n<p>            1 sept. 2026 \u00e0 6h46        <\/p>\n<p>Ce n\u2019est pas la premi\u00e8re fois que le village de <a href=\"https:\/\/actu.fr\/normandie\/saint-aubin-epinay_76560\" rel=\"nofollow noopener\" target=\"_blank\">Saint-Aubin-\u00c9pinay<\/a>, <strong>pr\u00e8s de Rouen (Seine-Maritime)<\/strong> <a href=\"https:\/\/actu.fr\/normandie\/saint-aubin-epinay_76560\/inondations-boues-une-quinzaine-de-maisons-touchees_62784976.html\" rel=\"nofollow noopener\" target=\"_blank\">subit des inondations<\/a> mais cette fois, le maire Beno\u00eet Anquetin confie en avoir assez. Vendredi 28 ao\u00fbt 2026, les <strong>fortes pr\u00e9cipitations<\/strong> qui se sont abattues sur la Seine-Maritime n\u2019ont, une fois encore, pas \u00e9pargn\u00e9 sa commune : bilan, <strong>une dizaine de maisons inond\u00e9es, et des coul\u00e9es de boue m\u00eal\u00e9es de graviers et cailloux<\/strong> qui ont d\u00e9vast\u00e9 le <strong>centre-bourg<\/strong> et quelques autres secteurs du village.\u00a0<\/p>\n<p>Un drame \u00e9vit\u00e9 in extremis<\/p>\n<p class=\" wall-content\">\u00ab On a \u00e9vit\u00e9 un drame humain : une personne \u00e2g\u00e9e de la commune a \u00e9t\u00e9<strong> secourue in extremis alors que l\u2019eau montait<\/strong>. Elle aurait pu se trouver emport\u00e9e \u00bb, d\u00e9plore Benoit Anquetin, qui pr\u00e9cise que la personne en question a d\u2019ailleurs \u00e9t\u00e9 hospitalis\u00e9e.\u00a0<\/p>\n<p class=\" wall-content\">D\u00e8s 8h le matin, le maire a \u00e9t\u00e9 appel\u00e9 en urgence : en une demie heure, l\u2019eau a d\u00e9val\u00e9 du plateau Est, <strong>emportant des talus sur son passage<\/strong> et elle a fini dans le village. \u00ab Les habitants en ont assez et je les comprends. On arrive \u00e0 rien ! On se heurte au co\u00fbt financier de certains am\u00e9nagements qui permettraient de r\u00e9gler ce probl\u00e8me r\u00e9current \u00bb, s\u2019agace Beno\u00eet Anquetin, qui estime que l\u2019\u00c9tat va devoir faire quelque chose.<\/p>\n<blockquote class=\"ac-article-quote wall-content\">\n<p>Cela fait des ann\u00e9es qu&rsquo;on r\u00e9clame ces am\u00e9nagements. Des choses ont d\u00e9j\u00e0 \u00e9t\u00e9 faites, mais ce n&rsquo;est pas suffisant. Les bassins par exemple ont fonctionn\u00e9, mais pas suffisamment : l&rsquo;eau est pass\u00e9e par-dessus les talus. Quand je dis aux habitants que les am\u00e9nagements sont en cours d&rsquo;\u00e9tude, ils me r\u00e9torquent que je leur dis \u00e0 chaque fois la m\u00eame chose, mais que rien ne change.<\/p>\n<p>    <strong>Benoit Anquetin<\/strong><br \/>\n        maire de Saint-Aubin-Epinay    <\/p><\/blockquote>\n<p>Priorit\u00e9 : prot\u00e9ger la Vall\u00e9e de l\u2019Aubette<\/p>\n<p class=\" wall-content\">Et pour l\u2019\u00e9lu, la priorit\u00e9 c\u2019est la protection de la Vall\u00e9e de l\u2019Aubette et celui de Franqueville-Saint-Pierre, sur le plateau Est, situ\u00e9 au-dessus de la commune et d\u2019o\u00f9 d\u00e9valent \u00e0 chaque fois l\u2019eau et la boue. \u00ab Il y a urgence \u00e0 remettre en \u00e9tat les avaloirs et le lieu que l\u2019on appelle Le Trou-de-mon-Oncle \u00bb, pr\u00e9vient ainsi l\u2019\u00e9lu, qui constate que la pluviom\u00e9trie est de plus en plus exc\u00e9dentaire au fur et \u00e0 mesure des ann\u00e9es.\u00a0<\/p>\n<p>Un ph\u00e9nom\u00e8ne d\u2019inondations r\u00e9current<\/p>\n<p class=\" wall-content\">\u00ab Ce n\u2019est pas la premi\u00e8re fois que l\u2019on subit des inondations \u00e0 Saint-Aubin-\u00c9pinay : depuis que je suis \u00e9lu, en une vingtaine d\u2019ann\u00e9es, <strong>c\u2019est la cinqui\u00e8me ou sixi\u00e8me fois.<\/strong> Dans les archives, ont sait qu\u2019un tel ph\u00e9nom\u00e8ne avait d\u00e9j\u00e0 eu lieu en 1800. Mais l\u00e0, c\u2019est r\u00e9current \u00bb, s\u2019inqui\u00e8te Beno\u00eet Anquetin.\u00a0<\/p>\n<p>    <img   decoding=\"async\" loading=\"lazy\" src=\"https:\/\/www.europesays.com\/fr\/wp-content\/uploads\/2026\/09\/sae-eau-et-boue-960x640.jpg\" alt=\"L'heure est au nettoyage des boues et des gravats qui ont d\u00e9val\u00e9 dans les rues du village. \" width=\"960\" height=\"640\"\/><br \/>\n    L\u2019heure est au nettoyage des boues et des gravats qui ont d\u00e9val\u00e9 dans les rues du village. (\u00a9DR)Le temps du nettoyage<\/p>\n<p class=\" wall-content\">Depuis vendredi dernier,<strong> les services de la commune s\u2019activent pour nettoyer<\/strong> le centre-bourg et les quartiers inond\u00e9s. Certains habitants, d\u00e9sabus\u00e9s, ont confi\u00e9 au maire qu\u2019ils venaient de refaire leur cour et que tout est une fois encore d\u00e9truit.<\/p>\n<p class=\" wall-content\">\u00ab Les gens en ont marre, c\u2019est vrai \u00bb, r\u00e9p\u00e8te Beno\u00eet Anquetin. Pour l\u2019heure, le nettoyage se poursuit : les services de la M\u00e9tropole Rouen Normandie ont pr\u00eat\u00e9 main-forte \u00e0 la commune pour retirer tous les gravats et la boue accumul\u00e9e et \u00ab la Ville de Rouen nous a pr\u00eat\u00e9 une autolaveuse pour la boue. On peut esp\u00e9rer que tout sera propre pour la rentr\u00e9e des classes \u00bb.<\/p>\n<p>Suivez l\u2019actualit\u00e9 de Rouen <a href=\"https:\/\/www.whatsapp.com\/channel\/0029VaKfnf99hXF2ddApFB1D\" rel=\"nofollow noopener\" target=\"_blank\">sur notre cha\u00eene WhatsApp<\/a> et <a href=\"https:\/\/www.tiktok.com\/@76actu.fr?lang=fr\" rel=\"nofollow noopener\" target=\"_blank\">sur notre compte TikTok<\/a><\/p>\n<p class=\" wall-content\">Personnalisez votre actualit\u00e9 en ajoutant vos villes et m\u00e9dias en favori avec <a href=\"https:\/\/moncompte.actu.fr\" title=\"D\u00e9couvez Mon Actu\" rel=\"nofollow noopener\" data-trk=\"{&quot;cta&quot;:{&quot;action&quot;:&quot;https:\\\/\\\/moncompte.actu.fr&quot;,&quot;category&quot;:&quot;mon compte&quot;,&quot;from&quot;:&quot;article footer&quot;,&quot;name&quot;:&quot;Mon actu&quot;,&quot;type&quot;:&quot;cta&quot;}}\" target=\"_blank\">Mon Actu<\/a>.<\/p>\n<p>                    <script async src=\"\/\/www.tiktok.com\/embed.js\"><\/script><\/p>\n","protected":false},"excerpt":{"rendered":"Par Isabelle Villy Publi\u00e9 le 1 sept. 2026 \u00e0 6h46 Ce n\u2019est pas la premi\u00e8re fois que le&hellip;\n","protected":false},"author":2,"featured_media":1160798,"comment_status":"","ping_status":"","sticky":false,"template":"","format":"standard","meta":{"footnotes":"","_share_on_mastodon":"0"},"categories":[9587],"tags":[1111,11,1129,1777,674,118,1011,27,2839,12,5161,4459,25,9590],"class_list":["post-1160797","post","type-post","status-publish","format-standard","has-post-thumbnail","category-rouen","tag-actu","tag-actualites","tag-climat","tag-eu","tag-europe","tag-faits-divers","tag-fr","tag-france","tag-inondations","tag-news","tag-normandie","tag-pluie","tag-republique-francaise","tag-rouen"],"share_on_mastodon":{"url":"https:\/\/pubeurope.com\/@fr\/117195056631014543","error":""},"_links":{"self":[{"href":"https:\/\/www.europesays.com\/fr\/wp-json\/wp\/v2\/posts\/1160797","targetHints":{"allow":["GET"]}}],"collection":[{"href":"https:\/\/www.europesays.com\/fr\/wp-json\/wp\/v2\/posts"}],"about":[{"href":"https:\/\/www.europesays.com\/fr\/wp-json\/wp\/v2\/types\/post"}],"author":[{"embeddable":true,"href":"https:\/\/www.europesays.com\/fr\/wp-json\/wp\/v2\/users\/2"}],"replies":[{"embeddable":true,"href":"https:\/\/www.europesays.com\/fr\/wp-json\/wp\/v2\/comments?post=1160797"}],"version-history":[{"count":0,"href":"https:\/\/www.europesays.com\/fr\/wp-json\/wp\/v2\/posts\/1160797\/revisions"}],"wp:featuredmedia":[{"embeddable":true,"href":"https:\/\/www.europesays.com\/fr\/wp-json\/wp\/v2\/media\/1160798"}],"wp:attachment":[{"href":"https:\/\/www.europesays.com\/fr\/wp-json\/wp\/v2\/media?parent=1160797"}],"wp:term":[{"taxonomy":"category","embeddable":true,"href":"https:\/\/www.europesays.com\/fr\/wp-json\/wp\/v2\/categories?post=1160797"},{"taxonomy":"post_tag","embeddable":true,"href":"https:\/\/www.europesays.com\/fr\/wp-json\/wp\/v2\/tags?post=1160797"}],"curies":[{"name":"wp","href":"https:\/\/api.w.org\/{rel}","templated":true}]}}