{"id":116083,"date":"2025-05-21T05:33:12","date_gmt":"2025-05-21T05:33:12","guid":{"rendered":"https:\/\/www.europesays.com\/fr\/116083\/"},"modified":"2025-05-21T05:33:12","modified_gmt":"2025-05-21T05:33:12","slug":"diffusion-tottenham-manchester-united-a-quelle-heure-et-sur-quelle-chaine-voir-la-finale-deuropa-league-en-direct","status":"publish","type":"post","link":"https:\/\/www.europesays.com\/fr\/116083\/","title":{"rendered":"Diffusion Tottenham \u2013 Manchester United : \u00e0 quelle heure et sur quelle cha\u00eene voir la finale d\u2019Europa League en direct ?"},"content":{"rendered":"<p class=\"paragraph text_align_left\">Cette semaine, tous les regards seront tourn\u00e9s vers Bilbao, \u00e0 l\u2019occasion de la finale de l\u2019UEFA Europa League. Les Spurs et les Red Devils vont tout faire pour d\u00e9crocher le troph\u00e9e. Du c\u00f4t\u00e9 de Tottenham, les co\u00e9quipiers de Richarlison se sont qualifi\u00e9s apr\u00e8s avoir \u00e9limin\u00e9 le FK Bodo\/Glimt, sur un score cumul\u00e9 de cinq buts \u00e0 un. Les enjeux sont forts pour l\u2019\u00e9quipe d\u2019Ange Postecoglou, car Tottenham n\u2019a pas remport\u00e9 le titre depuis la saison 1983-1984. En face, Manchester United a rejoint la derni\u00e8re \u00e9tape de la comp\u00e9tition gr\u00e2ce \u00e0 la victoire contre l\u2019Athletic Bilbao (1-7). Les Mancuniens ont d\u00e9sormais l\u2019occasion de se rapprocher d\u2019un deuxi\u00e8me titre historique. Pour m\u00e9moire, la derni\u00e8re confrontation entre les deux clubs s\u2019est d\u00e9roul\u00e9e en f\u00e9vrier dernier, lors de la vingt-cinqui\u00e8me journ\u00e9e de Premier League. Les Spurs sont sortis vainqueurs de la rencontre (1-0), gr\u00e2ce au but de James Maddison. Dans ces lignes, <a href=\"https:\/\/bit.ly\/3WfXgBG\" target=\"_blank\" rel=\"sponsored noopener\">on vous dit \u00e0 quelle heure et sur quelle cha\u00eene regarder le match Tottenham \u2013 Manchester United en direct.<\/a><\/p>\n<p>Diffusion Tottenham \u2013 Manchester United en direct : sur quelle cha\u00eene regarder la finale ?<\/p>\n<p class=\"paragraph text_align_left\"><b>Le match qui oppose les Spurs de Tottenham et les Red Devils de Manchester United est diffus\u00e9 ce mercredi 21 mai, <\/b><a href=\"https:\/\/bit.ly\/3WfXgBG\" target=\"_blank\" rel=\"sponsored noopener\"><b>en direct sur la cha\u00eene CANAL+<\/b><\/a>. La rencontre est pr\u00e9vue \u00e0 21 heures, au San Mam\u00e9s Stadium de Bilbao. L\u2019arbitre Felix Zwayer a \u00e9t\u00e9 d\u00e9sign\u00e9 pour diriger la finale de l\u2019UEFA Europa League. Il sera assist\u00e9 de Bastian Dankert et de Benjamin Brand \u00e0 la VAR. D\u00e8s 20 heures 30, les experts de l\u2019\u00e9mission \u00ab Soir d\u2019Europe l\u2019avant-match \u00bb font le point sur les derni\u00e8res actualit\u00e9s des clubs en lice. Les commentateurs prennent ensuite le relais pour d\u00e9crypter les performances des \u00e9quipes et analyser les temps forts.<\/p>\n<p class=\"paragraph text_align_left\"><b>Cliquez ici pour <\/b><a href=\"https:\/\/bit.ly\/3WfXgBG\" target=\"_blank\" rel=\"sponsored noopener\"><b>d\u00e9couvrir les offres CANAL+ pour suivre toute l\u2019Europa League <\/b><\/a><\/p>\n","protected":false},"excerpt":{"rendered":"Cette semaine, tous les regards seront tourn\u00e9s vers Bilbao, \u00e0 l\u2019occasion de la finale de l\u2019UEFA Europa League.&hellip;\n","protected":false},"author":2,"featured_media":116084,"comment_status":"","ping_status":"","sticky":false,"template":"","format":"standard","meta":{"footnotes":""},"categories":[1412],"tags":[449,1451,1452,1453,1454,1455,1011,27,749,23636,60,11402,6718],"class_list":{"0":"post-116083","1":"post","2":"type-post","3":"status-publish","4":"format-standard","5":"has-post-thumbnail","7":"category-f1","8":"tag-europa-league","9":"tag-f1","10":"tag-formula-1","11":"tag-formula1","12":"tag-formule-1","13":"tag-formule1","14":"tag-fr","15":"tag-france","16":"tag-guide-shopping","17":"tag-machester","18":"tag-sports","19":"tag-spurs","20":"tag-tv-streaming"},"share_on_mastodon":{"url":"https:\/\/pubeurope.com\/@fr\/114544194563973243","error":""},"_links":{"self":[{"href":"https:\/\/www.europesays.com\/fr\/wp-json\/wp\/v2\/posts\/116083","targetHints":{"allow":["GET"]}}],"collection":[{"href":"https:\/\/www.europesays.com\/fr\/wp-json\/wp\/v2\/posts"}],"about":[{"href":"https:\/\/www.europesays.com\/fr\/wp-json\/wp\/v2\/types\/post"}],"author":[{"embeddable":true,"href":"https:\/\/www.europesays.com\/fr\/wp-json\/wp\/v2\/users\/2"}],"replies":[{"embeddable":true,"href":"https:\/\/www.europesays.com\/fr\/wp-json\/wp\/v2\/comments?post=116083"}],"version-history":[{"count":0,"href":"https:\/\/www.europesays.com\/fr\/wp-json\/wp\/v2\/posts\/116083\/revisions"}],"wp:featuredmedia":[{"embeddable":true,"href":"https:\/\/www.europesays.com\/fr\/wp-json\/wp\/v2\/media\/116084"}],"wp:attachment":[{"href":"https:\/\/www.europesays.com\/fr\/wp-json\/wp\/v2\/media?parent=116083"}],"wp:term":[{"taxonomy":"category","embeddable":true,"href":"https:\/\/www.europesays.com\/fr\/wp-json\/wp\/v2\/categories?post=116083"},{"taxonomy":"post_tag","embeddable":true,"href":"https:\/\/www.europesays.com\/fr\/wp-json\/wp\/v2\/tags?post=116083"}],"curies":[{"name":"wp","href":"https:\/\/api.w.org\/{rel}","templated":true}]}}