{"id":1160869,"date":"2026-09-01T10:28:17","date_gmt":"2026-09-01T10:28:17","guid":{"rendered":"https:\/\/www.europesays.com\/fr\/1160869\/"},"modified":"2026-09-01T10:28:17","modified_gmt":"2026-09-01T10:28:17","slug":"mercato-le-defenseur-de-monaco-thilo-kehrer-vers-lajax-amsterdam-lequipe","status":"publish","type":"post","link":"https:\/\/www.europesays.com\/fr\/1160869\/","title":{"rendered":"Mercato : le d\u00e9fenseur de Monaco Thilo Kehrer vers l&#039;Ajax Amsterdam ? &#8211; L&#039;\u00c9quipe"},"content":{"rendered":"<ol>\n<li><a href=\"https:\/\/news.google.com\/rss\/articles\/CBMitwFBVV95cUxNQWpvamJFdGZSRFVmaUVWZzRlci1VUEZuNFRZVXJSZWZ1S1FQYzE1c1lzUHhzZndEclM4VFlsVVh1bm1nRzk3VlpqTVhaZVk1dW1pUXhMb01hZ0k1Mzl3WURQc3pneGxMUWM2WkNiMzQzTmFpM0tPNE1FRVNtOFlhcmozS0lJQmNoNThYSUpUOER1SHc1X01DOWpMb2w3bjB0S2gyMDlsNnplSXNOVXNXWWE2amJzMGs?oc=5\" target=\"_blank\" rel=\"nofollow noopener\">Mercato : le d\u00e9fenseur de Monaco Thilo Kehrer vers l&rsquo;Ajax Amsterdam ?<\/a>&nbsp;&nbsp;L&rsquo;\u00c9quipe<\/li>\n<li><a href=\"https:\/\/news.google.com\/rss\/articles\/CBMiqAFBVV95cUxPd3pyajZwX2JqRnljMHVBcFUyc0lkalJfbjlNbXkzLUVUYzVob296SDNCaU9NLU9VS1hxZDBEMi11aGlOd2hsS1E2UU5oRG1FSHVLa0RnTFlud0dkenhkV3M5X2NzbnAyaVFGLUZUVzRzX1RjcFBxcVJTVi12dHYyUUNrWkR1VGI5WnEzb0FYU29PV2lyb3I1RTJpalpSMEtuT0s2R3Nzcmw?oc=5\" target=\"_blank\" rel=\"nofollow noopener\">Discussions tr\u00e8s avanc\u00e9es ! Un international allemand bient\u00f4t co\u00e9quipier de Julian Brandt et Marc-Andr\u00e9 ter Stegen<\/a>&nbsp;&nbsp;Yahoo Actualit\u00e9s<\/li>\n<li><a href=\"https:\/\/news.google.com\/rss\/articles\/CBMiyAFBVV95cUxQVUhqcW42dXlPeEFzQUJyakZVdzAyUUVGWDdXNEc3b3FmVjMxTVpJeEVORmMxQ01CY3R1SVRETERxb29PeFlqdXBuWEh4MHFicUNfRGdZalAyTDhqV2cyWm53Nk42TmV3SUxXckZlazBaTmhyQl94eERVLVNDeFJvdXhZTlk1NWE5aVd6MGJpdDJJalEzbWplY1BERTVGeGk3LUs1RzVVeXluN21YbnNYUjZ0aDQtcHUzcEItOFQ5VkVDMGYtcFg3Vw?oc=5\" target=\"_blank\" rel=\"nofollow noopener\">Mercato Monaco &#8211; Thilo Kehrer pourrait quitter l&rsquo;ASM pour les Pays-Bas<\/a>&nbsp;&nbsp;MadeInFOOT<\/li>\n<li><a href=\"https:\/\/news.google.com\/rss\/articles\/CBMikgFBVV95cUxQcS1DRmFFOTYxWlBUcG5ldC13NlM3azJUbmJ2X041LXppZjFMYUxnRHZYZnE0aDhUemphdWZuV2I4N0dkOExRZlJSTGJsNlhIdDA5Wmh2X18zVEQwa0VtbUlQV09MQWpPeDFTWGwxTzFBSzNHTDcyOFZhZ0RTalBIR2hKcEljUmRMZXZya3Z3ZEhVdw?oc=5\" target=\"_blank\" rel=\"nofollow noopener\">Monaco : Thilo Kehrer se rapproche de l\u2019Ajax<\/a>&nbsp;&nbsp;Foot Mercato<\/li>\n<li><a href=\"https:\/\/news.google.com\/rss\/articles\/CBMiwgFBVV95cUxNZUdZSWZHVTZXN1JLLXFXd3dkbTlzQlNPWG1JXy1rX3lGclVETk9oOFFUNlg3cVhhLWdVVWtreWtOc3lEVy1WUnQ2NlRpUE1uVDN6XzhNeGhNQnNhdm1aaXRIQmQ4ZXJzdk5BMzE2NlB3UGttS3RpYXlYeUd1Q05VZkc0ZEdHNl82SlZfcjRUN21uLVRWV1g4Wk1Ra0FLSzgycFc4cTFJQUcwTTh4VGhoZk00YzU5LXRrZ1Y4OExHTERZZw?oc=5\" target=\"_blank\" rel=\"nofollow noopener\">L\u2019Ajax mise tout sur l\u2019exp\u00e9riment\u00e9 international allemand aux 28 s\u00e9lections<\/a>&nbsp;&nbsp;Goal.com<\/li>\n<\/ol>\n","protected":false},"excerpt":{"rendered":"Mercato : le d\u00e9fenseur de Monaco Thilo Kehrer vers l&rsquo;Ajax Amsterdam ?&nbsp;&nbsp;L&rsquo;\u00c9quipe Discussions tr\u00e8s avanc\u00e9es ! Un international&hellip;\n","protected":false},"author":2,"featured_media":1160870,"comment_status":"","ping_status":"","sticky":false,"template":"","format":"standard","meta":{"footnotes":"","_share_on_mastodon":"0"},"categories":[1410],"tags":[86760,63,1011,27,66,3127,60,72613,86930,33137],"class_list":["post-1160869","post","type-post","status-publish","format-standard","has-post-thumbnail","category-football","tag-actus-et-infos","tag-football","tag-fr","tag-france","tag-ligue-1","tag-monaco","tag-sports","tag-thilo-kehrer","tag-thomas-doucet","tag-transferts-football"],"share_on_mastodon":{"url":"https:\/\/pubeurope.com\/@fr\/117195316577728702","error":""},"_links":{"self":[{"href":"https:\/\/www.europesays.com\/fr\/wp-json\/wp\/v2\/posts\/1160869","targetHints":{"allow":["GET"]}}],"collection":[{"href":"https:\/\/www.europesays.com\/fr\/wp-json\/wp\/v2\/posts"}],"about":[{"href":"https:\/\/www.europesays.com\/fr\/wp-json\/wp\/v2\/types\/post"}],"author":[{"embeddable":true,"href":"https:\/\/www.europesays.com\/fr\/wp-json\/wp\/v2\/users\/2"}],"replies":[{"embeddable":true,"href":"https:\/\/www.europesays.com\/fr\/wp-json\/wp\/v2\/comments?post=1160869"}],"version-history":[{"count":0,"href":"https:\/\/www.europesays.com\/fr\/wp-json\/wp\/v2\/posts\/1160869\/revisions"}],"wp:featuredmedia":[{"embeddable":true,"href":"https:\/\/www.europesays.com\/fr\/wp-json\/wp\/v2\/media\/1160870"}],"wp:attachment":[{"href":"https:\/\/www.europesays.com\/fr\/wp-json\/wp\/v2\/media?parent=1160869"}],"wp:term":[{"taxonomy":"category","embeddable":true,"href":"https:\/\/www.europesays.com\/fr\/wp-json\/wp\/v2\/categories?post=1160869"},{"taxonomy":"post_tag","embeddable":true,"href":"https:\/\/www.europesays.com\/fr\/wp-json\/wp\/v2\/tags?post=1160869"}],"curies":[{"name":"wp","href":"https:\/\/api.w.org\/{rel}","templated":true}]}}