{"id":1160896,"date":"2026-09-01T10:47:18","date_gmt":"2026-09-01T10:47:18","guid":{"rendered":"https:\/\/www.europesays.com\/fr\/1160896\/"},"modified":"2026-09-01T10:47:18","modified_gmt":"2026-09-01T10:47:18","slug":"loire-tu-as-peut-etre-tue-des-gens-le-mariage-avait-degenere-a-la-ricamarie","status":"publish","type":"post","link":"https:\/\/www.europesays.com\/fr\/1160896\/","title":{"rendered":"Loire. \u00ab\u00a0Tu as peut-\u00eatre tu\u00e9 des gens\u2026\u00a0\u00bb\u00a0: le mariage avait d\u00e9g\u00e9n\u00e9r\u00e9 \u00e0 La Ricamarie"},"content":{"rendered":"<p>M\u00eame la mari\u00e9e n\u2019a pas voulu donner son identit\u00e9 \u00e0 la police. Le contexte, particulier, est celui de la communaut\u00e9 des gens du voyage. Des pr\u00e9venus taiseux. Des pr\u00e9venus qui restent obstin\u00e9ment debout dans le box, muets, bras crois\u00e9s, alors que le pr\u00e9sident du tribunal correctionnel de Saint-\u00c9tienne les invite \u00e0 s\u2019asseoir ce lundi 31 ao\u00fbt. Des pr\u00e9venus, aussi, qui ont l\u2019\u00e9nervement facile y compris dans une salle d\u2019audience.<\/p>\n<p>Pourtant, certains ont parl\u00e9. Un jour de septembre\u00a02022, un mariage gitan d\u00e9g\u00e9n\u00e8re dans une salle des f\u00eates de La Ricamarie. Une demi-douzaine de t\u00e9moins disent la m\u00eame chose. Josue Heilig a extrait de force une automobiliste de&#8230;<\/p>\n","protected":false},"excerpt":{"rendered":"M\u00eame la mari\u00e9e n\u2019a pas voulu donner son identit\u00e9 \u00e0 la police. Le contexte, particulier, est celui de&hellip;\n","protected":false},"author":2,"featured_media":1160897,"comment_status":"","ping_status":"","sticky":false,"template":"","format":"standard","meta":{"footnotes":"","_share_on_mastodon":"0"},"categories":[9653],"tags":[1111,11,2430,271,272,7539,1777,674,274,107,1011,27,11324,11325,3367,12,25,4001],"class_list":["post-1160896","post","type-post","status-publish","format-standard","has-post-thumbnail","category-saint-etienne","tag-actu","tag-actualites","tag-auvergne-rhone-alpes","tag-crime","tag-delit-et-contravention","tag-edition-loire-sud","tag-eu","tag-europe","tag-faits-divers-justice","tag-fil-info","tag-fr","tag-france","tag-la-ricamarie","tag-la-ricamarie-ville","tag-loire","tag-news","tag-republique-francaise","tag-saint-etienne"],"share_on_mastodon":{"url":"https:\/\/pubeurope.com\/@fr\/117195390625946184","error":""},"_links":{"self":[{"href":"https:\/\/www.europesays.com\/fr\/wp-json\/wp\/v2\/posts\/1160896","targetHints":{"allow":["GET"]}}],"collection":[{"href":"https:\/\/www.europesays.com\/fr\/wp-json\/wp\/v2\/posts"}],"about":[{"href":"https:\/\/www.europesays.com\/fr\/wp-json\/wp\/v2\/types\/post"}],"author":[{"embeddable":true,"href":"https:\/\/www.europesays.com\/fr\/wp-json\/wp\/v2\/users\/2"}],"replies":[{"embeddable":true,"href":"https:\/\/www.europesays.com\/fr\/wp-json\/wp\/v2\/comments?post=1160896"}],"version-history":[{"count":0,"href":"https:\/\/www.europesays.com\/fr\/wp-json\/wp\/v2\/posts\/1160896\/revisions"}],"wp:featuredmedia":[{"embeddable":true,"href":"https:\/\/www.europesays.com\/fr\/wp-json\/wp\/v2\/media\/1160897"}],"wp:attachment":[{"href":"https:\/\/www.europesays.com\/fr\/wp-json\/wp\/v2\/media?parent=1160896"}],"wp:term":[{"taxonomy":"category","embeddable":true,"href":"https:\/\/www.europesays.com\/fr\/wp-json\/wp\/v2\/categories?post=1160896"},{"taxonomy":"post_tag","embeddable":true,"href":"https:\/\/www.europesays.com\/fr\/wp-json\/wp\/v2\/tags?post=1160896"}],"curies":[{"name":"wp","href":"https:\/\/api.w.org\/{rel}","templated":true}]}}