{"id":1160917,"date":"2026-09-01T11:04:18","date_gmt":"2026-09-01T11:04:18","guid":{"rendered":"https:\/\/www.europesays.com\/fr\/1160917\/"},"modified":"2026-09-01T11:04:18","modified_gmt":"2026-09-01T11:04:18","slug":"implantee-en-ille-et-vilaine-lassociation-talendi-sort-du-redressement-judiciaire-et-espere-un-avenir-plus-robuste","status":"publish","type":"post","link":"https:\/\/www.europesays.com\/fr\/1160917\/","title":{"rendered":"Implant\u00e9e en Ille-et-Vilaine, l&rsquo;association Talendi sort du redressement judiciaire et esp\u00e8re \u00ab\u00a0un avenir plus robuste\u00a0\u00bb"},"content":{"rendered":"<p>                    Par<br \/>\n        <strong><br \/>\n            <a href=\"https:\/\/actu.fr\/auteur\/clemence-pays02-actu-fr\" title=\"Consulter tous les articles de Cl\u00e9mence Pays\" rel=\"nofollow noopener\" target=\"_blank\">Cl\u00e9mence Pays<\/a><br \/>\n                    <\/strong><\/p>\n<p>        Publi\u00e9 le<\/p>\n<p>            1 sept. 2026 \u00e0 10h42        <\/p>\n<p>C\u2019est un soulagement pour <strong>l\u2019association Talendi.<\/strong> Mardi 1er\u00a0septembre 2026, le fournisseur de services industriels et num\u00e9riques (dans les secteurs de l\u2019automobile, du ferroviaire, de l\u2019a\u00e9ronautique ou encore du machinisme agricole et de l\u2019\u00e9conomie circulaire) a annonc\u00e9 <strong>sortir de <\/strong><a href=\"https:\/\/actu.fr\/bretagne\/rennes_35238\/une-crise-majeure-pres-de-rennes-l-association-talendi-lance-un-plan-de-sauvegarde_62556734.html\" rel=\"nofollow noopener\" target=\"_blank\"><strong>la proc\u00e9dure de redressement judiciaire,<\/strong> dont elle faisait l\u2019objet depuis quinze mois<\/a>.<\/p>\n<p>\u00ab\u2009Une profonde transformation\u2009\u00bb<\/p>\n<p class=\" wall-content\">C\u2019est dans un \u00ab\u2009contexte d\u2019incertitudes\u2009\u00bb et un chiffre d\u2019affaires pass\u00e9 de 18\u00a0millions d\u2019euros en 2023 \u00e0 15\u00a0millions d\u2019euros en 2024 que Talendi a engag\u00e9 en 2025 \u00ab\u2009une profonde<strong> transformation<\/strong> de son organisation\u2009\u00bb.<\/p>\n<p class=\" wall-content\">Plac\u00e9e en redressement judiciaire \u00e0 sa demande, par le tribunal de commerce de <a href=\"https:\/\/actu.fr\/rennes\/\" rel=\"nofollow noopener\" target=\"_blank\">Rennes<\/a>, l\u2019association, qui \u0153uvre \u00e0 <strong>l\u2019inclusion des personnes en situation de handicap,<\/strong> a pris la d\u00e9cision d\u2019engager <a href=\"https:\/\/actu.fr\/bretagne\/rennes_35238\/un-pilier-de-l-economie-sociale-qui-vacille-talendi-annonce-la-suppression-de-60-a-80-emplois-en-bretagne_62764810.html\" rel=\"nofollow noopener\" target=\"_blank\">un plan de sauvegarde de l\u2019emploi concernant 66\u00a0personnes<\/a>.<\/p>\n<p class=\" wall-content\"><a href=\"https:\/\/actu.fr\/bretagne\/tregueux_22360\/48-emplois-menaces-a-tregueux-une-crise-sans-precedent_62765223.html\" rel=\"nofollow noopener\" target=\"_blank\">Son site de production de Tr\u00e9gueux (C\u00f4tes-d\u2019Armor) a ainsi \u00e9t\u00e9 ferm\u00e9, tout comme l\u2019Esat des 3 Vall\u00e9es<\/a>. Les douze travailleurs de cette structure ont \u00e9t\u00e9 replac\u00e9s dans d\u2019autres structures m\u00e9dico-sociales.<\/p>\n<blockquote class=\"ac-article-quote wall-content\">\n<p>\u00ab\u00a0L\u2019association a \u00e9galement r\u00e9organis\u00e9 ses activit\u00e9s, adapt\u00e9 sa structure de co\u00fbts et recentr\u00e9 son offre afin de renforcer sa comp\u00e9titivit\u00e9 et sa capacit\u00e9 \u00e0 r\u00e9pondre aux besoins de ses clients.\u00a0\u00bb<\/p>\n<p>    <strong>Talendi<\/strong>\n            <\/p><\/blockquote>\n<p>\u00ab\u2009Le point de d\u00e9part d\u2019un avenir plus robuste\u2009\u00bb<\/p>\n<p class=\" wall-content\">D\u00e9sormais, Talendi assure avoir <strong>pos\u00e9 \u00ab\u2009les bases d\u2019un mod\u00e8le \u00e9conomique plus robuste\u2009\u00bb.<\/strong><\/p>\n<p class=\" wall-content\">Son <strong>plan de continuation a \u00e9t\u00e9 homologu\u00e9<\/strong> et lui permet donc de sortir de la proc\u00e9dure de redressement judiciaire.<\/p>\n<blockquote class=\"ac-article-quote wall-content\">\n<p>\u00ab\u00a0Les efforts consentis par nos parties prenantes nous ont permis de traverser cette p\u00e9riode difficile. Nous avons d\u00e9sormais la responsabilit\u00e9 de consolider notre mod\u00e8le, de tenir les engagements pris et de faire de cette \u00e9tape le point de d\u00e9part d\u2019un avenir plus robuste pour l\u2019association.\u00a0\u00bb<\/p>\n<p>    <strong>Fr\u00e9d\u00e9ric Lescure <\/strong><br \/>\n        Pr\u00e9sident de l\u2019association Talendi    <\/p><\/blockquote>\n<p>Trois sites dans le bassin rennais<\/p>\n<p class=\" wall-content\">Talendi reste bien ancr\u00e9 dans le bassin rennais, avec le maintien de son si\u00e8ge social \u00e0 <a href=\"https:\/\/actu.fr\/bretagne\/noyal-chatillon-sur-seiche_35206\" rel=\"nofollow noopener\" target=\"_blank\">Noyal-Ch\u00e2tillon-sur-Seiche<\/a> et de son site de <a href=\"https:\/\/actu.fr\/bretagne\/saint-erblon_35266\" rel=\"nofollow noopener\" target=\"_blank\">Saint-Erblon<\/a>. L\u2019association est aussi pr\u00e9sente \u00e0 <a href=\"https:\/\/actu.fr\/bretagne\/chartres-de-bretagne_35066\" rel=\"nofollow noopener\" target=\"_blank\">Chartres-de-Bretagne<\/a>, au sein des ateliers Stellantis.<\/p>\n<p class=\" wall-content\"><strong>L\u2019Esat de la Seiche,<\/strong> qui compte <strong>pr\u00e8s de 90\u00a0personnes<\/strong> r\u00e9parties sur les sites de Saint-Erblon et de Noyal-Ch\u00e2tillon-sur-Seiche, poursuit \u00e9galement son activit\u00e9.<\/p>\n<p class=\" wall-content\">Talendi met d\u00e9sormais en avant \u00ab\u2009une organisation recentr\u00e9e\u2009\u00bb et souhaite<strong> am\u00e9liorer \u00ab\u2009la performance de ses activit\u00e9s et d\u00e9velopper de nouveaux march\u00e9s\u2009\u00bb<\/strong> tout en consolidant son mod\u00e8le \u00e9conomique.<\/p>\n<p class=\" wall-content\">Personnalisez votre actualit\u00e9 en ajoutant vos villes et m\u00e9dias en favori avec <a href=\"https:\/\/moncompte.actu.fr\" title=\"D\u00e9couvez Mon Actu\" rel=\"nofollow noopener\" data-trk=\"{&quot;cta&quot;:{&quot;action&quot;:&quot;https:\\\/\\\/moncompte.actu.fr&quot;,&quot;category&quot;:&quot;mon compte&quot;,&quot;from&quot;:&quot;article footer&quot;,&quot;name&quot;:&quot;Mon actu&quot;,&quot;type&quot;:&quot;cta&quot;}}\" target=\"_blank\">Mon Actu<\/a>.<\/p>\n","protected":false},"excerpt":{"rendered":"Par Cl\u00e9mence Pays Publi\u00e9 le 1 sept. 2026 \u00e0 10h42 C\u2019est un soulagement pour l\u2019association Talendi. Mardi 1er\u00a0septembre&hellip;\n","protected":false},"author":2,"featured_media":1160918,"comment_status":"","ping_status":"","sticky":false,"template":"","format":"standard","meta":{"footnotes":"","_share_on_mastodon":"0"},"categories":[2821],"tags":[1111,11,829,33,341,1777,674,1011,27,12,584,25],"class_list":["post-1160917","post","type-post","status-publish","format-standard","has-post-thumbnail","category-rennes","tag-actu","tag-actualites","tag-bretagne","tag-economie","tag-emploi","tag-eu","tag-europe","tag-fr","tag-france","tag-news","tag-rennes","tag-republique-francaise"],"share_on_mastodon":{"url":"https:\/\/pubeurope.com\/@fr\/117195457383181445","error":""},"_links":{"self":[{"href":"https:\/\/www.europesays.com\/fr\/wp-json\/wp\/v2\/posts\/1160917","targetHints":{"allow":["GET"]}}],"collection":[{"href":"https:\/\/www.europesays.com\/fr\/wp-json\/wp\/v2\/posts"}],"about":[{"href":"https:\/\/www.europesays.com\/fr\/wp-json\/wp\/v2\/types\/post"}],"author":[{"embeddable":true,"href":"https:\/\/www.europesays.com\/fr\/wp-json\/wp\/v2\/users\/2"}],"replies":[{"embeddable":true,"href":"https:\/\/www.europesays.com\/fr\/wp-json\/wp\/v2\/comments?post=1160917"}],"version-history":[{"count":0,"href":"https:\/\/www.europesays.com\/fr\/wp-json\/wp\/v2\/posts\/1160917\/revisions"}],"wp:featuredmedia":[{"embeddable":true,"href":"https:\/\/www.europesays.com\/fr\/wp-json\/wp\/v2\/media\/1160918"}],"wp:attachment":[{"href":"https:\/\/www.europesays.com\/fr\/wp-json\/wp\/v2\/media?parent=1160917"}],"wp:term":[{"taxonomy":"category","embeddable":true,"href":"https:\/\/www.europesays.com\/fr\/wp-json\/wp\/v2\/categories?post=1160917"},{"taxonomy":"post_tag","embeddable":true,"href":"https:\/\/www.europesays.com\/fr\/wp-json\/wp\/v2\/tags?post=1160917"}],"curies":[{"name":"wp","href":"https:\/\/api.w.org\/{rel}","templated":true}]}}