{"id":1160919,"date":"2026-09-01T11:06:12","date_gmt":"2026-09-01T11:06:12","guid":{"rendered":"https:\/\/www.europesays.com\/fr\/1160919\/"},"modified":"2026-09-01T11:06:12","modified_gmt":"2026-09-01T11:06:12","slug":"une-nouvelle-compagnie-ferroviaire-pour-voyager-entre-rennes-et-paris-a-lhorizon-2029","status":"publish","type":"post","link":"https:\/\/www.europesays.com\/fr\/1160919\/","title":{"rendered":"Une nouvelle compagnie ferroviaire pour voyager entre Rennes et Paris \u00e0 l\u2019horizon 2029"},"content":{"rendered":"<p><a href=\"https:\/\/www.velvet.fr\/\" target=\"_blank\" rel=\"nofollow noopener\">La compagnie ferroviaire priv\u00e9e Velvet<\/a> annonce ce mardi 1er\u00a0septembre 2026 avoir obtenu sa licence d\u2019exploitation sur le r\u00e9seau fran\u00e7ais. D\u00e9livr\u00e9 par la direction g\u00e9n\u00e9rale des infrastructures, des transports et des mobilit\u00e9s\u00a0(DGITM), cette licence est l\u2019une des autorisations indispensables pour exercer une activit\u00e9 de transport ferroviaire en France.<\/p>\n<p>Nouvelle compagnie, Velvet veut concurrencer la SNCF sur les lignes \u00e0 grande vitesse entre Paris, Bordeaux, Angers, Nantes et Rennes. Le premier train complet a \u00e9t\u00e9 d\u00e9voil\u00e9 le 22\u00a0avril 2026, \u00e0 La Rochelle. Les neuf voitures ont \u00e9t\u00e9 fabriqu\u00e9es dans cette m\u00eame ville et les deux motrices \u00e0 Belfort dans les ateliers d\u2019Alstom.<\/p>\n<p>Au printemps dernier, les dirigeants de Velvet avaient annonc\u00e9 que les premi\u00e8res rames circuleront dans le courant de l\u2019ann\u00e9e 2028 sur l\u2019axe Paris-Bordeaux. Les autres trains seront ensuite livr\u00e9s au rythme d\u2019un par mois. \u00ab\u00a0Permettant ainsi d\u2019assurer une desserte sur les autres lignes d\u00e8s 2029\u00a0\u00bb, avait pr\u00e9cis\u00e9 Tim Jackson, cofondateur de Velvet.<\/p>\n<p>Pour les voyageurs, il faudra attendre donc encore un peu pour conna\u00eetre le cadencement et les prix des billets.<\/p>\n<p>\u00a0<\/p>\n","protected":false},"excerpt":{"rendered":"La compagnie ferroviaire priv\u00e9e Velvet annonce ce mardi 1er\u00a0septembre 2026 avoir obtenu sa licence d\u2019exploitation sur le r\u00e9seau&hellip;\n","protected":false},"author":2,"featured_media":1160920,"comment_status":"","ping_status":"","sticky":false,"template":"","format":"standard","meta":{"footnotes":"","_share_on_mastodon":"0"},"categories":[2821],"tags":[11854,1111,11,829,23486,1777,674,8390,1011,27,37739,12,2043,626,584,25,6689,6827,9693],"class_list":["post-1160919","post","type-post","status-publish","format-standard","has-post-thumbnail","category-rennes","tag-11854","tag-actu","tag-actualites","tag-bretagne","tag-compagnie","tag-eu","tag-europe","tag-ferroviaire","tag-fr","tag-france","tag-horizon","tag-news","tag-nouvelle","tag-paris","tag-rennes","tag-republique-francaise","tag-roche","tag-voyager","tag-yon"],"share_on_mastodon":{"url":"https:\/\/pubeurope.com\/@fr\/117195465412593625","error":""},"_links":{"self":[{"href":"https:\/\/www.europesays.com\/fr\/wp-json\/wp\/v2\/posts\/1160919","targetHints":{"allow":["GET"]}}],"collection":[{"href":"https:\/\/www.europesays.com\/fr\/wp-json\/wp\/v2\/posts"}],"about":[{"href":"https:\/\/www.europesays.com\/fr\/wp-json\/wp\/v2\/types\/post"}],"author":[{"embeddable":true,"href":"https:\/\/www.europesays.com\/fr\/wp-json\/wp\/v2\/users\/2"}],"replies":[{"embeddable":true,"href":"https:\/\/www.europesays.com\/fr\/wp-json\/wp\/v2\/comments?post=1160919"}],"version-history":[{"count":0,"href":"https:\/\/www.europesays.com\/fr\/wp-json\/wp\/v2\/posts\/1160919\/revisions"}],"wp:featuredmedia":[{"embeddable":true,"href":"https:\/\/www.europesays.com\/fr\/wp-json\/wp\/v2\/media\/1160920"}],"wp:attachment":[{"href":"https:\/\/www.europesays.com\/fr\/wp-json\/wp\/v2\/media?parent=1160919"}],"wp:term":[{"taxonomy":"category","embeddable":true,"href":"https:\/\/www.europesays.com\/fr\/wp-json\/wp\/v2\/categories?post=1160919"},{"taxonomy":"post_tag","embeddable":true,"href":"https:\/\/www.europesays.com\/fr\/wp-json\/wp\/v2\/tags?post=1160919"}],"curies":[{"name":"wp","href":"https:\/\/api.w.org\/{rel}","templated":true}]}}