{"id":1160929,"date":"2026-09-01T11:15:37","date_gmt":"2026-09-01T11:15:37","guid":{"rendered":"https:\/\/www.europesays.com\/fr\/1160929\/"},"modified":"2026-09-01T11:15:37","modified_gmt":"2026-09-01T11:15:37","slug":"centre-de-retention-a-nantes-les-ameliorations-apportees-ne-font-pas-disparaitre-les","status":"publish","type":"post","link":"https:\/\/www.europesays.com\/fr\/1160929\/","title":{"rendered":"Centre de r\u00e9tention \u00e0 Nantes\u00a0: les am\u00e9liorations apport\u00e9es \u00ab\u00a0ne font pas dispara\u00eetre les"},"content":{"rendered":"<tr wp_automatic_readability=\"2.941935483871\">\n<td valign=\"middle\" align=\"center\" class=\"col-logo\">\n    <img decoding=\"async\" src=\"https:\/\/www.europesays.com\/fr\/wp-content\/uploads\/2026\/07\/presse-ocean.gif\" alt=\"logo Presse-Oc\u00e9an\" height=\"66\" loading=\"lazy\"\/><\/p>\n<\/td>\n<td class=\"col-titre\">\n\t\t\tMardi 01 septembre 2026 07:09<br \/>\n\t\t\t<a class=\"icon-bulle sizeL count\" href=\"#ancreAvis\"><br \/>\n\t&#8230;<br \/>\n<\/a><\/td>\n<\/tr>\n<p>\t\t<a class=\"mavillebox2 elmt-photo\" href=\"https:\/\/www.maville.com\/photosmvi\/2026\/09\/01\/P36103398D7458844G.jpg\" title=\" Une manifestation contre le projet de centre de r\u00e9tention administrative \u00e0 Nantes, le 10\u00a0mai 2024.  \u00a9  Photo archives Presse Oc\u00e9an-Thierry Butzbach  \" rel=\"galerie_actu nofollow noopener\" target=\"_blank\"><br \/>\n\t<img decoding=\"async\" src=\"https:\/\/www.europesays.com\/fr\/wp-content\/uploads\/2026\/09\/P36103398D7458844G_crop_640-330_.jpg\" alt=\"photo  une manifestation contre le projet de centre de r\u00e9tention administrative \u00e0 nantes, le 10\u00a0mai 2024.  \u00a9  photo archives presse oc\u00e9an-thierry butzbach \" loading=\"lazy\"\/><br \/>\n\t2<br \/>\n<\/a><\/p>\n<p class=\"elmt-legende\"> Une manifestation contre le projet de centre de r\u00e9tention administrative \u00e0 Nantes, le 10\u00a0mai 2024.  \u00a9  Photo archives Presse Oc\u00e9an-Thierry Butzbach  <\/p>\n<p><a class=\"mavillebox2\" href=\"https:\/\/www.maville.com\/photosmvi\/2026\/09\/01\/P36103399D7458844G.jpg\" title=\". \u00a9  Infographie Presse Oc\u00e9an \" rel=\"galerie_actu nofollow noopener\" target=\"_blank\"><\/p>\n<p>\t\tTout sauf un blanc-seing. La commission d\u2019enqu\u00eate en charge d\u2019analyser le volet environnemental du projet de centre de r\u00e9tention administrative \u00e9met de s\u00e9rieuses critiques sur le dossier. De quoi donner du grain \u00e0 moudre aux opposants ayant saisi la justice.<\/p>\n<p><b>Cet article est r\u00e9serv\u00e9 aux abonn\u00e9s<\/b><\/p>\n<p>Pour un acc\u00e8s imm\u00e9diat, abonnez-vous<\/p>\n<p><b>1er mois \u00e0 1\u20ac<\/b><\/p>\n<p>\t\t Yan Gauchard \u00a0\u00a0<br \/>\n\t\tPresse-Oc\u00e9an<\/p>\n<p>Retrouvez d&rsquo;autres actus sur la commune de :<\/p>\n","protected":false},"excerpt":{"rendered":"Mardi 01 septembre 2026 07:09 &#8230; 2 Une manifestation contre le projet de centre de r\u00e9tention administrative \u00e0&hellip;\n","protected":false},"author":2,"featured_media":1160930,"comment_status":"","ping_status":"","sticky":false,"template":"","format":"standard","meta":{"footnotes":"","_share_on_mastodon":"0"},"categories":[2818],"tags":[1111,11,109080,82838,3335,38575,1777,674,27800,7234,1011,27,766,12,2636,1095,25,6638,6689,9693],"class_list":["post-1160929","post","type-post","status-publish","format-standard","has-post-thumbnail","category-nantes","tag-actu","tag-actualites","tag-ameliorations","tag-apportees","tag-centre","tag-disparaitre","tag-eu","tag-europe","tag-faiblesses","tag-font","tag-fr","tag-france","tag-nantes","tag-news","tag-pays-de-la-loire","tag-projet","tag-republique-francaise","tag-retention","tag-roche","tag-yon"],"share_on_mastodon":{"url":"https:\/\/pubeurope.com\/@fr\/117195504136773436","error":""},"_links":{"self":[{"href":"https:\/\/www.europesays.com\/fr\/wp-json\/wp\/v2\/posts\/1160929","targetHints":{"allow":["GET"]}}],"collection":[{"href":"https:\/\/www.europesays.com\/fr\/wp-json\/wp\/v2\/posts"}],"about":[{"href":"https:\/\/www.europesays.com\/fr\/wp-json\/wp\/v2\/types\/post"}],"author":[{"embeddable":true,"href":"https:\/\/www.europesays.com\/fr\/wp-json\/wp\/v2\/users\/2"}],"replies":[{"embeddable":true,"href":"https:\/\/www.europesays.com\/fr\/wp-json\/wp\/v2\/comments?post=1160929"}],"version-history":[{"count":0,"href":"https:\/\/www.europesays.com\/fr\/wp-json\/wp\/v2\/posts\/1160929\/revisions"}],"wp:featuredmedia":[{"embeddable":true,"href":"https:\/\/www.europesays.com\/fr\/wp-json\/wp\/v2\/media\/1160930"}],"wp:attachment":[{"href":"https:\/\/www.europesays.com\/fr\/wp-json\/wp\/v2\/media?parent=1160929"}],"wp:term":[{"taxonomy":"category","embeddable":true,"href":"https:\/\/www.europesays.com\/fr\/wp-json\/wp\/v2\/categories?post=1160929"},{"taxonomy":"post_tag","embeddable":true,"href":"https:\/\/www.europesays.com\/fr\/wp-json\/wp\/v2\/tags?post=1160929"}],"curies":[{"name":"wp","href":"https:\/\/api.w.org\/{rel}","templated":true}]}}