{"id":116093,"date":"2025-05-21T05:39:14","date_gmt":"2025-05-21T05:39:14","guid":{"rendered":"https:\/\/www.europesays.com\/fr\/116093\/"},"modified":"2025-05-21T05:39:14","modified_gmt":"2025-05-21T05:39:14","slug":"mon-aventure-a-ete-authentique-comme-moi-estime-nais-eliminee","status":"publish","type":"post","link":"https:\/\/www.europesays.com\/fr\/116093\/","title":{"rendered":"\u00ab\u00a0Mon aventure a \u00e9t\u00e9 authentique, comme moi\u00a0\u00bb, estime Na\u00efs, \u00e9limin\u00e9e"},"content":{"rendered":"<p>Un coup de massue s\u2019abat sur \u00ab\u00a0<a href=\"https:\/\/www.20minutes.fr\/television\/koh_lanta\/diaporama-4137126-koh-lanta-revanche-4-terres-candidats-nouvelle-saison#d1198088\" class=\"color-ultramarine c-link\" target=\"_blank\" rel=\"noopener\">Koh-Lanta, la revanche des 4 terres<\/a>\u00a0\u00bb. Na\u00efs, ancienne membre de la tribu bleue, <a href=\"https:\/\/www.20minutes.fr\/arts-stars\/television\/koh_lanta\/4134614-20250204-koh-lanta-region-allez-soutenir-nouvelle-saison\" class=\"color-ultramarine c-link\" target=\"_blank\" rel=\"noopener\">repr\u00e9sentant le sud de la France<\/a>, a \u00e9t\u00e9 \u00e9limin\u00e9e \u00e0 l\u2019issue de l\u2019\u00e9pisode diffus\u00e9 ce mardi soir sur <a href=\"https:\/\/www.20minutes.fr\/dossier\/tf1\" class=\"color-ultramarine c-link\" target=\"_blank\" rel=\"noopener\">TF1<\/a>. Elle doit sa sortie \u00e0 la volte-face de Maxime lors du conseil et au collier d\u2019immunit\u00e9 surprise de Ga\u00eblle. Dans sa chute, l\u2019aventuri\u00e8re entra\u00eene son camarade Pierre-Marie, le Dr\u00f4mois, son bin\u00f4me des \u00ab\u00a0destins li\u00e9s\u00a0\u00bb.<\/p>\n<p>La Marseillaise de 25 ans, \u00e9ducatrice sp\u00e9cialis\u00e9e, \u00e9tait l\u2019une des candidates embl\u00e9matiques de la saison. Tr\u00e8s performante sur les \u00e9preuves mais jug\u00e9e trop passive sur le camp par certains aventuriers, Na\u00efs a marqu\u00e9 les t\u00e9l\u00e9spectateurs avec son caract\u00e8re entier, ses r\u00e9pliques et son amour revendiqu\u00e9 pour la cit\u00e9 phoc\u00e9enne. Elle a r\u00e9pondu aux questions de 20 Minutes.<\/p>\n<p>Comment avez-vous v\u00e9cu votre \u00e9limination\u00a0?<\/p>\n<p>Je m\u2019y \u00e9tais pr\u00e9par\u00e9e mentalement et bien en amont parce que je savais tr\u00e8s bien que je ne pouvais pas compter sur Maxime. Mais c\u2019est toujours triste et d\u00e9cevant de partir aussi proche du but.<\/p>\n<p>Saviez-vous donc que Maxime allait vous trahir\u00a0?<\/p>\n<p>Non, je ne savais pas mais j\u2019avais des doutes. Quand on joue avec un pion qui n\u2019est pas fiable, on pr\u00e9f\u00e8re se pr\u00e9parer. Au vu de la situation, je n\u2019avais pas d\u2019autres issues pour m\u2019en sortir. Les cartes \u00e9taient dans ses mains et quand c\u2019est comme \u00e7a, on ne peut pas faire autrement.<\/p>\n<p>Avez-vous vu son vote contre vous comme une trahison\u00a0?<\/p>\n<p>Bien s\u00fbr que je l\u2019ai v\u00e9cu comme une trahison dans le sens o\u00f9 il joue sur les deux tableaux. Il nous dit qu\u2019il joue pour nous et au final, il nous la met \u00e0 l\u2019envers. Mais bon, avec du recul, \u00e9tant une personne tr\u00e8s joueuse, je reconnais qu\u2019il a bien jou\u00e9.<\/p>\n<p>Avez-vous culpabilis\u00e9 d\u2019avoir entra\u00een\u00e9 avec vous Pierre-Marie, votre bin\u00f4me des \u00ab\u00a0destins li\u00e9s\u00a0\u00bb\u00a0?<\/p>\n<p>Oui et non parce que finalement c\u2019est une vengeance de Maxime par rapport \u00e0 Pierre-Marie [le candidat a particip\u00e9 \u00e0 <a href=\"https:\/\/www.20minutes.fr\/arts-stars\/television\/koh_lanta\/4148694-20250415-koh-lanta-porter-dossard-capitaine-aller-ambassadeurs-regrette-maxime\" class=\"color-ultramarine c-link\" target=\"_blank\" rel=\"noopener\">son \u00e9viction lors des Ambassadeurs<\/a>]. Donc ce n\u2019est pas forc\u00e9ment de ma faute, m\u00eame si j\u2019ai \u00e9t\u00e9 la cible premi\u00e8re, on ne va pas se mentir. J\u2019ai toujours \u00e9t\u00e9 la t\u00eate \u00e0 abattre chez les bleus. \u00c7a n\u2019a donc pas jou\u00e9 en la faveur de Pierre-Marie de se retrouver en bin\u00f4me avec moi. Mais sur ce coup-l\u00e0, moi non plus.<\/p>\n<p>\u00c9tiez-vous finalement les deux cibles \u00e0 abattre\u00a0?<\/p>\n<p>Maxime a fait d\u2019une pierre, deux coups. On ne peut pas se le cacher, il a bien jou\u00e9. Apr\u00e8s, \u00e7a reste un tra\u00eetre. Je n\u2019avais pas envie de partir \u00e0 ce moment-l\u00e0. Je voulais tout faire pour rester. Je me voyais aller loin. J\u2019avais encore de l\u2019\u00e9nergie quand d\u2019autres faisaient des malaises. Bien s\u00fbr que je l\u2019ai mauvaise.<\/p>\n<p>Votre nom circulait tr\u00e8s r\u00e9guli\u00e8rement avant les conseils. Est-ce que vous aviez l\u2019impression d\u2019\u00eatre sans cesse sur la sellette\u00a0?<\/p>\n<p>Tout le temps. Quoi qu\u2019il arrive, m\u00eame \u00e0 partir du moment o\u00f9 j\u2019ai d\u00e9cid\u00e9 de changer, je me suis bien rendu compte que je resterais la cible \u00e0 abattre, peu importent mes efforts.<\/p>\n<p>Pour quelle raison\u00a0?<\/p>\n<p>La raison, je ne la connais pas. Ils ne sont pas venus me le dire en face. Je n\u2019en ai aucune id\u00e9e.<\/p>\n<p>Certains aventuriers vous trouvaient indolente et peu active sur le camp. Avez-vous l\u2019impression d\u2019avoir \u00e9t\u00e9 jug\u00e9e un peu \u00e0 la h\u00e2te\u00a0?<\/p>\n<p>Oui, c\u2019est ce que je voulais souligner. Je suis honn\u00eate et je reconnais qu\u2019au d\u00e9but de l\u2019aventure je n\u2019\u00e9tais pas la plus active, je ne faisais pas grand-chose. Je n\u2019avais pas envie de faire d\u2019efforts parce que je n\u2019avais pas d\u2019affinit\u00e9s avec eux et je savais tr\u00e8s bien comment ils parlaient de moi et ce qu\u2019ils pensaient. Je ressens beaucoup les choses, je suis une personne hypersensible. Mais il y a eu un moment o\u00f9 mon aventure a pris un tournant et \u00e0 ce moment-l\u00e0, je n\u2019en faisais pas moins que C\u00e9line ou No\u00e9mie sur le camp. Mais c\u2019\u00e9tait un pr\u00e9texte pour eux, ils s\u2019y sont engouffr\u00e9s pour se donner une raison.<\/p>\n<p>Dans une s\u00e9quence, J\u00e9r\u00f4me, candidat du sud-ouest [dans l\u2019\u00e9quipe adverse] d\u00e9couvre une nouvelle facette de vous et souligne votre courage. Cela vous a-t-il fait plaisir qu\u2019un aventurier reconnaisse votre valeur\u00a0?<\/p>\n<p>\u00c7a m\u2019a fait \u00e9norm\u00e9ment plaisir. De mon c\u00f4t\u00e9, j\u2019avais mes alli\u00e9s qui savaient exactement qui j\u2019\u00e9tais, voyaient mes efforts et ce que je faisais r\u00e9ellement. Que le c\u00f4t\u00e9 adverse s\u2019en rende finalement compte et l\u2019admette, \u00e7a m\u2019a fait beaucoup du bien.<\/p>\n<\/p>\n<p>Vous \u00eates marseillaise et vous portez un amour immense \u00e0 votre ville. La repr\u00e9senter dans ce jeu, c\u2019\u00e9tait une fiert\u00e9 particuli\u00e8re\u00a0?<\/p>\n<p>Je suis tellement fi\u00e8re de mon parcours et d\u2019avoir repr\u00e9sent\u00e9 ma ville comme je l\u2019ai fait. D\u2019autant plus lorsque je marche dans la rue et que l\u2019on me dit\u00a0: \u00ab\u00a0Na\u00efs, tu nous as repr\u00e9sent\u00e9s, t\u2019as assur\u00e9, on t\u2019aime trop\u00a0!\u00a0\u00bb La fiert\u00e9 est au plus haut point. Et puis, on m\u2019a choisie pour <a href=\"https:\/\/www.20minutes.fr\/marseille\/\" class=\"color-ultramarine c-link\" target=\"_blank\" rel=\"noopener\">Marseille<\/a>, c\u2019est beau.<\/p>\n<p>Qu\u2019aimez-vous dans votre ville\u00a0?<\/p>\n<p>Ce que j\u2019aime, c\u2019est que Marseille a une identit\u00e9 \u00e0 part. D\u2019ailleurs, vous m\u2019avez demand\u00e9 pourquoi dans le jeu on voulait m\u2019\u00e9liminer. Je pense que d\u00e8s le d\u00e9but, la premi\u00e8re r\u00e9ponse, c\u2019est qu\u2019on est diff\u00e9rent. On le constate instantan\u00e9ment, \u00e0 partir du moment o\u00f9 on ouvre la bouche, on voit direct qu\u2019il y a une diff\u00e9rence avec l\u2019accent. On ne peut pas le cacher, et en plus de \u00e7a, on a une mentalit\u00e9 \u00e0 nous. Marseille, c\u2019est Marseille.<\/p>\n<p>Vous semblez aussi \u00eatre une grande fan de Jul, l\u2019un des ambassadeurs de Marseille, vous reprenez notamment son c\u00e9l\u00e8bre signe apr\u00e8s une victoire. Est-ce le cas\u00a0?<\/p>\n<p>Je suis une grande fan de <a href=\"https:\/\/www.20minutes.fr\/dossier\/jul\" class=\"color-ultramarine c-link\" target=\"_blank\" rel=\"noopener\">Jul<\/a> depuis toujours. J\u2019aime les valeurs qu\u2019il porte dans ses textes. Cette victoire a \u00e9t\u00e9 double dans le sens o\u00f9 j\u2019ai gagn\u00e9 mon \u00e9preuve et j\u2019ai pu faire ce signe. C\u2019est quelque chose que j\u2019avais dans la t\u00eate, je me disais que je le ferais si je gagnais. J\u2019en ai eu l\u2019occasion, j\u2019ai gagn\u00e9 deux \u00e9preuves individuelles, j\u2019ai de la chance et je m\u00e9rite, on va dire.<\/p>\n<p>Apr\u00e8s le d\u00e9part de votre co\u00e9quipi\u00e8re Jessica, vous prononcez cette phrase\u00a0: \u00ab\u00a0Elle n\u2019a pas tir\u00e9 dans la cible mais elle a tir\u00e9 dans mon c\u0153ur\u00a0\u00bb. Une r\u00e9plique digne des paroles de Jul selon des internautes. Ce serait une cons\u00e9cration de la retrouver dans l\u2019une de ses chansons\u00a0?<\/p>\n<p>Ah, ce serait quelque chose\u00a0! Ce serait magnifique.<\/p>\n<p>\u00c9coutez, je suis en attente, l\u00e0. Normalement, oui, mais je n\u2019ai pas encore eu de confirmation.<\/p>\n<p>Votre vie est-elle diff\u00e9rente depuis votre participation \u00e0 \u00ab\u00a0Koh-Lanta\u00a0\u00bb\u00a0?<\/p>\n<p>\u00c7a a chang\u00e9 quelque chose en moi parce que j\u2019\u00e9tais une fille qui avait du mal avec le c\u00f4t\u00e9 social. Et l\u00e0, me retrouver apr\u00e8s \u00ab\u00a0Koh-Lanta\u00a0\u00bb, me faire aborder, arr\u00eater, quand je sors le soir, la journ\u00e9e, au travail\u2026 Partout, je suis reconnue\u00a0! Automatiquement, \u00e7a me force \u00e0 m\u2019ouvrir aux gens. On va dire que je suis un peu moins sauvage, parce que c\u2019est le terme qui me correspondait quand je me suis vue \u00e0 la t\u00e9l\u00e9. \u00c7a a beaucoup chang\u00e9 ma vie. Apr\u00e8s, je suis toujours la m\u00eame personne.<\/p>\n<p>Si c\u2019\u00e9tait \u00e0 refaire, vous feriez la m\u00eame chose\u00a0?<\/p>\n<p>Si je devais la refaire, je ne la changerais pas. Mon aventure \u00ab\u00a0Koh-Lanta\u00a0\u00bb a \u00e9t\u00e9 authentique, v\u00e9ritable, comme moi. Je suis rest\u00e9e fid\u00e8le \u00e0 moi-m\u00eame. Par contre, une deuxi\u00e8me aventure, ce serait une autre Na\u00efs.<\/p>\n","protected":false},"excerpt":{"rendered":"Un coup de massue s\u2019abat sur \u00ab\u00a0Koh-Lanta, la revanche des 4 terres\u00a0\u00bb. Na\u00efs, ancienne membre de la tribu&hellip;\n","protected":false},"author":2,"featured_media":116094,"comment_status":"","ping_status":"","sticky":false,"template":"","format":"standard","meta":{"footnotes":""},"categories":[1356],"tags":[885,681,58,4739,59,1011,27,1279,680,884,883,882,252,199,1364],"class_list":{"0":"post-116093","1":"post","2":"type-post","3":"status-publish","4":"format-standard","5":"has-post-thumbnail","7":"category-television","8":"tag-bouches-du-rhone","9":"tag-denis-brogniart","10":"tag-divertissement","11":"tag-emission-de-television","12":"tag-entertainment","13":"tag-fr","14":"tag-france","15":"tag-jul","16":"tag-koh-lanta","17":"tag-marseille","18":"tag-paca","19":"tag-provence-alpes-cote-dazur","20":"tag-television","21":"tag-tf1","22":"tag-tv"},"share_on_mastodon":{"url":"https:\/\/pubeurope.com\/@fr\/114544218206938174","error":""},"_links":{"self":[{"href":"https:\/\/www.europesays.com\/fr\/wp-json\/wp\/v2\/posts\/116093","targetHints":{"allow":["GET"]}}],"collection":[{"href":"https:\/\/www.europesays.com\/fr\/wp-json\/wp\/v2\/posts"}],"about":[{"href":"https:\/\/www.europesays.com\/fr\/wp-json\/wp\/v2\/types\/post"}],"author":[{"embeddable":true,"href":"https:\/\/www.europesays.com\/fr\/wp-json\/wp\/v2\/users\/2"}],"replies":[{"embeddable":true,"href":"https:\/\/www.europesays.com\/fr\/wp-json\/wp\/v2\/comments?post=116093"}],"version-history":[{"count":0,"href":"https:\/\/www.europesays.com\/fr\/wp-json\/wp\/v2\/posts\/116093\/revisions"}],"wp:featuredmedia":[{"embeddable":true,"href":"https:\/\/www.europesays.com\/fr\/wp-json\/wp\/v2\/media\/116094"}],"wp:attachment":[{"href":"https:\/\/www.europesays.com\/fr\/wp-json\/wp\/v2\/media?parent=116093"}],"wp:term":[{"taxonomy":"category","embeddable":true,"href":"https:\/\/www.europesays.com\/fr\/wp-json\/wp\/v2\/categories?post=116093"},{"taxonomy":"post_tag","embeddable":true,"href":"https:\/\/www.europesays.com\/fr\/wp-json\/wp\/v2\/tags?post=116093"}],"curies":[{"name":"wp","href":"https:\/\/api.w.org\/{rel}","templated":true}]}}