{"id":1160949,"date":"2026-09-01T11:31:21","date_gmt":"2026-09-01T11:31:21","guid":{"rendered":"https:\/\/www.europesays.com\/fr\/1160949\/"},"modified":"2026-09-01T11:31:21","modified_gmt":"2026-09-01T11:31:21","slug":"lyon-8e-lfi-propose-une-police-sans-arme-letale-la-legalisation-du-cannabis-et-des-espaces-pour-les-barbecues","status":"publish","type":"post","link":"https:\/\/www.europesays.com\/fr\/1160949\/","title":{"rendered":"Lyon 8e : LFI propose une police sans arme l\u00e9tale, la l\u00e9galisation du cannabis et des espaces pour les barbecues"},"content":{"rendered":"<p>La France insoumise Lyon 8 veut remettre les questions sociales au centre du d\u00e9bat sur la s\u00e9curit\u00e9 dans le quartier des \u00c9tats-Unis.<\/p>\n<p>Le mouvement revient sur les \u00ab\u00a0fusillades, bagarres, conflits autour de l\u2019occupation de l\u2019espace public\u00a0\u00bb survenus ces derniers mois et expose ses propositions sur le trafic de drogue, la consommation, la pr\u00e9sence polici\u00e8re ou encore les barbecues dans l\u2019espace public.<\/p>\n<p>LFI veut cibler \u00ab\u00a0les t\u00eates de r\u00e9seaux\u00a0\u00bb et l\u00e9galiser le cannabis<\/p>\n<p>Sur le trafic de stup\u00e9fiants, LFI Lyon 8 estime que l\u2019action publique doit prioritairement viser les organisations criminelles.<\/p>\n<p>La section d&rsquo;arrondissement propose de \u00ab\u00a0concentrer les moyens sur les t\u00eates de r\u00e9seaux plut\u00f4t que sur les consommateurs ou les petits revendeurs \u00bb en renfor\u00e7ant notamment \u00ab les enqu\u00eates judiciaires, financi\u00e8res et patrimoniales\u00a0\u00bb.<\/p>\n<p>Il d\u00e9fend \u00e9galement une \u00e9volution radicale de la politique en mati\u00e8re de stup\u00e9fiants : \u00ab\u00a0l\u00e9galisation du cannabis et sortie de la logique r\u00e9pressive par des r\u00e9ponses sanitaires et sociales\u00a0\u00bb.<\/p>\n<p>LFI r\u00e9clame parall\u00e8lement davantage de moyens dans les quartiers populaires pour les services publics, les structures sociales et la pr\u00e9vention, ainsi que des rencontres avec les habitants apr\u00e8s les \u00e9pisodes violents.<\/p>\n<p>Une \u00ab\u00a0police de proximit\u00e9, sans arme l\u00e9tale\u00a0\u00bb<\/p>\n<p>La France insoumise rejette en revanche plusieurs r\u00e9ponses s\u00e9curitaires d\u00e9fendues par ses adversaires politiques.<\/p>\n<p>Sur la vid\u00e9osurveillance, le mouvement affirme qu\u2019elle serait \u00ab\u00a0inefficace puisqu\u2019elle ne r\u00e9sout que 3% des affaires\u00a0\u00bb.<\/p>\n<p>Concernant la pr\u00e9sence polici\u00e8re, le mouvement explique vouloir \u00ab\u00a0une police de proximit\u00e9, sans arme l\u00e9tale, rassurante\u00a0\u00bb. Il d\u00e9nonce aussi ce qu\u2019il qualifie de \u00ab\u00a0contr\u00f4les au faci\u00e8s abusifs et racistes\u00a0\u00bb dans le quartier, notamment \u00e0 l\u2019encontre de mineurs.<\/p>\n<p>Le mouvement pr\u00e9f\u00e8re \u00e9galement le recours \u00e0 des m\u00e9diateurs et le renforcement des structures sociales \u00e0 la cr\u00e9ation d\u2019une brigade de tranquillit\u00e9 publique.<\/p>\n<p>Des espaces l\u00e9gaux pour les barbecues<\/p>\n<p>LFI Lyon 8 consacre aussi une partie de son texte aux rassemblements et barbecues dans l\u2019espace public, qu\u2019il refuse de qualifier syst\u00e9matiquement d\u2019\u00a0\u00bbincivilit\u00e9s\u00a0\u00bb.<\/p>\n<p>\u00ab\u00a0Organiser une f\u00eate n\u2019est pas une \u201cincivilit\u00e9\u201d, au contraire cela participe \u00e0 faire vivre le quartier. Ces pratiques doivent \u00eatre accept\u00e9es et encadr\u00e9es, pas r\u00e9prim\u00e9es\u00a0\u00bb, affirme le mouvement.<\/p>\n<p>Parmi ses propositions figurent la cr\u00e9ation d\u2019espaces l\u00e9gaux avec une heure de fin pour limiter les nuisances, l\u2019am\u00e9nagement de lieux similaires dans d\u2019autres quartiers, la m\u00e9diation entre riverains et participants, ainsi que la prise en compte de l\u2019isolation sonore lors de r\u00e9novations de logements, notamment sociaux.<\/p>\n<p>Le mouvement r\u00e9clame enfin \u00ab\u00a0plus de moyens pour le quartier des \u00c9tats-Unis\u00a0\u00bb, qu\u2019il estime \u00ab\u00a0laiss\u00e9 \u00e0 l\u2019abandon depuis des dizaines d\u2019ann\u00e9es\u00a0\u00bb, et met en cause la responsabilit\u00e9 de l\u2019\u00c9tat et des municipalit\u00e9s dans ce qu\u2019il qualifie d\u2019\u00a0\u00bbabandon social et \u00e9conomique\u00a0\u00bb.<\/p>\n","protected":false},"excerpt":{"rendered":"La France insoumise Lyon 8 veut remettre les questions sociales au centre du d\u00e9bat sur la s\u00e9curit\u00e9 dans&hellip;\n","protected":false},"author":2,"featured_media":1160950,"comment_status":"","ping_status":"","sticky":false,"template":"","format":"standard","meta":{"footnotes":"","_share_on_mastodon":"0"},"categories":[1889],"tags":[1111,11,2813,2190,2430,1109,251,1112,2811,1777,674,118,1011,27,1922,1110,1114,2428,2810,12,241,316,25,2812,517,800],"class_list":["post-1160949","post","type-post","status-publish","format-standard","has-post-thumbnail","category-lyon","tag-actu","tag-actualites","tag-article","tag-asvel","tag-auvergne-rhone-alpes","tag-breves","tag-culture","tag-depeches","tag-economique","tag-eu","tag-europe","tag-faits-divers","tag-fr","tag-france","tag-info","tag-informations","tag-infos","tag-lyon","tag-lyonmag","tag-news","tag-ol","tag-politique","tag-republique-francaise","tag-sociale","tag-sport","tag-transports"],"share_on_mastodon":{"url":"https:\/\/pubeurope.com\/@fr\/117195563768588403","error":""},"_links":{"self":[{"href":"https:\/\/www.europesays.com\/fr\/wp-json\/wp\/v2\/posts\/1160949","targetHints":{"allow":["GET"]}}],"collection":[{"href":"https:\/\/www.europesays.com\/fr\/wp-json\/wp\/v2\/posts"}],"about":[{"href":"https:\/\/www.europesays.com\/fr\/wp-json\/wp\/v2\/types\/post"}],"author":[{"embeddable":true,"href":"https:\/\/www.europesays.com\/fr\/wp-json\/wp\/v2\/users\/2"}],"replies":[{"embeddable":true,"href":"https:\/\/www.europesays.com\/fr\/wp-json\/wp\/v2\/comments?post=1160949"}],"version-history":[{"count":0,"href":"https:\/\/www.europesays.com\/fr\/wp-json\/wp\/v2\/posts\/1160949\/revisions"}],"wp:featuredmedia":[{"embeddable":true,"href":"https:\/\/www.europesays.com\/fr\/wp-json\/wp\/v2\/media\/1160950"}],"wp:attachment":[{"href":"https:\/\/www.europesays.com\/fr\/wp-json\/wp\/v2\/media?parent=1160949"}],"wp:term":[{"taxonomy":"category","embeddable":true,"href":"https:\/\/www.europesays.com\/fr\/wp-json\/wp\/v2\/categories?post=1160949"},{"taxonomy":"post_tag","embeddable":true,"href":"https:\/\/www.europesays.com\/fr\/wp-json\/wp\/v2\/tags?post=1160949"}],"curies":[{"name":"wp","href":"https:\/\/api.w.org\/{rel}","templated":true}]}}