{"id":1160957,"date":"2026-09-01T11:40:17","date_gmt":"2026-09-01T11:40:17","guid":{"rendered":"https:\/\/www.europesays.com\/fr\/1160957\/"},"modified":"2026-09-01T11:40:17","modified_gmt":"2026-09-01T11:40:17","slug":"aston-villa-realise-un-transfert-senegalais-historique-en-provenance-de-paris","status":"publish","type":"post","link":"https:\/\/www.europesays.com\/fr\/1160957\/","title":{"rendered":"Aston Villa r\u00e9alise un transfert s\u00e9n\u00e9galais historique en provenance de Paris"},"content":{"rendered":"<p>Aston Villa a officiellement annonc\u00e9 la signature du jeune attaquant s\u00e9n\u00e9galais Ibrahim Mbaye, en provenance du Paris Saint-Germain, dans le cadre d&rsquo;un transfert d&rsquo;une valeur de 55 millions d&rsquo;euros. Le joueur de 18 ans entame ainsi un nouveau chapitre de sa carri\u00e8re en Premier League anglaise.<\/p>\n<p>Le transfert \u00e9tait entr\u00e9 dans ses derni\u00e8res \u00e9tapes ces derniers jours, apr\u00e8s que les deux clubs se sont mis d&rsquo;accord sur le transfert du joueur, avant que Mbaye ne se rende en Angleterre pour passer sa visite m\u00e9dicale et signer son contrat avec Aston Villa.<\/p>\n<p>Mbaye rejoint Aston Villa apr\u00e8s un passage court mais riche au Paris Saint-Germain, dont il avait int\u00e9gr\u00e9 l&rsquo;acad\u00e9mie \u00e0 l&rsquo;\u00e2ge de dix ans, avant de monter en \u00e9quipe premi\u00e8re et de disputer son premier match professionnel en ao\u00fbt 2024, alors qu&rsquo;il \u00e9tait \u00e2g\u00e9 de 16 ans, 6 mois et 23 jours, devenant ainsi le plus jeune joueur \u00e0 d\u00e9buter une rencontre avec le club parisien.<\/p>\n<p>Durant son exp\u00e9rience avec Paris, l&rsquo;attaquant s\u00e9n\u00e9galais a disput\u00e9 42 matchs, au cours desquels il a inscrit 4 buts et d\u00e9livr\u00e9 45 passes d\u00e9cisives. Il a \u00e9galement remport\u00e9 plusieurs titres majeurs, dont deux Ligues des champions d&rsquo;Europe, selon les donn\u00e9es officielles du club.<\/p>\n<p>Le d\u00e9part de Mbaye du PSG intervient apr\u00e8s que ses chances d&rsquo;obtenir du temps de jeu r\u00e9gulier se sont r\u00e9duites, puisqu&rsquo;il n&rsquo;a disput\u00e9 aucune minute avec l&rsquo;\u00e9quipe depuis le d\u00e9but de la saison en cours, bien qu&rsquo;il f\u00fbt li\u00e9 au club par un contrat jusqu&rsquo;en 2028.<\/p>\n<p>Ce transfert rev\u00eat une importance particuli\u00e8re pour le Paris Saint-Germain, Mbaye \u00e9tant l&rsquo;un des plus illustres dipl\u00f4m\u00e9s de l&rsquo;acad\u00e9mie du club. Des rapports indiquent par ailleurs que cette op\u00e9ration pourrait constituer la plus importante vente d&rsquo;un joueur issu du centre de formation du Paris Saint-Germain, d\u00e9passant le pr\u00e9c\u00e9dent record d\u00e9tenu par Mamadou Sakho.<\/p>\n","protected":false},"excerpt":{"rendered":"Aston Villa a officiellement annonc\u00e9 la signature du jeune attaquant s\u00e9n\u00e9galais Ibrahim Mbaye, en provenance du Paris Saint-Germain,&hellip;\n","protected":false},"author":2,"featured_media":1160958,"comment_status":"","ping_status":"","sticky":false,"template":"","format":"standard","meta":{"footnotes":"","_share_on_mastodon":"0"},"categories":[1888],"tags":[1111,1928,11,1927,784,1777,674,1011,27,66,1434,12,1926,626,445,1925,70,25,28401],"class_list":["post-1160957","post","type-post","status-publish","format-standard","has-post-thumbnail","category-paris","tag-actu","tag-actu-paris","tag-actualites","tag-actualites-paris","tag-aston-villa","tag-eu","tag-europe","tag-fr","tag-france","tag-ligue-1","tag-mercato","tag-news","tag-news-paris","tag-paris","tag-paris-fc","tag-paris-news","tag-premier-league","tag-republique-francaise","tag-transfers"],"share_on_mastodon":{"url":"https:\/\/pubeurope.com\/@fr\/117195598915820013","error":""},"_links":{"self":[{"href":"https:\/\/www.europesays.com\/fr\/wp-json\/wp\/v2\/posts\/1160957","targetHints":{"allow":["GET"]}}],"collection":[{"href":"https:\/\/www.europesays.com\/fr\/wp-json\/wp\/v2\/posts"}],"about":[{"href":"https:\/\/www.europesays.com\/fr\/wp-json\/wp\/v2\/types\/post"}],"author":[{"embeddable":true,"href":"https:\/\/www.europesays.com\/fr\/wp-json\/wp\/v2\/users\/2"}],"replies":[{"embeddable":true,"href":"https:\/\/www.europesays.com\/fr\/wp-json\/wp\/v2\/comments?post=1160957"}],"version-history":[{"count":0,"href":"https:\/\/www.europesays.com\/fr\/wp-json\/wp\/v2\/posts\/1160957\/revisions"}],"wp:featuredmedia":[{"embeddable":true,"href":"https:\/\/www.europesays.com\/fr\/wp-json\/wp\/v2\/media\/1160958"}],"wp:attachment":[{"href":"https:\/\/www.europesays.com\/fr\/wp-json\/wp\/v2\/media?parent=1160957"}],"wp:term":[{"taxonomy":"category","embeddable":true,"href":"https:\/\/www.europesays.com\/fr\/wp-json\/wp\/v2\/categories?post=1160957"},{"taxonomy":"post_tag","embeddable":true,"href":"https:\/\/www.europesays.com\/fr\/wp-json\/wp\/v2\/tags?post=1160957"}],"curies":[{"name":"wp","href":"https:\/\/api.w.org\/{rel}","templated":true}]}}