{"id":1160979,"date":"2026-09-01T11:53:14","date_gmt":"2026-09-01T11:53:14","guid":{"rendered":"https:\/\/www.europesays.com\/fr\/1160979\/"},"modified":"2026-09-01T11:53:14","modified_gmt":"2026-09-01T11:53:14","slug":"mercato-lattaquant-de-lens-odsonne-edouard-nira-pas-a-rennes-lequipe-fr","status":"publish","type":"post","link":"https:\/\/www.europesays.com\/fr\/1160979\/","title":{"rendered":"Mercato : l&#039;attaquant de Lens Odsonne \u00c9douard n&#039;ira pas \u00e0 Rennes &#8211; lequipe.fr"},"content":{"rendered":"<ol>\n<li><a href=\"https:\/\/news.google.com\/rss\/articles\/CBMimAFBVV95cUxOZzVLWEtCRUl1akphWUZhdGgxVkV5b0NqWGtCd1dvZmEyVUNnTlM1VWlLSE9HUVhaeTd0dDNYVnJoR1B4dFZSODc5enNZUkVwbWdDYXRkb2pmRnNxN0JOWnNVc1hxVHVDdW94Rjkta3VMRGFkNV85UHRkYzlocldIbmNVUVh6WnQybzE0WEpzZm5DN3R5blFDWg?oc=5\" target=\"_blank\" rel=\"nofollow noopener\">Mercato : l&rsquo;attaquant de Lens Odsonne \u00c9douard n&rsquo;ira pas \u00e0 Rennes<\/a>&nbsp;&nbsp;lequipe.fr<\/li>\n<li><a href=\"https:\/\/news.google.com\/rss\/articles\/CBMiuAFBVV95cUxOd29yVldRN3FhbUhIWDJ1RG5PZzg3UkU3RmVWdmQ4MzBNa1pmbHZpSm1Ed05mQXE3QTJNQ1ZRYngzeHZXMlpXU1RiODRqcmthTmt1TWluQmNQZGtqd0RSaGhoN3A2aHdPb08xMFdPM1d1ajVrNUFJVWF0Q1lDRWd5WnkzRGdvYU9FQXFfcmVZUzEyXzFGcDl5ZjVwczVMYzY5WEdnOXZBQWhFR2MxcW1vd2NkNHJNblpL?oc=5\" target=\"_blank\" rel=\"nofollow noopener\">Odsonne Edouard a refus\u00e9 Rennes, qui a boucl\u00e9 l\u2019arriv\u00e9e de Boulaye Dia<\/a>&nbsp;&nbsp;footmercato.net<\/li>\n<li><a href=\"https:\/\/news.google.com\/rss\/articles\/CBMiqgJBVV95cUxPLWJmVTVJU0I3WU9XYi03RUp0Y01EQi1nZm42aUZLcjkyRWk3bzljUjFfYmp2dHYydHVzVnRnNlNWYmVDYjctOG9GbTBnSlRYTEt3NHhLVjIzU2pNV1FtM285Unk2M0YzakN4cnRmOXZISFBlWmZBNDF3bkVzak9kdTVUeFRXMDV6Q0JWOEVUckJMMkVZdF9zSWRPamtTTjNIVHlVd2k5ak4tVlZVaVVDVzgxbWRYdURGR25ZQzRyNGw3Ny1xd3lac2w3aFY4eWptVHc1V2pHVHJJNEtTb01ldC1ZZWJfRHRxNXVvNTNkRnZMemkwQ3M0VmV4MjNDZmd1YjlqVjIzVDdOcHRqQW5FZ1hJTGV6QUN2MVRfOU4wSDB2M1k3eS1QZ0RB?oc=5\" target=\"_blank\" rel=\"nofollow noopener\">Stade Rennais. Boulaye Dia arrive en attaque, \u00e0 quoi vont ressembler les derni\u00e8res heures du mercato \u00e0 Rennes ?<\/a>&nbsp;&nbsp;Ouest-France<\/li>\n<li><a href=\"https:\/\/news.google.com\/rss\/articles\/CBMiowFBVV95cUxQRGJVMVAwR1VNTnBuZWtnWnpzY0NiQnItd0hvblQ2SzVXZ1NzWThjTDU5NDhTVDl3TXBKNUNNWkZGOUdNUzBjMTdKdldxN3JyTXFLaE5DZ3l0Mnl5eHBVbFFOLV8zSVVITFZLckdaTFNlaFVDWUF4M2oyeGJsTDh0eDFKWjBGa1F2UHBkOXE1Q1VqYXByYkRGU0VpSU5DLUlQZ0lj?oc=5\" target=\"_blank\" rel=\"nofollow noopener\">Odsonne \u00c9douard a pris sa d\u00e9cision pour son avenir &#8211; France &#8211; Lens<\/a>&nbsp;&nbsp;SO FOOT.com<\/li>\n<li><a href=\"https:\/\/news.google.com\/rss\/articles\/CBMi6wFBVV95cUxORnNHaVg2LWotWGF1SmFRS0VJSk5yU05VdEU1Sm9JWS0xbEZBcU1lY2lVVm9HZHBLSE1UeVZKczR2cDM5RnVFY3N4Z2QzQ1dLODZrMDNKbXpBTGJieWdVRDhDdlgxcEMtTnE3Y3UxVWRYZXNGVnZSSTMzSjFKYnpaLVZBYzB4bExlaTZDMFMyYlowSVZlMDh6OV9oVWNGTy1Hcm93OVpfYUlGak5JbG9UNXBtSG9KLW0tMGlJUHcyZGZtVjdlNXQySFFpcThLU3RqTjlaVWl0dmRGdW1MbGk4c0ZaOU4xZlg2amNz?oc=5\" target=\"_blank\" rel=\"nofollow noopener\">Mercato : Rennes active aussi la piste du Lensois Odsonne \u00c9douard<\/a>&nbsp;&nbsp;Le Parisien<\/li>\n<\/ol>\n","protected":false},"excerpt":{"rendered":"Mercato : l&rsquo;attaquant de Lens Odsonne \u00c9douard n&rsquo;ira pas \u00e0 Rennes&nbsp;&nbsp;lequipe.fr Odsonne Edouard a refus\u00e9 Rennes, qui a&hellip;\n","protected":false},"author":2,"featured_media":1160980,"comment_status":"","ping_status":"","sticky":false,"template":"","format":"standard","meta":{"footnotes":"","_share_on_mastodon":"0"},"categories":[2],"tags":[11,86760,63,1011,27,4253,87252,12,71176,584,25,33137],"class_list":["post-1160979","post","type-post","status-publish","format-standard","has-post-thumbnail","category-actualites","tag-actualites","tag-actus-et-infos","tag-football","tag-fr","tag-france","tag-lens","tag-loic-tanzi","tag-news","tag-odsonne-edouard","tag-rennes","tag-republique-francaise","tag-transferts-football"],"share_on_mastodon":{"url":"https:\/\/pubeurope.com\/@fr\/117195650473556656","error":""},"_links":{"self":[{"href":"https:\/\/www.europesays.com\/fr\/wp-json\/wp\/v2\/posts\/1160979","targetHints":{"allow":["GET"]}}],"collection":[{"href":"https:\/\/www.europesays.com\/fr\/wp-json\/wp\/v2\/posts"}],"about":[{"href":"https:\/\/www.europesays.com\/fr\/wp-json\/wp\/v2\/types\/post"}],"author":[{"embeddable":true,"href":"https:\/\/www.europesays.com\/fr\/wp-json\/wp\/v2\/users\/2"}],"replies":[{"embeddable":true,"href":"https:\/\/www.europesays.com\/fr\/wp-json\/wp\/v2\/comments?post=1160979"}],"version-history":[{"count":0,"href":"https:\/\/www.europesays.com\/fr\/wp-json\/wp\/v2\/posts\/1160979\/revisions"}],"wp:featuredmedia":[{"embeddable":true,"href":"https:\/\/www.europesays.com\/fr\/wp-json\/wp\/v2\/media\/1160980"}],"wp:attachment":[{"href":"https:\/\/www.europesays.com\/fr\/wp-json\/wp\/v2\/media?parent=1160979"}],"wp:term":[{"taxonomy":"category","embeddable":true,"href":"https:\/\/www.europesays.com\/fr\/wp-json\/wp\/v2\/categories?post=1160979"},{"taxonomy":"post_tag","embeddable":true,"href":"https:\/\/www.europesays.com\/fr\/wp-json\/wp\/v2\/tags?post=1160979"}],"curies":[{"name":"wp","href":"https:\/\/api.w.org\/{rel}","templated":true}]}}