{"id":1160983,"date":"2026-09-01T11:56:16","date_gmt":"2026-09-01T11:56:16","guid":{"rendered":"https:\/\/www.europesays.com\/fr\/1160983\/"},"modified":"2026-09-01T11:56:16","modified_gmt":"2026-09-01T11:56:16","slug":"yvelines-le-golf-national-rouvre-aujourdhui-son-mythique-albatros-apres-deux-ans-de-travaux","status":"publish","type":"post","link":"https:\/\/www.europesays.com\/fr\/1160983\/","title":{"rendered":"Yvelines\u00a0: Le Golf national rouvre aujourd\u2019hui son mythique Albatros apr\u00e8s deux ans de travaux"},"content":{"rendered":"<p>Le Golf national de Guyancourt (<a href=\"https:\/\/www.20minutes.fr\/societe\/yvelines\/\" target=\"_blank\" class=\"c-link c-link--is-underlined\" rel=\"nofollow noopener\">Yvelines<\/a>) retrouve aujourd\u2019hui son parcours le plus c\u00e9l\u00e8bre. Ferm\u00e9 pendant deux ans \u00e0 cause du chantier de la ligne 18 du <a href=\"https:\/\/www.20minutes.fr\/paris\/4231251-20260625-grand-paris-express-mise-services-lignes-15-18-metro-nouveau-retardee\" target=\"_blank\" class=\"c-link c-link--is-underlined\" rel=\"nofollow noopener\">Grand Paris Express<\/a>, l\u2019Albatros accueille de nouveau les golfeurs. Selon <a href=\"https:\/\/www.leparisien.fr\/yvelines-78\/yvelines-avec-son-nouvel-albatros-le-golf-national-pret-pour-accueillir-la-ryder-cup-feminine-31-08-2026-5IBZ4EBCGZF4FGM7IIYK32JSWE.php\" rel=\"nofollow noopener\" target=\"_blank\" class=\"c-link c-link--is-underlined\">Le Parisien<\/a>, neuf trous ont \u00e9t\u00e9 modifi\u00e9s, dont trois d\u00e9plac\u00e9s, pour adapter le trac\u00e9 au passage du futur m\u00e9tro.<\/p>\n<p>Cette r\u00e9ouverture ouvre une nouvelle \u00e9tape pour le site, d\u00e9j\u00e0 th\u00e9\u00e2tre de la Ryder Cup en\u00a02018 et des Jeux olympiques en\u00a02024. La F\u00e9d\u00e9ration fran\u00e7aise de golf veut profiter de ce parcours modernis\u00e9 pour attirer de grandes comp\u00e9titions internationales, et accueillir notamment la Solheim Cup entre\u00a02030 et\u00a02040.<\/p>\n<p>Un Albatros repens\u00e9 pour les prochaines ann\u00e9es<\/p>\n<p>Le chantier, estim\u00e9 \u00e0 12\u00a0millions d\u2019euros, n\u2019a pas consist\u00e9 qu\u2019en une modification du parcours. Les \u00e9quipes ont revu l\u2019irrigation et remplac\u00e9 certaines gramin\u00e9es par des vari\u00e9t\u00e9s plus r\u00e9sistantes \u00e0 la chaleur et moins gourmandes en eau. Au total, 53.000 m3 de terres et de sable ont \u00e9t\u00e9 d\u00e9plac\u00e9s et 14,5 km de canalisations install\u00e9s.<\/p>\n<\/p>\n<p>Le petit parcours de l\u2019Oiselet a lui aussi \u00e9t\u00e9 enti\u00e8rement repens\u00e9 pour accueillir les sportifs de haut niveau tout en restant accessible aux amateurs. Le <a href=\"https:\/\/www.20minutes.fr\/sport\/golf\/\" target=\"_blank\" class=\"c-link c-link--is-underlined\" rel=\"nofollow noopener\">Golf<\/a> national esp\u00e8re ainsi \u00e9largir son public, alors que le quartier doit accueillir de nouveaux logements, des bureaux et une station de m\u00e9tro situ\u00e9e \u00e0 environ 500 m\u00e8tres du site.<\/p>\n","protected":false},"excerpt":{"rendered":"Le Golf national de Guyancourt (Yvelines) retrouve aujourd\u2019hui son parcours le plus c\u00e9l\u00e8bre. Ferm\u00e9 pendant deux ans \u00e0&hellip;\n","protected":false},"author":2,"featured_media":1160984,"comment_status":"","ping_status":"","sticky":false,"template":"","format":"standard","meta":{"footnotes":"","_share_on_mastodon":"0"},"categories":[1418],"tags":[1011,27,1472,6306,662,517,60,2086,1938],"class_list":["post-1160983","post","type-post","status-publish","format-standard","has-post-thumbnail","category-golf","tag-fr","tag-france","tag-golf","tag-grand-paris","tag-ile-de-france","tag-sport","tag-sports","tag-travaux","tag-yvelines"],"share_on_mastodon":{"url":"https:\/\/pubeurope.com\/@fr\/117195661861157954","error":""},"_links":{"self":[{"href":"https:\/\/www.europesays.com\/fr\/wp-json\/wp\/v2\/posts\/1160983","targetHints":{"allow":["GET"]}}],"collection":[{"href":"https:\/\/www.europesays.com\/fr\/wp-json\/wp\/v2\/posts"}],"about":[{"href":"https:\/\/www.europesays.com\/fr\/wp-json\/wp\/v2\/types\/post"}],"author":[{"embeddable":true,"href":"https:\/\/www.europesays.com\/fr\/wp-json\/wp\/v2\/users\/2"}],"replies":[{"embeddable":true,"href":"https:\/\/www.europesays.com\/fr\/wp-json\/wp\/v2\/comments?post=1160983"}],"version-history":[{"count":0,"href":"https:\/\/www.europesays.com\/fr\/wp-json\/wp\/v2\/posts\/1160983\/revisions"}],"wp:featuredmedia":[{"embeddable":true,"href":"https:\/\/www.europesays.com\/fr\/wp-json\/wp\/v2\/media\/1160984"}],"wp:attachment":[{"href":"https:\/\/www.europesays.com\/fr\/wp-json\/wp\/v2\/media?parent=1160983"}],"wp:term":[{"taxonomy":"category","embeddable":true,"href":"https:\/\/www.europesays.com\/fr\/wp-json\/wp\/v2\/categories?post=1160983"},{"taxonomy":"post_tag","embeddable":true,"href":"https:\/\/www.europesays.com\/fr\/wp-json\/wp\/v2\/tags?post=1160983"}],"curies":[{"name":"wp","href":"https:\/\/api.w.org\/{rel}","templated":true}]}}