{"id":1160988,"date":"2026-09-01T12:04:17","date_gmt":"2026-09-01T12:04:17","guid":{"rendered":"https:\/\/www.europesays.com\/fr\/1160988\/"},"modified":"2026-09-01T12:04:17","modified_gmt":"2026-09-01T12:04:17","slug":"melvin-rulliere-va-quitter-picnic-postnl-actualite","status":"publish","type":"post","link":"https:\/\/www.europesays.com\/fr\/1160988\/","title":{"rendered":"Melvin Rulli\u00e8re va quitter Picnic PostNL &#8211; Actualit\u00e9"},"content":{"rendered":"<p><a href=\"https:\/\/www.directvelo.com\/equipe\/2251\/team-picnic-postnl\" target=\"_blank\" rel=\"noopener nofollow\"><strong>La formation Picnic PostNL<\/strong><\/a> annonce, ce mardi peu avant midi, de nombreux changements au sein du staff de l&rsquo;\u00e9quipe en vue de la saison 2027. Parmi eux, le d\u00e9part annonc\u00e9 du Fran\u00e7ais Melvin Rulli\u00e8re.<\/p>\n<p>L&rsquo;ancien coureur \u00e9tait pr\u00e9sent au sein du staff de la WorldTeam n\u00e9erlandaise depuis deux saisons. Auparavant, il avait pour rappel \u00e9t\u00e9 directeur sportif du c\u00f4t\u00e9 du VC Toucy puis du CC Etupes, chez les amateurs.\u00a0<\/p>\n<p>Outre Melvin Rulli\u00e8re, Picnic PostNL annonce le d\u00e9part de deux autres directeur sportifs : Davide Gani et Matthew Wintson, lequel dirigeait les coureurs depuis huit saisons. Ce dernier est pressenti pour rejoindre la formation Decathlon CMA CGM l&rsquo;hiver prochain.<\/p>\n<p>L&rsquo;\u00e9quipe n\u00e9erlandaise annonce \u00e9galement que Roy Curvers va prendre du galon. Le directeur sportif va devenir co-manager sportif de l&rsquo;\u00e9quipe, en compagnie de Rudi Kemna, d\u00e9j\u00e0 en poste.<\/p>\n<p>Pour rappel, Picnic PostNL est en tr\u00e8s grande difficult\u00e9 sportivement depuis le d\u00e9but de saison. L&rsquo;\u00e9quipe n&rsquo;a gagn\u00e9 qu&rsquo;une seule fois en 2026,\u00a0<strong><a style=\"color: #000000; text-decoration: underline;\" href=\"https:\/\/www.directvelo.com\/epreuve\/48862\/etape\/50046\/tour-de-turquie-etape-5\" target=\"_blank\" rel=\"noopener nofollow\">c&rsquo;\u00e9tait gr\u00e2ce \u00e0 Casper van Uden sur une \u00e9tape du Tour de Turquie (2.Pro).<\/a><\/strong> L&rsquo;avant-dernier succ\u00e8s en date remonte \u00e0&#8230; juin 2025. Oscar Onley avait alors gagn\u00e9 une \u00e9tape du Tour de Suisse.\u00a0<\/p>\n","protected":false},"excerpt":{"rendered":"La formation Picnic PostNL annonce, ce mardi peu avant midi, de nombreux changements au sein du staff de&hellip;\n","protected":false},"author":2,"featured_media":1160989,"comment_status":"","ping_status":"","sticky":false,"template":"","format":"standard","meta":{"footnotes":"","_share_on_mastodon":"0"},"categories":[1411],"tags":[834,828,836,829,837,827,83,826,824,823,1154,207,814,817,815,816,822,821,832,211,839,1011,27,820,818,819,835,831,830,833,838,60,212,208,825],"class_list":["post-1160988","post","type-post","status-publish","format-standard","has-post-thumbnail","category-cyclisme","tag-attaque","tag-belgique","tag-braquet","tag-bretagne","tag-chute","tag-competition","tag-coupe-de-france","tag-coureur","tag-course-cyclisme","tag-course-cycliste","tag-cycling","tag-cyclisme","tag-direct","tag-direct-velo","tag-directvelo","tag-directvelo-com","tag-epreuve","tag-epreuve-cycliste","tag-federation-francaise-de-cyclisme","tag-ffc","tag-flandres","tag-fr","tag-france","tag-live","tag-live-course","tag-live-epreuve","tag-peloton","tag-radio-peloton","tag-radio-tour","tag-ravitaillement","tag-relance","tag-sports","tag-uci","tag-velo","tag-velos"],"share_on_mastodon":{"url":"https:\/\/pubeurope.com\/@fr\/117195693331977045","error":""},"_links":{"self":[{"href":"https:\/\/www.europesays.com\/fr\/wp-json\/wp\/v2\/posts\/1160988","targetHints":{"allow":["GET"]}}],"collection":[{"href":"https:\/\/www.europesays.com\/fr\/wp-json\/wp\/v2\/posts"}],"about":[{"href":"https:\/\/www.europesays.com\/fr\/wp-json\/wp\/v2\/types\/post"}],"author":[{"embeddable":true,"href":"https:\/\/www.europesays.com\/fr\/wp-json\/wp\/v2\/users\/2"}],"replies":[{"embeddable":true,"href":"https:\/\/www.europesays.com\/fr\/wp-json\/wp\/v2\/comments?post=1160988"}],"version-history":[{"count":0,"href":"https:\/\/www.europesays.com\/fr\/wp-json\/wp\/v2\/posts\/1160988\/revisions"}],"wp:featuredmedia":[{"embeddable":true,"href":"https:\/\/www.europesays.com\/fr\/wp-json\/wp\/v2\/media\/1160989"}],"wp:attachment":[{"href":"https:\/\/www.europesays.com\/fr\/wp-json\/wp\/v2\/media?parent=1160988"}],"wp:term":[{"taxonomy":"category","embeddable":true,"href":"https:\/\/www.europesays.com\/fr\/wp-json\/wp\/v2\/categories?post=1160988"},{"taxonomy":"post_tag","embeddable":true,"href":"https:\/\/www.europesays.com\/fr\/wp-json\/wp\/v2\/tags?post=1160988"}],"curies":[{"name":"wp","href":"https:\/\/api.w.org\/{rel}","templated":true}]}}