{"id":1161008,"date":"2026-09-01T12:19:13","date_gmt":"2026-09-01T12:19:13","guid":{"rendered":"https:\/\/www.europesays.com\/fr\/1161008\/"},"modified":"2026-09-01T12:19:13","modified_gmt":"2026-09-01T12:19:13","slug":"trois-macbook-passent-a-la-trappe-apple-arrete-definitivement-les-reparations-des-aujourdhui","status":"publish","type":"post","link":"https:\/\/www.europesays.com\/fr\/1161008\/","title":{"rendered":"Trois MacBook passent \u00e0 la trappe : Apple arr\u00eate d\u00e9finitivement les r\u00e9parations d\u00e8s aujourd\u2019hui"},"content":{"rendered":"<p>En bref<\/p>\n<ul class=\"ed__lists ed__bdy__l\">\n<li>Apple classe trois MacBook de 2017 et 2018 parmi ses produits obsol\u00e8tes.<\/li>\n<li>Les r\u00e9parations officielles en Apple Store cessent d\u00e9sormais pour ces ordinateurs portables.<\/li>\n<li>Seul le changement de batterie reste possible jusqu\u2019\u00e0 dix ans apr\u00e8s leur commercialisation.<\/li>\n<\/ul>\n<p class=\"ed__a-p ed__bdy__l\">Faire r\u00e9parer son <a href=\"https:\/\/www.lesnumeriques.com\/telephone-portable\/iphone-18-pro-vs-iphone-17-pro-les-10-nouveautes-majeures-prevues-par-apple-n260461.html\" title=\"iPhone 18 Pro vs iPhone 17 Pro : les 10 nouveaut\u00e9s majeures pr\u00e9vues par Apple\" rel=\"nofollow noopener\" target=\"_blank\">iPhone<\/a>, iPad, Apple Watch ou Mac a une date de p\u00e9remption, en tout cas en Apple Store et chez les r\u00e9parateurs agr\u00e9\u00e9s. Apple vient d\u2019ailleurs de clore le sort de trois MacBook. Passant dans la cat\u00e9gorie \u201cobsol\u00e8te\u201d, ils perdent d\u00e9finitivement ce service apr\u00e8s-vente plus que pratique pour garder ses appareils en \u00e9tat sur la dur\u00e9e. R\u00e9sultat : les utilisateurs concern\u00e9s sont forc\u00e9s de trouver d\u2019autres solutions pour changer des composants endommag\u00e9s\u2026 \u00e0 l\u2019exception de la batterie.<\/p>\n<p>Adieu le premier MacBook Air Retina et les MacBook Pro 13\u201d de 2017\/2018<\/p>\n<p class=\"ed__a-p ed__bdy__l\">Apr\u00e8s avoir <a href=\"https:\/\/www.lesnumeriques.com\/telephone-portable\/apple-abandonne-les-iphone-x-et-macbook-pro-2018-voici-ce-qui-change-pour-vous-des-aujourd-hui-n260424.html\" title=\"Apple abandonne les iPhone X et MacBook Pro 2018 : voici ce qui change pour vous d\u00e8s aujourd\u2019hui\" rel=\"nofollow noopener\" target=\"_blank\">abandonn\u00e9 le MacBook Pro 15\u201d (2018) \u00e0 la mi-ao\u00fbt<\/a>, la rentr\u00e9e 2026 signe un sort similaire pour certains de ses \u201cvieux\u201d ordinateurs portables. Apple fait en effet basculer trois mod\u00e8les de la cat\u00e9gorie des produits \u201canciens\u201d \u00e0 \u201cobsol\u00e8tes\u201d : les MacBook Air et MacBook Pro 13 pouces (version avec 4 ports Thunderbolt 3) de 2018 ainsi que le MacBook Pro 13 pouces de 2017 (2 ports Thunderbolt 3).<\/p>\n<p class=\"ed__a-p ed__bdy__l\">Ce changement de statut scelle ainsi la fin des r\u00e9parations mat\u00e9rielles officielles en Apple Store et chez les centres de services agr\u00e9\u00e9s, qui ne peuvent plus commander de composants aupr\u00e8s de la marque. Pour rappel, cela arrive comme d\u2019habitude sept ans apr\u00e8s l\u2019arr\u00eat de la commercialisation des produits Apple.<\/p>\n<p class=\"ed__a-p ed__bdy__l\">Une exception importante demeure n\u00e9anmoins pour les utilisateurs d\u00e9sireux de prolonger la dur\u00e9e de vie de leur ordinateur portable : Apple propose un programme d\u2019extension pour le remplacement de la batterie jusqu\u2019\u00e0 dix ans apr\u00e8s l\u2019arr\u00eat des ventes des <a href=\"https:\/\/www.lesnumeriques.com\/ordinateur-portable\/apple-macbook-neo-p77961\/test.html\" title=\"Apple MacBook Neo\u00a0: l&#039;ultraportable en parfaite porte d&#039;entr\u00e9e de l&#039;\u00e9cosyst\u00e8me macOS\" rel=\"nofollow noopener\" target=\"_blank\">MacBook<\/a>. Si les pi\u00e8ces requises sont encore en stock, vous pourrez donc offrir un second souffle \u00e0 l\u2019autonomie de votre ordinateur.<\/p>\n<p class=\"ed__a-p ed__bdy__l\">Pour toute autre panne li\u00e9e \u00e0 l\u2019\u00e9cran, au clavier ou encore \u00e0 la carte m\u00e8re, il faudra d\u00e9sormais se tourner vers des solutions tierces, que ce soit via des r\u00e9parateurs ind\u00e9pendants ou l\u2019autor\u00e9paration \u00e0 l\u2019aide de pi\u00e8ces et de tutoriels en ligne (par exemple issus de la c\u00e9l\u00e8bre plateforme iFixit).<\/p>\n","protected":false},"excerpt":{"rendered":"En bref Apple classe trois MacBook de 2017 et 2018 parmi ses produits obsol\u00e8tes. Les r\u00e9parations officielles en&hellip;\n","protected":false},"author":2,"featured_media":1161009,"comment_status":"","ping_status":"","sticky":false,"template":"","format":"standard","meta":{"footnotes":"","_share_on_mastodon":"0"},"categories":[7],"tags":[1011,27,43,40,41,39,42,44],"class_list":["post-1161008","post","type-post","status-publish","format-standard","has-post-thumbnail","category-sciences-et-technologies","tag-fr","tag-france","tag-science","tag-science-and-technology","tag-sciences","tag-sciences-et-technologies","tag-technologies","tag-technology"],"share_on_mastodon":{"url":"https:\/\/pubeurope.com\/@fr\/117195752945117484","error":""},"_links":{"self":[{"href":"https:\/\/www.europesays.com\/fr\/wp-json\/wp\/v2\/posts\/1161008","targetHints":{"allow":["GET"]}}],"collection":[{"href":"https:\/\/www.europesays.com\/fr\/wp-json\/wp\/v2\/posts"}],"about":[{"href":"https:\/\/www.europesays.com\/fr\/wp-json\/wp\/v2\/types\/post"}],"author":[{"embeddable":true,"href":"https:\/\/www.europesays.com\/fr\/wp-json\/wp\/v2\/users\/2"}],"replies":[{"embeddable":true,"href":"https:\/\/www.europesays.com\/fr\/wp-json\/wp\/v2\/comments?post=1161008"}],"version-history":[{"count":0,"href":"https:\/\/www.europesays.com\/fr\/wp-json\/wp\/v2\/posts\/1161008\/revisions"}],"wp:featuredmedia":[{"embeddable":true,"href":"https:\/\/www.europesays.com\/fr\/wp-json\/wp\/v2\/media\/1161009"}],"wp:attachment":[{"href":"https:\/\/www.europesays.com\/fr\/wp-json\/wp\/v2\/media?parent=1161008"}],"wp:term":[{"taxonomy":"category","embeddable":true,"href":"https:\/\/www.europesays.com\/fr\/wp-json\/wp\/v2\/categories?post=1161008"},{"taxonomy":"post_tag","embeddable":true,"href":"https:\/\/www.europesays.com\/fr\/wp-json\/wp\/v2\/tags?post=1161008"}],"curies":[{"name":"wp","href":"https:\/\/api.w.org\/{rel}","templated":true}]}}