{"id":1161022,"date":"2026-09-01T12:29:13","date_gmt":"2026-09-01T12:29:13","guid":{"rendered":"https:\/\/www.europesays.com\/fr\/1161022\/"},"modified":"2026-09-01T12:29:13","modified_gmt":"2026-09-01T12:29:13","slug":"nancy-la-conserverie-lance-lexposition-photo-presents-aux-galeries-poirel","status":"publish","type":"post","link":"https:\/\/www.europesays.com\/fr\/1161022\/","title":{"rendered":"Nancy : La Conserverie lance l\u2019exposition photo \u00abPr\u00e9sents\u00bb aux Galeries Poirel"},"content":{"rendered":"<p>Issue de la 12e collecte de La Conserverie, un lieu d&rsquo;archives labellis\u00e9 Bicentenaire de la Photographie par le minist\u00e8re de la Culture, cette manifestation culturelle se tiendra du 5 septembre au 21 novembre 2026.<\/p>\n<p>Un projet participatif d&rsquo;envergure nationale au service du rayonnement local<\/p>\n<p>Ce projet d\u2019envergure nationale b\u00e9n\u00e9ficie du label prestigieux \u00abBicentenaire de la Photographie\u00bb d\u00e9cern\u00e9 par le minist\u00e8re de la Culture. Il s\u2019int\u00e8gre ainsi  dans la programmation officielle de cet \u00e9v\u00e9nement national, pr\u00e9vue du 1er septembre 2026 au 30 septembre 2027. Le concept repose sur une d\u00e9marche participative originale : un appel au public lanc\u00e9 entre d\u00e9cembre 2025 et mai 2026. Cette initiative a permis de rassembler des images du quotidien, rephotographi\u00e9es pour interroger notre rapport \u00e0 la mat\u00e9rialit\u00e9 sensible de l&rsquo;image.<\/p>\n<p>Un levier de croissance pour le tourisme et le commerce de centre-ville<\/p>\n<p>En plus de sa dimension artistique, cette exposition repr\u00e9sente un levier d&rsquo;attractivit\u00e9 territoriale significatif pour le centre-ville nanc\u00e9ien durant l&rsquo;automne. En valorisant ce patrimoine et en attirant un large public de passionn\u00e9s et de touristes, l&rsquo;\u00e9v\u00e9nement dynamise l&rsquo;\u00e9cosyst\u00e8me culturel local et confirme le positionnement de Nancy comme un carrefour des arts visuels.\u00a0<\/p>\n<p>L&rsquo;acc\u00e8s \u00e0 ce nouveau parcours m\u00e9moriel sera ouvert d\u00e8s le lendemain de l&rsquo;inauguration officielle, promettant de transformer les Galeries Poirel en un carrefour de r\u00e9flexion sur notre m\u00e9moire collective visuelle.<\/p>\n","protected":false},"excerpt":{"rendered":"Issue de la 12e collecte de La Conserverie, un lieu d&rsquo;archives labellis\u00e9 Bicentenaire de la Photographie par le&hellip;\n","protected":false},"author":2,"featured_media":1161023,"comment_status":"","ping_status":"","sticky":false,"template":"","format":"standard","meta":{"footnotes":"","_share_on_mastodon":"0"},"categories":[9635],"tags":[1111,11,1777,674,3293,1011,27,775,1702,12,2551,1756,25],"class_list":["post-1161022","post","type-post","status-publish","format-standard","has-post-thumbnail","category-nancy","tag-actu","tag-actualites","tag-eu","tag-europe","tag-exposition","tag-fr","tag-france","tag-grand-est","tag-nancy","tag-news","tag-patrimoine","tag-photographie","tag-republique-francaise"],"share_on_mastodon":{"url":"https:\/\/pubeurope.com\/@fr\/117195791826917879","error":""},"_links":{"self":[{"href":"https:\/\/www.europesays.com\/fr\/wp-json\/wp\/v2\/posts\/1161022","targetHints":{"allow":["GET"]}}],"collection":[{"href":"https:\/\/www.europesays.com\/fr\/wp-json\/wp\/v2\/posts"}],"about":[{"href":"https:\/\/www.europesays.com\/fr\/wp-json\/wp\/v2\/types\/post"}],"author":[{"embeddable":true,"href":"https:\/\/www.europesays.com\/fr\/wp-json\/wp\/v2\/users\/2"}],"replies":[{"embeddable":true,"href":"https:\/\/www.europesays.com\/fr\/wp-json\/wp\/v2\/comments?post=1161022"}],"version-history":[{"count":0,"href":"https:\/\/www.europesays.com\/fr\/wp-json\/wp\/v2\/posts\/1161022\/revisions"}],"wp:featuredmedia":[{"embeddable":true,"href":"https:\/\/www.europesays.com\/fr\/wp-json\/wp\/v2\/media\/1161023"}],"wp:attachment":[{"href":"https:\/\/www.europesays.com\/fr\/wp-json\/wp\/v2\/media?parent=1161022"}],"wp:term":[{"taxonomy":"category","embeddable":true,"href":"https:\/\/www.europesays.com\/fr\/wp-json\/wp\/v2\/categories?post=1161022"},{"taxonomy":"post_tag","embeddable":true,"href":"https:\/\/www.europesays.com\/fr\/wp-json\/wp\/v2\/tags?post=1161022"}],"curies":[{"name":"wp","href":"https:\/\/api.w.org\/{rel}","templated":true}]}}