{"id":1161024,"date":"2026-09-01T12:30:14","date_gmt":"2026-09-01T12:30:14","guid":{"rendered":"https:\/\/www.europesays.com\/fr\/1161024\/"},"modified":"2026-09-01T12:30:14","modified_gmt":"2026-09-01T12:30:14","slug":"cest-une-date-historique-place-de-la-liberte-a-toulon-la-marine-celebrera-ses-400-ans-le-5-septembre","status":"publish","type":"post","link":"https:\/\/www.europesays.com\/fr\/1161024\/","title":{"rendered":"\u00ab\u00a0C\u2019est une date historique\u00a0\u00bb\u00a0: place de la Libert\u00e9 \u00e0 Toulon, la Marine c\u00e9l\u00e9brera ses 400\u00a0ans le 5\u00a0septembre"},"content":{"rendered":"<p>Pour f\u00eater les <strong>400\u00a0ans de la Marine nationale<\/strong>, les marins organisent le <strong>samedi 5\u00a0septembre<\/strong>,<strong> place de la Libert\u00e9<\/strong> \u00e0 <strong>Toulon<\/strong>, un \u00e9v\u00e9nement exceptionnel. De <strong>14\u00a0h\u00a0\u00e0 22\u00a0h<\/strong>, plusieurs animations seront au programme, autour d\u2019une rencontre avec les civils dans une ambiance conviviale et informative sur les missions de cette composante des Forces Arm\u00e9es.<\/p>\n<p>\u00ab\u00a0C\u2019est une date vraiment historique pour nous \u00e0 Toulon. Nous avons d\u00e9j\u00e0 f\u00eat\u00e9 l\u2019\u00e9v\u00e9nement dans d\u2019autres territoires mais on tenait \u00e0 faire cela le 5\u00a0septembre\u00a0\u00bb, raconte le capitaine de fr\u00e9gate Martin Muret. Et pour cause, cette date n\u2019est pas anodine. C\u2019est<strong> l\u2019anniversaire de la bataille de la baie de Chesapeake<\/strong> du 5\u00a0septembre 1781, une intervention navale marquante o\u00f9 la flotte fran\u00e7aise a ouvert la voie \u00e0 la reddition de Yorktown et \u00e0 l\u2019ind\u00e9pendance am\u00e9ricaine. \u00ab\u00a0Nous la c\u00e9l\u00e9brons r\u00e9ellement depuis 2021\u00a0\u00bb, confie-t-il. Deux dates qui co\u00efncident pour offrir au public un moment festif, comm\u00e9moratif et instructif.<\/p>\n<p>    Le programme de l\u2019apr\u00e8s-midi<\/p>\n<p class=\"fs-5 \">Sur place de la Libert\u00e9 \u00e0 Toulon, le planning de l\u2019apr\u00e8s-midi est charg\u00e9\u00a0:<\/p>\n<ul class=\"f-serif fs-5\">\n<li>\n<p>14h &#8211; 18\u00a0h\u00a0:<strong> village d\u2019animations<\/strong> dans l\u2019univers de la Marine \u00e0 travers des ateliers p\u00e9dagogiques, des rencontres avec les marins et une exposition de maquettes.<\/p>\n<\/li>\n<li>\n<p>18\u00a0h\u00a0:<strong> C\u00e9r\u00e9monie militaire <\/strong>qui mettra \u00e0 l\u2019honneur \u00ab\u00a0l\u2019audace et l\u2019esprit d\u2019innovation des \u00e9quipages\u00a0lors de la bataille de la baie de Chesapeake\u00a0\u00bb, explique le capitaine de fr\u00e9gate Martin Muret.<\/p>\n<\/li>\n<li>\n<p>19\u00a0h\u00a0: <strong>Concert de jazz<\/strong> de la Musique de la Marine nationale.<\/p>\n<\/li>\n<li>\n<p>20\u00a0h &#8211; 22\u00a0h\u00a0: <strong>soir\u00e9e anim\u00e9e par un DJ<\/strong> avec de la restauration rapide (food-trucks) pour conclure la journ\u00e9e. <\/p>\n<\/li>\n<\/ul>\n","protected":false},"excerpt":{"rendered":"Pour f\u00eater les 400\u00a0ans de la Marine nationale, les marins organisent le samedi 5\u00a0septembre, place de la Libert\u00e9&hellip;\n","protected":false},"author":2,"featured_media":1161025,"comment_status":"","ping_status":"","sticky":false,"template":"","format":"standard","meta":{"footnotes":"","_share_on_mastodon":"0"},"categories":[9619],"tags":[1111,11,1777,674,1011,27,6128,12,882,25,2310],"class_list":["post-1161024","post","type-post","status-publish","format-standard","has-post-thumbnail","category-toulon","tag-actu","tag-actualites","tag-eu","tag-europe","tag-fr","tag-france","tag-marine","tag-news","tag-provence-alpes-cote-dazur","tag-republique-francaise","tag-toulon"],"share_on_mastodon":{"url":"https:\/\/pubeurope.com\/@fr\/117195795660695314","error":""},"_links":{"self":[{"href":"https:\/\/www.europesays.com\/fr\/wp-json\/wp\/v2\/posts\/1161024","targetHints":{"allow":["GET"]}}],"collection":[{"href":"https:\/\/www.europesays.com\/fr\/wp-json\/wp\/v2\/posts"}],"about":[{"href":"https:\/\/www.europesays.com\/fr\/wp-json\/wp\/v2\/types\/post"}],"author":[{"embeddable":true,"href":"https:\/\/www.europesays.com\/fr\/wp-json\/wp\/v2\/users\/2"}],"replies":[{"embeddable":true,"href":"https:\/\/www.europesays.com\/fr\/wp-json\/wp\/v2\/comments?post=1161024"}],"version-history":[{"count":0,"href":"https:\/\/www.europesays.com\/fr\/wp-json\/wp\/v2\/posts\/1161024\/revisions"}],"wp:featuredmedia":[{"embeddable":true,"href":"https:\/\/www.europesays.com\/fr\/wp-json\/wp\/v2\/media\/1161025"}],"wp:attachment":[{"href":"https:\/\/www.europesays.com\/fr\/wp-json\/wp\/v2\/media?parent=1161024"}],"wp:term":[{"taxonomy":"category","embeddable":true,"href":"https:\/\/www.europesays.com\/fr\/wp-json\/wp\/v2\/categories?post=1161024"},{"taxonomy":"post_tag","embeddable":true,"href":"https:\/\/www.europesays.com\/fr\/wp-json\/wp\/v2\/tags?post=1161024"}],"curies":[{"name":"wp","href":"https:\/\/api.w.org\/{rel}","templated":true}]}}