{"id":1161066,"date":"2026-09-01T13:03:22","date_gmt":"2026-09-01T13:03:22","guid":{"rendered":"https:\/\/www.europesays.com\/fr\/1161066\/"},"modified":"2026-09-01T13:03:22","modified_gmt":"2026-09-01T13:03:22","slug":"diaspora-la-rentree-tres-active-de-la-maison-de-la-corse-a-marseille","status":"publish","type":"post","link":"https:\/\/www.europesays.com\/fr\/1161066\/","title":{"rendered":"DIASPORA. La rentr\u00e9e tr\u00e8s active de la Maison de la Corse \u00e0 Marseille"},"content":{"rendered":"<p>Pour sa rentr\u00e9e, la F\u00e9d\u00e9ration des groupements corses de Marseille et des Bouches-du-Rh\u00f4ne\u00a0propose un large panel d&rsquo;activit\u00e9s.<\/p>\n<p>Et ce, d\u00e8s le 8 septembre \u00e0 18h30\u00a0pour la Nativit\u00e9 de la Vierge Marie, la messe des Corses sera c\u00e9l\u00e9br\u00e9e\u00a0en la basilique Notre-Dame de la Garde\u00a0par le p\u00e8re Xavier Manzano, vicaire g\u00e9n\u00e9ral du dioc\u00e8se de Marseille, et chant\u00e9e par le groupe de polyphonies I Tragulini.<\/p>\n<p>\u00c0 la Maison de la Corse \u00e0 Marseille, d\u00e8s le 28 septembre, a Scola corsa di Marseglia reprend ses\u00a0cours assur\u00e9s par six enseignants b\u00e9n\u00e9voles,\u00a0dispens\u00e9s en pr\u00e9sentiel ou en visioconf\u00e9rence\u00a0avec sept classes (de la premi\u00e8re \u00e0 la quatri\u00e8me\u00a0ann\u00e9e), compte tenu du grand nombre d&rsquo;inscrits. Chaque mois, un enseignant de l&rsquo;acad\u00e9mie de Corse assure une formation \u00e0 ces enseignants et dispense une journ\u00e9e d&rsquo;enseignement aux adh\u00e9rents de l&rsquo;amicale des Corses de Montpellier.<\/p>\n<p>\u00a0\u00bb\u00a0Appendice de Scola corsa \u00ab\u00a0, la biblioth\u00e8que rouvre le 1er septembre avec, pr\u00e9cise le pr\u00e9sident Jean Dal Colletto, 1 500 ouvrages en fran\u00e7ais et en corse \u00e0 disposition du public.<\/p>\n<p>Reprise des permanences de l&rsquo;association g\u00e9n\u00e9alogique de recherches sur l&rsquo;histoire des familles corses (RHFC), que pr\u00e9side Christiane Padovani (le 7 septembre) et des Amis des chemins de saint Jacques de Compostelle Sud et Corse (le 9 septembre).\u00a0<\/p>\n<p>Ateliers de chant et de th\u00e9\u00e2tre<\/p>\n<p>Anim\u00e9s par des enseignants et des guitaristes, les divers ateliers de chant reprennent en m\u00eame temps que Scola corsa. Durant l&rsquo;ann\u00e9e 2025-2026, un atelier de chant polyphonique a \u00e9t\u00e9 mis en place en lien avec le Centre d&rsquo;art polyphonique (Collectivit\u00e9 de Corse) anim\u00e9 par\u00a0Jean-Fran\u00e7ois Luciani,\u00a0membre d&rsquo;I Muvrini.\u00a0La Maison de la Corse propose \u00e9galement un atelier th\u00e9\u00e2tre, en lien avec Scola Corsa.<\/p>\n<p>Ces ateliers chant et th\u00e9\u00e2tre donneront lieu \u00e0 des restitutions, avec un concert de polyphonies ou une pi\u00e8ce in\u00a0lingua nustrale.\u00a0La Maison de la Corse recevra la troupe bastiaise les Stroncheghjetta (30\/10).\u00a0<\/p>\n<p>Les concerts reprennent\u00a0: Spera le 9 octobre \u00e0 la Maison de la Corse\u00a0; le 23 octobre \u00e0 Allauch, concert de chanteurs locaux au profit d&rsquo;Octobre rose.<\/p>\n<p>Village insulaire \u00e0 la foire internationale<\/p>\n<p>C\u00f4t\u00e9 histoire et patrimoine, deux conf\u00e9rences auront lieu mensuellement, le deuxi\u00e8me jeudi du mois, avec la Soci\u00e9t\u00e9 napol\u00e9onienne de Marseille\u00a0: la rentr\u00e9e aura lieu le 17 septembre (au programme : \u00ab\u00a0Talleyrand\u00a0\u00bb\u00a0; \u00ab\u00a0Larrey et la chirurgie des champs de bataille\u00a0\u00bb).<\/p>\n<p>Comme \u00e0 l&rsquo;accoutum\u00e9e, la F\u00e9d\u00e9ration tient son stand au village corse de la Foire internationale de Marseille d\u00e8s le 25 septembre, et\u00a0pr\u00e9voit d&rsquo;organiser son salon du livre corse r\u00e9unissant auteurs et conf\u00e9renciers.<\/p>\n<p>En parall\u00e8le de ce programme, la F\u00e9d\u00e9ration\u00a0<strong>des groupements corses<\/strong> poursuit ses engagements : aide aux malades soign\u00e9s sur le continent et \u00e0 leurs familles ; aide aux \u00e9tudiants ; soutien \u00e0 la Scola corsa federazione. Elle se mobilise pour la reconnaissance de la diaspora en militant pour l&rsquo;instauration d&rsquo;un tarif diaspora dans les transports a\u00e9riens et maritimes.<\/p>\n<p><img alt=\"Attention, l'offre d'abonnement num\u00e9rique est disponible jusqu'\u00e0 mi-septembre 2026\" loading=\"lazy\" decoding=\"async\" data-nimg=\"fill\" class=\" TwicCore_img__i9TC1 undefined  undefined\" style=\"position:absolute;height:100%;width:100%;left:0;top:0;right:0;bottom:0;object-fit:cover;color:transparent;background-size:cover;background-position:50% 50%;background-repeat:no-repeat;background-image:url(&quot;data:image\/svg+xml;charset=utf-8,%3Csvg xmlns='http:\/\/www.w3.org\/2000\/svg' %3E%3Cfilter id='b' color-interpolation-filters='sRGB'%3E%3CfeGaussianBlur stdDeviation='20'\/%3E%3CfeColorMatrix values='1 0 0 0 0 0 1 0 0 0 0 0 1 0 0 0 0 0 100 -1' result='s'\/%3E%3CfeFlood x='0' y='0' width='100%25' height='100%25'\/%3E%3CfeComposite operator='out' in='s'\/%3E%3CfeComposite in2='SourceGraphic'\/%3E%3CfeGaussianBlur stdDeviation='20'\/%3E%3C\/filter%3E%3Cimage width='100%25' height='100%25' x='0' y='0' preserveAspectRatio='xMidYMid slice' style='filter: url(%23b);' href='data:image\/png;base64,iVBORw0KGgoAAAANSUhEUgAAArwAAAFnCAYAAABEq5oyAAAQcUlEQVR4Ae3dP3SVZZ7A8eeSBIYZE3dPqkFjqYVQKG4F56zYgescStBzoAMbaXaAhmJctQB2t9DGOLVDSpwZodQCqgEsgMLZQwG4Uu1ZCP4ZEpK79\/cy8UQWSW7uv\/f+\/HzOuedCSN73Xorw5Zfnfd7G5ORkswAAQE7NdQUAABITvAAApCZ4AQBITfACAJCa4AUAIDXBCwBAaoIXAIDUBC8AAKkJXgAAUhO8AACkJngBAEhN8AIAkJrgBQAgNcELAEBqghcAgNQELwAAqQleAABSE7wAAKQmeAEASE3wAgCQmuAFACA1wQsAQGqCFwCA1AQvAACpCV4AAFITvAAApCZ4AQBITfACAJCa4AUAIDXBCwBAaoIXAIDUBC8AAKkJXgAAUhO8AACkJngBAEhN8AIAkJrgBQAgNcELAEBqghcAgNQELwAAqQleAABSE7wAAKQmeAEASE3wAgCQmuAFACA1wQsAQGqCFwCA1AQvAACpCV4AAFITvAAApCZ4AQBITfACAJCa4AUAIDXBCwBAaoIXAIDUBC8AAKkJXgAAUhO8AACkJngBAEhN8AIAkJrgBQAgNcELAEBqghcAgNQELwAAqQleAABSE7wAAKQmeAEASE3wAgCQmuAFACA1wQsAQGqCFwCA1AQvAACpCV4AAFITvAAApCZ4AQBITfACAJCa4AUAIDXBCwBAaoIXAIDUBC8AAKkJXgAAUhO8AACkJngBAEhN8AIAkJrgBQAgNcELAEBqghcAgNQELwAAqQleAABSE7wAAKQmeAEASE3wAgCQmuAFACA1wQsAQGqCFwCA1AQvAACpCV4AAFITvAAApCZ4AQBITfACAJCa4AUAIDXBCwBAaoIXAIDUBC8AAKkJXgAAUhO8AACkJngBAEhN8AIAkJrgBQAgNcELAEBqghcAgNQELwAAqQleAABSE7wAAKQmeAEASE3wAgCQmuAFACA1wQsAQGqCFwCA1AQvAACpCV4AAFITvAAApCZ4AQBITfACAJCa4AUAIDXBCwBAaoIXAIDUBC8AAKkJXgAAUhO8AACkJngBAEhN8AIAkJrgBQAgNcELAEBqghcAgNQELwAAqQleAABSGy0APzONRuORH282mwWAfAQvkNJS1E5MTJRnnnmmbNmypfp1PKamph75NTdv3iyzs7PV840bN8qVK1eqjwthgOEmeIE0InIjZnft2lWef\/75sn379p+M29W4c+dOFb1nz54tZ86cqUJY\/AIMn8bk5KTv3sDQisjdvHlz2blzZ9m7d29HgbuS8+fPl5mZmeohfAGGRlPwAkMpQjcmuQcOHCjbtm1b8fNv375dTWtjqUKIJQ7xWIs4zr59+344FgC1JniB4RKhu2fPnnL48OFqbe5KInSnp6erR6zPXe69994rBw8eLGsRyx12795dLl++XACoNcELDIcI3ZjkRuiuZqIbrl+\/XkVprL19lFj+8MUXX5S1Er0AQ0HwAvX35JNPliNHjrQ9jX3hhRd+MnaXXLt2rTr+WsWyhh07dlTxC0AtNd14Aqi1WLZw+vTptmP3xIkTK8ZueHiZQ7vi9a11WQQA\/SF4gdqKi8o+++yzti8ui2nrqVOnVvW53ViOEGuKAagvwQvUUuzAEJPdtSw3iH1zVzPdDZ1OeENMeXu5HRoAnRG8QO3ERPeDDz5Y89ra1U53Q7e2FlvrFmcA9J7gBWplac3uWmM3ljPEDSJWa7WT4JV0cuEbAL0leIHamJiY6Ch2QzuxG9w8AiA\/wQvUxtGjR1d1M4nHaTd4465p3SCcAepL8AK18Oqrr3Zle692A7bdJRDdOi8A\/SN4gVp45513Sjes5QYQZ86cKZ2IYHbjCYD6ErzAwMU+tp0uZViylknrzMxMuX37dlmr6enpAkB9CV5g4OK2wd2w1nW0MZ09dOhQaTbbu9N6fP7x48c7nhAD0FuCFxiobdu2dW2628kWYxGt+\/fvL9evX18xfOPPYyJ87NixcvLkyQJAvY0WgAGq0215I3rPnTtX3eVt586dVYgv3yItJsFxK+KrV69WN7foxl3aAOi9xuTkZHs\/wwPoomvXrnXtpg0RrPv27SsAsEzTkgZgYGI5QzfvUGanBAAeRfACAxNLBwCg1wQvMDCbN28uANBrghcYGMELQD8IXmAgYu1uN9fvAsBPsS0ZMBDZp7uNR3zs14uNMr5YyrP3W8+t338+1ixfj6x+o5w45njrGL9edoz4\/d11zXKrNb74uvX819EHx+t0+53Gstf83P0Hrzt+HeI88br\/a6RU57bVD1B3ghegTQ\/HbETnE63nCMMnWmG4qfX7eIw3W88L8fzgYw8b33i\/TP9yoax0rq3zjbL1\/rqy495IeW6h8djPjxi9MLZYPtq4UP57pL0UXQrql+daj\/mR8tL8g\/fwOF+2zvFx6338ecOi8AVqS\/ACA9Gtu6v1w1IExkR108K6HwJ2KWZXisK1iCO+dm9d6xHhufrVZ\/G6ftP6mh1zI+XDX94vf\/jFwqrOFe\/l9b+NVOds5\/1EgP\/bN2Pl4HfNcnBivu3IBugHwQuwgpdak9u3vx0r3c\/a\/29povt2KyIfNRVerQjxw9+OVs\/TG386ep9qBevB70eqsO7EU63X+oc768uBibny5ajoBerFRWtAGr2aGn+2frH863hrermutyEX8fnR7Fj5\/ez6jmJ3uTe\/G60mtw+Lo7\/R+vipO2Mdx+6SidZfz0fx2hf68V8DgNUTvEAavdz1IaL3wJPz5ZMNC11fqxp5+Prf47Od5QurFdE7viygl8L6t9UEuLtxGtH79rd+eAjUi+AF0piYmCi9FBeE\/e6J++U\/ftW96J1ohejvvhn9+\/KD3kxGY1nD6\/cefLuPaW6vwnrJ1tax44I3gLrw33BgIO7cuVO6rV8Xwn38i\/vlbqNZ3v6ms2+hccFXxGe3li88zhvfPwjqN77vzvKFx3kwsR4tF8bmC0AdmPACA3Hjxo3SC1NTU6Uf\/rhhoZr4diJ2UliK3eZjHt0QU96l2O31ucLWef+8APVhwgsMRC8mvGHLli3l5s2bpR9iN4JNc51NZ\/8yulgd59ZIs3xT4oYOP\/7zZ2O7sFaoPtWFKXAE+l\/GFqubU8S57raa9O6yw0YUvzz3YCu0Ts8Wx4obVdzq8YV+AKsheIGBiCiN6O32hWb9mvCGWNbQiQjQuBDucS6MlfL5+sXy+y4sfYgL7\/79V\/dX\/JyLY50v1whxI45b6wUvMHh+5gQMTC8msdu2bSvZRBh\/vHHlG0isZHyV7fmnDQvlQmvy3PH5Oj8EQFcIXmBgzp8\/X7otY\/CGiNBOrXYXiGaXzgdQF4IXGJgrV66UboslEhmjN9ba3u1wCcV4G1\/+VwvegEQELzAwZ86cKb2wa9euktHdPm5te9fFZkAighcYmLhorRfLGvbs2dPTu64BMFwELzBQvZjyRuwePny4AEAQvMBAzczM9GRP3jfffLNs3769AIDgBQYqYjeitxfef\/\/9vt1uGID6ErzAwH344YelFyJ2T58+LXoBfuYELzBwcQOKEydOlF6I2L106VI5cuRIaTQa1aMT8fWxRjiOl3XPX4BsBC9QC9PT0+X69eulVyJQL168WC1z2LJlyw\/x+7gAXv458TWxLjgmxteuXauON2VyDDAUbC0O1EKs5T106FD55JNPSq\/EtDcee\/fuLTdu3Kgmy5cvXy6zs7Plq6+++tHnPv3002VqaqoK3Xi2zRnA8BK8QG3EnrzHjx8vR48eLb22FL+dLEuYbUW6b6IA9WdJA1ArJ0+eLKdOnSp1F6+xV3eKA6C7BC9QO2+99VZto7fZbFZT6HiNAAwHP40DaimCMtb1Hjx4sOOdFbrl9u3b1QQ6LrADYHgIXqC2jh07Vl1Y9u677w40emOqGxe37d+\/v3o9AAwXSxqAWotp6osvvljOnTtXhWe\/xVQ3wvuVV14RuwBDSvACtRehuXv37mqZQ+zV24\/wjdCNtboR25YwAAw3wQsMjZmZmbJ169ZqacGnn35ahW834zeOtTx0Y71u7NELwHCzhhcYOrEdWDzihhCxj+7OnTvL5s2bq311l6y05nd5KF+5cqXaA\/js2bPVMwC5CF5gaMVSh5j6xiNMTExUd0aL+I1fRxCHpRCOu6uFmNpevXq1+v3SndYAyEvwAmlEuMaE1pQWgOWs4QUAIDXBCwBAaoIXAIDUBC8AAKkJXgAAUhO8AACkJngBAEhN8AIAkJrgBQAgNcELsEabFhqlE+PNzr6+l8YXO39tdX5\/wM+L4AVYo02LnQZve2HZ6fnaCfQnmqUjcabnFgQvUA+CF6BNkXG\/\/W604wANr82tKysdJf789b+NlE7F6\/2n+caqzvebe53\/8\/DavZHWY+X3B9BrjcnJyQ7\/Hw+Q30QrFp9dKOXluZEqBrv54\/o\/blgon69fLBdHm2V2XfNH5\/znuUbZMb+u7JjrPHiXn+9PrcfFsWZZ\/g9ABPGO1vniPb403715yNet93RhbLE676WHzgnQB03BC7AKl\/5nQ+mHvf8wV74caVbx+ef\/XV96KUL0X\/5xrvr1y61J83\/eHSv98OLkvQLQR83RAsCKpjfeL\/1wt7H03Oz5OWeXDalvjTT78h5NWIBBMOEFACCzpovWAABITfACAJCa4AUAIDXBCwBAaoIXAIDUBC8AAKkJXgAAUhO8AACkJngBAEhN8AIAkJrgBQAgNcELAEBqghcAgNQELwAAqQleAABSE7wAAKQmeAEASE3wAgCQmuAFACA1wQsAQGqCFwCA1AQvAACpCV4AAFITvAAApCZ4AQBITfACAJCa4AUAIDXBCwBAaoIXAIDUBC8AAKkJXgAAUhO8AACkJngBAEhN8AIAkJrgBQAgNcELAEBqghcAgNQELwAAqQleAABSE7wAAKQmeAEASE3wAgCQmuAFACA1wQsAQGqCFwCA1AQvAACpCV4AAFITvAAApCZ4AQBITfACAJCa4AUAIDXBCwBAaoIXAIDUBC8AAKkJXgAAUhO8AACkJngBAEhN8AIAkJrgBQAgNcELAEBqghcAgNQELwAAqQleAABSE7wAAKQmeAEASE3wAgCQmuAFACA1wQsAQGqCFwCA1AQvAACpCV4AAFITvAAApCZ4AQBITfACAJCa4AUAIDXBCwBAaoIXAIDUBC8AAKkJXgAAUhO8AACkJngBAEhN8AIAkJrgBQAgNcELAEBqghcAgNQELwAAqQleAABSE7wAAKQmeAEASE3wAgCQmuAFACA1wQsAQGqCFwCA1AQvAACpCV4AAFITvAAApCZ4AQBITfACAJCa4AUAIDXBCwBAaoIXAIDUBC8AAKkJXgAAUhO8AACkJngBAEhN8AIAkJrgBQAgNcELAEBqghcAgNQELwAAqQleAABSE7wAAKQmeAEASE3wAgCQmuAFACA1wQsAQGqCFwCA1AQvAACpCV4AAFITvAAApCZ4AQBITfACAJCa4AUAIDXBCwBAaoIXAIDUBC8AAKkJXgAAUhO8AACkJngBAEhN8AIAkJrgBQAgNcELAEBqghcAgNQELwAAqQleAABSE7wAAKQmeAEASE3wAgCQmuAFACA1wQsAQGqCFwCA1AQvAACpCV4AAFIbbT2aBQAAcmr+HxOS2LXTZHzQAAAAAElFTkSuQmCC'\/%3E%3C\/svg%3E&quot;)\"   src=\"https:\/\/www.europesays.com\/fr\/wp-content\/uploads\/2026\/09\/attention-l-offre-d-abonnement-numerique-est-disponible-jusqu-a-mi-septembre-2026-1788267302_6a98ab2.jpeg\"\/>Attention, l&rsquo;offre d&rsquo;abonnement num\u00e9rique est disponible jusqu&rsquo;\u00e0 mi-septembre 2026 Doc CM<\/p>\n<p><strong>&gt; Pour <a href=\"https:\/\/abonnement.corsematin.com\/offre-diaspora-gardezlelien?at_medium=display&amp;at_campaign=gardez_le_lien_offre_2026&amp;at_creation=&amp;at_variant=&amp;at_format=&amp;at_channel=autopromo_web&amp;at_general_placement=&amp;at_detail_placement=\" target=\"_self\" rel=\"nofollow noopener\">s&rsquo;abonner c&rsquo;est ici<\/a> !<\/strong><\/p>\n<p>Plus d&rsquo;informations aupr\u00e8s de la Maison de la Corse, 69-71 rue Sylvabelle \u00e0 Marseille, t\u00e9l. 04 91 13 48 50.<\/p>\n","protected":false},"excerpt":{"rendered":"Pour sa rentr\u00e9e, la F\u00e9d\u00e9ration des groupements corses de Marseille et des Bouches-du-Rh\u00f4ne\u00a0propose un large panel d&rsquo;activit\u00e9s. Et&hellip;\n","protected":false},"author":2,"featured_media":1161067,"comment_status":"","ping_status":"","sticky":false,"template":"","format":"standard","meta":{"footnotes":"","_share_on_mastodon":"0"},"categories":[2814],"tags":[5734,14683,1111,11,1102,2517,12376,1777,674,1011,27,2142,884,12,882,28313,25,933],"class_list":["post-1161066","post","type-post","status-publish","format-standard","has-post-thumbnail","category-marseille","tag-5734","tag-active","tag-actu","tag-actualites","tag-breakingnews","tag-corse","tag-diaspora","tag-eu","tag-europe","tag-fr","tag-france","tag-maison","tag-marseille","tag-news","tag-provence-alpes-cote-dazur","tag-rentree","tag-republique-francaise","tag-tres"],"share_on_mastodon":{"url":"https:\/\/pubeurope.com\/@fr\/117195927541407609","error":""},"_links":{"self":[{"href":"https:\/\/www.europesays.com\/fr\/wp-json\/wp\/v2\/posts\/1161066","targetHints":{"allow":["GET"]}}],"collection":[{"href":"https:\/\/www.europesays.com\/fr\/wp-json\/wp\/v2\/posts"}],"about":[{"href":"https:\/\/www.europesays.com\/fr\/wp-json\/wp\/v2\/types\/post"}],"author":[{"embeddable":true,"href":"https:\/\/www.europesays.com\/fr\/wp-json\/wp\/v2\/users\/2"}],"replies":[{"embeddable":true,"href":"https:\/\/www.europesays.com\/fr\/wp-json\/wp\/v2\/comments?post=1161066"}],"version-history":[{"count":0,"href":"https:\/\/www.europesays.com\/fr\/wp-json\/wp\/v2\/posts\/1161066\/revisions"}],"wp:featuredmedia":[{"embeddable":true,"href":"https:\/\/www.europesays.com\/fr\/wp-json\/wp\/v2\/media\/1161067"}],"wp:attachment":[{"href":"https:\/\/www.europesays.com\/fr\/wp-json\/wp\/v2\/media?parent=1161066"}],"wp:term":[{"taxonomy":"category","embeddable":true,"href":"https:\/\/www.europesays.com\/fr\/wp-json\/wp\/v2\/categories?post=1161066"},{"taxonomy":"post_tag","embeddable":true,"href":"https:\/\/www.europesays.com\/fr\/wp-json\/wp\/v2\/tags?post=1161066"}],"curies":[{"name":"wp","href":"https:\/\/api.w.org\/{rel}","templated":true}]}}