{"id":1161068,"date":"2026-09-01T13:05:24","date_gmt":"2026-09-01T13:05:24","guid":{"rendered":"https:\/\/www.europesays.com\/fr\/1161068\/"},"modified":"2026-09-01T13:05:24","modified_gmt":"2026-09-01T13:05:24","slug":"venissieux-une-alarme-declenchee-par-erreur-mene-la-police-a-10-000-euros-et-du-tabac-de-contrebande","status":"publish","type":"post","link":"https:\/\/www.europesays.com\/fr\/1161068\/","title":{"rendered":"V\u00e9nissieux : une alarme d\u00e9clench\u00e9e par erreur m\u00e8ne la police \u00e0 10 000 euros et du tabac de contrebande"},"content":{"rendered":"<p itemprop=\"description\"><strong>Appel\u00e9s vendredi soir pour ce qui ressemblait \u00e0 un cambriolage aux Minguettes \u00e0 V\u00e9nissieux, les policiers ont finalement d\u00e9couvert un tout autre sc\u00e9nario. Deux hommes ont \u00e9t\u00e9 interpell\u00e9s dans un appartement o\u00f9 se trouvaient du tabac de contrebande et 10 000 euros en esp\u00e8ces.<\/strong><\/p>\n<p>L\u2019intervention devait initialement concerner un cambriolage. Elle a finalement d\u00e9bouch\u00e9 sur la d\u00e9couverte d\u2019un possible trafic de cigarettes aux Minguettes.<\/p>\n<p>Vendredi 28 ao\u00fbt au soir, un habitant de l\u2019avenue Jean-Cagne, \u00e0 V\u00e9nissieux, alerte les forces de l\u2019ordre apr\u00e8s avoir entendu une alarme chez son voisin. Une soci\u00e9t\u00e9 de t\u00e9l\u00e9surveillance confirme alors la pr\u00e9sence de mouvements dans le logement.<\/p>\n<p>Deux \u00e9quipages de police sont envoy\u00e9s sur place. Alors que certains agents se positionnent devant l\u2019appartement, un autre constate qu\u2019une baie vitr\u00e9e donnant sur le jardin est largement ouverte.<\/p>\n<p>33 cartons et 50 cartouches de cigarettes<\/p>\n<p>En entrant dans le logement, les policiers d\u00e9couvrent finalement deux hommes ainsi que le fils du propri\u00e9taire, occup\u00e9 \u00e0 compter des billets.<\/p>\n<p>Autour d\u2019eux se trouvent 33 cartons, 50 cartouches de cigarettes de contrebande et environ 10 000 euros en esp\u00e8ces.<\/p>\n<p>Deux hommes, soup\u00e7onn\u00e9s de trafic de tabac de contrebande, ont \u00e9t\u00e9 interpell\u00e9s et plac\u00e9s en garde \u00e0 vue. Le fils du propri\u00e9taire a quant \u00e0 lui \u00e9t\u00e9 d\u00e9f\u00e9r\u00e9 dimanche 30 ao\u00fbt.<\/p>\n<p>Selon une source judiciaire, les occupants auraient eux-m\u00eames d\u00e9clench\u00e9 l\u2019alarme qui a provoqu\u00e9 l\u2019arriv\u00e9e de la police.<\/p>\n","protected":false},"excerpt":{"rendered":"Appel\u00e9s vendredi soir pour ce qui ressemblait \u00e0 un cambriolage aux Minguettes \u00e0 V\u00e9nissieux, les policiers ont finalement&hellip;\n","protected":false},"author":2,"featured_media":1161069,"comment_status":"","ping_status":"","sticky":false,"template":"","format":"standard","meta":{"footnotes":"","_share_on_mastodon":"0"},"categories":[1889],"tags":[1111,11,2813,2190,2430,1109,251,1112,2811,1777,674,118,1011,27,1922,1110,1114,2428,2810,12,241,316,25,2812,517,800],"class_list":["post-1161068","post","type-post","status-publish","format-standard","has-post-thumbnail","category-lyon","tag-actu","tag-actualites","tag-article","tag-asvel","tag-auvergne-rhone-alpes","tag-breves","tag-culture","tag-depeches","tag-economique","tag-eu","tag-europe","tag-faits-divers","tag-fr","tag-france","tag-info","tag-informations","tag-infos","tag-lyon","tag-lyonmag","tag-news","tag-ol","tag-politique","tag-republique-francaise","tag-sociale","tag-sport","tag-transports"],"share_on_mastodon":{"url":"https:\/\/pubeurope.com\/@fr\/117195933441255052","error":""},"_links":{"self":[{"href":"https:\/\/www.europesays.com\/fr\/wp-json\/wp\/v2\/posts\/1161068","targetHints":{"allow":["GET"]}}],"collection":[{"href":"https:\/\/www.europesays.com\/fr\/wp-json\/wp\/v2\/posts"}],"about":[{"href":"https:\/\/www.europesays.com\/fr\/wp-json\/wp\/v2\/types\/post"}],"author":[{"embeddable":true,"href":"https:\/\/www.europesays.com\/fr\/wp-json\/wp\/v2\/users\/2"}],"replies":[{"embeddable":true,"href":"https:\/\/www.europesays.com\/fr\/wp-json\/wp\/v2\/comments?post=1161068"}],"version-history":[{"count":0,"href":"https:\/\/www.europesays.com\/fr\/wp-json\/wp\/v2\/posts\/1161068\/revisions"}],"wp:featuredmedia":[{"embeddable":true,"href":"https:\/\/www.europesays.com\/fr\/wp-json\/wp\/v2\/media\/1161069"}],"wp:attachment":[{"href":"https:\/\/www.europesays.com\/fr\/wp-json\/wp\/v2\/media?parent=1161068"}],"wp:term":[{"taxonomy":"category","embeddable":true,"href":"https:\/\/www.europesays.com\/fr\/wp-json\/wp\/v2\/categories?post=1161068"},{"taxonomy":"post_tag","embeddable":true,"href":"https:\/\/www.europesays.com\/fr\/wp-json\/wp\/v2\/tags?post=1161068"}],"curies":[{"name":"wp","href":"https:\/\/api.w.org\/{rel}","templated":true}]}}