{"id":1161082,"date":"2026-09-01T13:16:29","date_gmt":"2026-09-01T13:16:29","guid":{"rendered":"https:\/\/www.europesays.com\/fr\/1161082\/"},"modified":"2026-09-01T13:16:29","modified_gmt":"2026-09-01T13:16:29","slug":"ce-nest-pas-le-moment-de-normaliser-la-presence-de-la-russie-estime-lunion-europeenne-irritee-par-la-venue-dun-ministre-russe-au-g20-finances","status":"publish","type":"post","link":"https:\/\/www.europesays.com\/fr\/1161082\/","title":{"rendered":"\u00ab\u00a0Ce n&rsquo;est pas le moment de normaliser la pr\u00e9sence de la Russie\u00a0\u00bb, estime l&rsquo;Union europ\u00e9enne, irrit\u00e9e par la venue d&rsquo;un ministre russe au G20 Finances"},"content":{"rendered":"<p class=\"c-chapo \">\n  Habituellement persona non grata, Anton Silouanov est apparu au milieu des d\u00e9l\u00e9gu\u00e9s du G20.\n<\/p>\n<p>    Publi\u00e9 le 01\/09\/2026 14:34<\/p>\n<p>        Temps de lecture : 1min<\/p>\n<p>    <img decoding=\"async\"  alt=\"Le ministre des Finances russe, Anton Silouanov, \u00e0 Asheville (Etats-Unis), le 31 ao\u00fbt 2026. (BERND VON JUTRCZENKA \/ DPA \/ AFP)\" width=\"432\" height=\"243\" src=\"https:\/\/www.europesays.com\/fr\/wp-content\/uploads\/2026\/09\/6a96c5ba9a3ea831032558.jpg\" fetchpriority=\"high\"\/><\/p>\n<p>      Le ministre des Finances russe, Anton Silouanov, \u00e0 Asheville (Etats-Unis), le 31 ao\u00fbt 2026. (BERND VON JUTRCZENKA \/ DPA \/ AFP)<\/p>\n<p>Une invitation qui d\u00e9plait \u00e0 l&rsquo;Union europ\u00e9enne (UE). Depuis le sommet des ministres des Finances (G20 Finances), qui r\u00e9unit ministres des Finances et banquiers centraux \u00e0 Asheville (Etats-Unis), le commissaire europ\u00e9en \u00e0 l&rsquo;Economie, Valdis Dombrovskis, a d\u00e9clar\u00e9 mardi 1er septembre que la pr\u00e9sence du ministre russe des Finances, Anton Silouanov, \u00e9tait inappropri\u00e9e. Pour l&rsquo;UE, \u00ab\u00a0ce n&rsquo;est pas le moment de normaliser la Russie ou la pr\u00e9sence de la Russie \u00e0 ce genre de r\u00e9unions\u00a0\u00bb, a-t-il d\u00e9clar\u00e9.<\/p>\n<p>\u00ab\u00a0J&rsquo;ai personnellement toujours eu du mal \u00e0 discuter de sujets sensibles avec les repr\u00e9sentants de r\u00e9gimes qui m\u00e8nent une guerre et tuent quotidiennement des civils\u00a0\u00bb, a-t-il ajout\u00e9 en r\u00e9f\u00e9rence \u00e0 la guerre en Ukraine.<\/p>\n<p>Habituellement persona non grata, Anton Silouanov est apparu lundi au milieu des d\u00e9l\u00e9gu\u00e9s du G20, convi\u00e9 par les Am\u00e9ricains. Il a aussi pu s&rsquo;entretenir avec son homologue am\u00e9ricain Scott Bessent, h\u00f4te du sommet et personnalit\u00e9 de premier plan du second mandat du pr\u00e9sident Donald Trump. <\/p>\n<p>La venue du ministre russe crispe l&rsquo;UE, qui a obtenu qu&rsquo;il soit exclu de la traditionnelle photo de famille. Celle-ci a \u00e9t\u00e9 discr\u00e8tement prise lundi, pendant que la presse \u00e9tait tenue \u00e0 l&rsquo;\u00e9cart. \u00ab\u00a0Le fait d&rsquo;accueillir ici le ministre russe des Finances envoie un signal que je trouve perturbant\u00a0\u00bb, a jug\u00e9 le ministre des Finances allemand, Lars Klingbeil, devant les journalistes.<\/p>\n","protected":false},"excerpt":{"rendered":"Habituellement persona non grata, Anton Silouanov est apparu au milieu des d\u00e9l\u00e9gu\u00e9s du G20. Publi\u00e9 le 01\/09\/2026 14:34&hellip;\n","protected":false},"author":2,"featured_media":1161083,"comment_status":"","ping_status":"","sticky":false,"template":"","format":"standard","meta":{"footnotes":"","_share_on_mastodon":"0"},"categories":[1591],"tags":[11,1887,12,1885,1886,132],"class_list":["post-1161082","post","type-post","status-publish","format-standard","has-post-thumbnail","category-russie","tag-actualites","tag-federation-de-russie","tag-news","tag-russia","tag-russian-federation","tag-russie"],"share_on_mastodon":{"url":"https:\/\/pubeurope.com\/@fr\/117195978856893730","error":""},"_links":{"self":[{"href":"https:\/\/www.europesays.com\/fr\/wp-json\/wp\/v2\/posts\/1161082","targetHints":{"allow":["GET"]}}],"collection":[{"href":"https:\/\/www.europesays.com\/fr\/wp-json\/wp\/v2\/posts"}],"about":[{"href":"https:\/\/www.europesays.com\/fr\/wp-json\/wp\/v2\/types\/post"}],"author":[{"embeddable":true,"href":"https:\/\/www.europesays.com\/fr\/wp-json\/wp\/v2\/users\/2"}],"replies":[{"embeddable":true,"href":"https:\/\/www.europesays.com\/fr\/wp-json\/wp\/v2\/comments?post=1161082"}],"version-history":[{"count":0,"href":"https:\/\/www.europesays.com\/fr\/wp-json\/wp\/v2\/posts\/1161082\/revisions"}],"wp:featuredmedia":[{"embeddable":true,"href":"https:\/\/www.europesays.com\/fr\/wp-json\/wp\/v2\/media\/1161083"}],"wp:attachment":[{"href":"https:\/\/www.europesays.com\/fr\/wp-json\/wp\/v2\/media?parent=1161082"}],"wp:term":[{"taxonomy":"category","embeddable":true,"href":"https:\/\/www.europesays.com\/fr\/wp-json\/wp\/v2\/categories?post=1161082"},{"taxonomy":"post_tag","embeddable":true,"href":"https:\/\/www.europesays.com\/fr\/wp-json\/wp\/v2\/tags?post=1161082"}],"curies":[{"name":"wp","href":"https:\/\/api.w.org\/{rel}","templated":true}]}}