{"id":1161109,"date":"2026-09-01T13:37:18","date_gmt":"2026-09-01T13:37:18","guid":{"rendered":"https:\/\/www.europesays.com\/fr\/1161109\/"},"modified":"2026-09-01T13:37:18","modified_gmt":"2026-09-01T13:37:18","slug":"sco-dijon-angus-stoneham-ne-reviendra-pas-en-2027-actualite","status":"publish","type":"post","link":"https:\/\/www.europesays.com\/fr\/1161109\/","title":{"rendered":"SCO Dijon : Angus Stoneham ne reviendra pas en 2027 &#8211; Actualit\u00e9"},"content":{"rendered":"<p>Arriv\u00e9 l\u2019hiver dernier au SCO Dijon-Team Materiel-Velo.com, <strong><a href=\"https:\/\/www.directvelo.com\/coureur\/51877\/angus-stoneham\" target=\"_blank\" rel=\"noopener nofollow\">Angus Stoneham<\/a><\/strong> a d\u00e9cid\u00e9 d\u2019arr\u00eater la comp\u00e9tition. Avant de rejoindre la France, le Britannique de 21 ans<strong> <a href=\"https:\/\/www.directvelo.com\/actualite\/127667\/javais-besoin-dun-peu-plus-de-temps-angus-stoneham-de-picnic-a-dijon\" target=\"_blank\" rel=\"noopener nofollow\">avait pass\u00e9 ses deux premi\u00e8res ann\u00e9es Espoirs chez Development Team dsm-firmenich PostNL<\/a><\/strong>. <\/p>\n<p>Prometteur chez les Juniors, avec notamment une victoire d\u2019\u00e9tape \u00e0 la Ronde des Vall\u00e9es, il n\u2019a jamais pu se distinguer chez les Espoirs notamment en raison de soucis de sant\u00e9.\u00a0<\/p>\n<p>\u201cCe fut une aventure incroyable, mais au final, apr\u00e8s un long combat contre les blessures, je n&rsquo;ai pas r\u00e9ussi \u00e0 retrouver la passion que j&rsquo;avais autrefois pour ce magnifique sport. Je suis fier de la carri\u00e8re que j&rsquo;ai b\u00e2tie et reconnaissant pour les opportunit\u00e9s qu&rsquo;elle m&rsquo;a offertes : vivre en France et aux Pays-Bas, et gagner ma vie en courant \u00e0 v\u00e9lo aux c\u00f4t\u00e9s de certains des meilleurs professionnels du monde\u201d, a-t-il \u00e9crit sur Instagram.<\/p>\n<p>Cette saison, sous les couleurs dijonnaises, il n\u2019a pu faire mieux que 13e d\u2019une \u00e9tape du Tour du Beaujolais et 20e du Tour d&rsquo;Eure-et-Loir. \u00a0 \u00a0\u00a0<\/p>\n","protected":false},"excerpt":{"rendered":"Arriv\u00e9 l\u2019hiver dernier au SCO Dijon-Team Materiel-Velo.com, Angus Stoneham a d\u00e9cid\u00e9 d\u2019arr\u00eater la comp\u00e9tition. Avant de rejoindre la&hellip;\n","protected":false},"author":2,"featured_media":1161110,"comment_status":"","ping_status":"","sticky":false,"template":"","format":"standard","meta":{"footnotes":"","_share_on_mastodon":"0"},"categories":[1411],"tags":[834,828,836,829,837,827,83,826,824,823,1154,207,814,817,815,816,822,821,832,211,839,1011,27,820,818,819,835,831,830,833,838,60,212,208,825],"class_list":["post-1161109","post","type-post","status-publish","format-standard","has-post-thumbnail","category-cyclisme","tag-attaque","tag-belgique","tag-braquet","tag-bretagne","tag-chute","tag-competition","tag-coupe-de-france","tag-coureur","tag-course-cyclisme","tag-course-cycliste","tag-cycling","tag-cyclisme","tag-direct","tag-direct-velo","tag-directvelo","tag-directvelo-com","tag-epreuve","tag-epreuve-cycliste","tag-federation-francaise-de-cyclisme","tag-ffc","tag-flandres","tag-fr","tag-france","tag-live","tag-live-course","tag-live-epreuve","tag-peloton","tag-radio-peloton","tag-radio-tour","tag-ravitaillement","tag-relance","tag-sports","tag-uci","tag-velo","tag-velos"],"share_on_mastodon":{"url":"https:\/\/pubeurope.com\/@fr\/117196059421009765","error":""},"_links":{"self":[{"href":"https:\/\/www.europesays.com\/fr\/wp-json\/wp\/v2\/posts\/1161109","targetHints":{"allow":["GET"]}}],"collection":[{"href":"https:\/\/www.europesays.com\/fr\/wp-json\/wp\/v2\/posts"}],"about":[{"href":"https:\/\/www.europesays.com\/fr\/wp-json\/wp\/v2\/types\/post"}],"author":[{"embeddable":true,"href":"https:\/\/www.europesays.com\/fr\/wp-json\/wp\/v2\/users\/2"}],"replies":[{"embeddable":true,"href":"https:\/\/www.europesays.com\/fr\/wp-json\/wp\/v2\/comments?post=1161109"}],"version-history":[{"count":0,"href":"https:\/\/www.europesays.com\/fr\/wp-json\/wp\/v2\/posts\/1161109\/revisions"}],"wp:featuredmedia":[{"embeddable":true,"href":"https:\/\/www.europesays.com\/fr\/wp-json\/wp\/v2\/media\/1161110"}],"wp:attachment":[{"href":"https:\/\/www.europesays.com\/fr\/wp-json\/wp\/v2\/media?parent=1161109"}],"wp:term":[{"taxonomy":"category","embeddable":true,"href":"https:\/\/www.europesays.com\/fr\/wp-json\/wp\/v2\/categories?post=1161109"},{"taxonomy":"post_tag","embeddable":true,"href":"https:\/\/www.europesays.com\/fr\/wp-json\/wp\/v2\/tags?post=1161109"}],"curies":[{"name":"wp","href":"https:\/\/api.w.org\/{rel}","templated":true}]}}