{"id":1161124,"date":"2026-09-01T13:48:19","date_gmt":"2026-09-01T13:48:19","guid":{"rendered":"https:\/\/www.europesays.com\/fr\/1161124\/"},"modified":"2026-09-01T13:48:19","modified_gmt":"2026-09-01T13:48:19","slug":"stan-dewulf-de-retour-emilien-jacquelin-en-proseries-pour-decathlon-cma-cgm-actualite","status":"publish","type":"post","link":"https:\/\/www.europesays.com\/fr\/1161124\/","title":{"rendered":"Stan Dewulf de retour, Emilien Jacquelin en ProSeries pour Decathlon CMA CGM &#8211; Actualit\u00e9"},"content":{"rendered":"<p>La formation Decathlon CMA CGM vient de d\u00e9voiler sa composition d&rsquo;\u00e9quipe pour le prochain Tour de Grande-Bretagne, course par \u00e9tapes de niveau ProSeries qui d\u00e9bute ce mercredi 2 septembre et se terminera dimanche prochain apr\u00e8s cinq jours de comp\u00e9tition.\u00a0<\/p>\n<p><strong><a style=\"color: #000000; text-decoration: underline;\" href=\"https:\/\/www.directvelo.com\/actualite\/130638\/decathlon-cma-cgm-un-automobiliste-provoque-un-accident-une-fracture-pour-stan-dewulf\" target=\"_blank\" rel=\"noopener nofollow\">Victime d&rsquo;une fracture apr\u00e8s une chute en stage fin juillet,<\/a><\/strong> le Belge Stan Dewulf va faire son retour \u00e0 la comp\u00e9tition pour l&rsquo;occasion. Alors que la WorldTeam fran\u00e7aise sera emmen\u00e9e par son sprinteur n\u00e9erlandais Olav Kooij, le Fran\u00e7ais <strong><a style=\"color: #000000; text-decoration: underline;\" href=\"https:\/\/www.directvelo.com\/coureur\/71745\/emilien-jacquelin\" target=\"_blank\" rel=\"noopener nofollow\">Emilien Jacquelin<\/a><\/strong> sera \u00e9galement de la partie et va donc d\u00e9couvrir une \u00e9preuve de niveau ProSeries.<\/p>\n<p>Pour rappel, le biathl\u00e8te vient de participer \u00e0 la Polynormande puis au Tour du Limousin avec Decathlon CMA CGM, par deux fois en Classe 1. Depuis, il a \u00e9galement particip\u00e9 aux Jeux M\u00e9diterran\u00e9ens avec l&rsquo;\u00e9quipe de France.\u00a0<\/p>\n<p><strong>La s\u00e9lection de l&rsquo;\u00e9quipe Decathlon CMA CGM pour le Tour de Grande-Bretagne :<\/strong><br \/><a class=\"rider-link mention\" href=\"https:\/\/www.directvelo.com\/coureur\/11323\/cees-bol\" rel=\"external nofollow noopener\" data-rider=\"11323\" target=\"_blank\">Cees BOL<\/a>\u00a0<br \/><a class=\"rider-link mention\" href=\"https:\/\/www.directvelo.com\/coureur\/13983\/stan-dewulf\" rel=\"external nofollow noopener\" data-rider=\"13983\" target=\"_blank\">Stan DEWULF<\/a>\u00a0<br \/><a class=\"rider-link mention\" href=\"https:\/\/www.directvelo.com\/coureur\/14759\/robbe-ghys\" rel=\"external nofollow noopener\" data-rider=\"14759\" target=\"_blank\">Robbe GHYS<\/a>\u00a0<br \/><a class=\"rider-link mention\" href=\"https:\/\/www.directvelo.com\/coureur\/16719\/daan-hoole\" rel=\"external nofollow noopener\" data-rider=\"16719\" target=\"_blank\">Daan HOOLE<\/a>\u00a0<br \/><a class=\"rider-link mention\" href=\"https:\/\/www.directvelo.com\/coureur\/71745\/emilien-jacquelin\" rel=\"external nofollow noopener\" data-rider=\"71745\" target=\"_blank\">Emilien JACQUELIN<\/a>\u00a0<br \/><a class=\"rider-link mention\" href=\"https:\/\/www.directvelo.com\/coureur\/27544\/olav-kooij\" rel=\"external nofollow noopener\" data-rider=\"27544\" target=\"_blank\">Olav KOOIJ<\/a>\u00a0<\/p>\n","protected":false},"excerpt":{"rendered":"La formation Decathlon CMA CGM vient de d\u00e9voiler sa composition d&rsquo;\u00e9quipe pour le prochain Tour de Grande-Bretagne, course&hellip;\n","protected":false},"author":2,"featured_media":1161125,"comment_status":"","ping_status":"","sticky":false,"template":"","format":"standard","meta":{"footnotes":"","_share_on_mastodon":"0"},"categories":[9],"tags":[834,828,836,829,837,827,83,826,824,823,207,814,817,815,816,822,821,832,211,839,1011,27,820,818,819,835,831,830,833,838,60,212,208,825],"class_list":["post-1161124","post","type-post","status-publish","format-standard","has-post-thumbnail","category-sports","tag-attaque","tag-belgique","tag-braquet","tag-bretagne","tag-chute","tag-competition","tag-coupe-de-france","tag-coureur","tag-course-cyclisme","tag-course-cycliste","tag-cyclisme","tag-direct","tag-direct-velo","tag-directvelo","tag-directvelo-com","tag-epreuve","tag-epreuve-cycliste","tag-federation-francaise-de-cyclisme","tag-ffc","tag-flandres","tag-fr","tag-france","tag-live","tag-live-course","tag-live-epreuve","tag-peloton","tag-radio-peloton","tag-radio-tour","tag-ravitaillement","tag-relance","tag-sports","tag-uci","tag-velo","tag-velos"],"share_on_mastodon":{"url":"https:\/\/pubeurope.com\/@fr\/117196102662658614","error":""},"_links":{"self":[{"href":"https:\/\/www.europesays.com\/fr\/wp-json\/wp\/v2\/posts\/1161124","targetHints":{"allow":["GET"]}}],"collection":[{"href":"https:\/\/www.europesays.com\/fr\/wp-json\/wp\/v2\/posts"}],"about":[{"href":"https:\/\/www.europesays.com\/fr\/wp-json\/wp\/v2\/types\/post"}],"author":[{"embeddable":true,"href":"https:\/\/www.europesays.com\/fr\/wp-json\/wp\/v2\/users\/2"}],"replies":[{"embeddable":true,"href":"https:\/\/www.europesays.com\/fr\/wp-json\/wp\/v2\/comments?post=1161124"}],"version-history":[{"count":0,"href":"https:\/\/www.europesays.com\/fr\/wp-json\/wp\/v2\/posts\/1161124\/revisions"}],"wp:featuredmedia":[{"embeddable":true,"href":"https:\/\/www.europesays.com\/fr\/wp-json\/wp\/v2\/media\/1161125"}],"wp:attachment":[{"href":"https:\/\/www.europesays.com\/fr\/wp-json\/wp\/v2\/media?parent=1161124"}],"wp:term":[{"taxonomy":"category","embeddable":true,"href":"https:\/\/www.europesays.com\/fr\/wp-json\/wp\/v2\/categories?post=1161124"},{"taxonomy":"post_tag","embeddable":true,"href":"https:\/\/www.europesays.com\/fr\/wp-json\/wp\/v2\/tags?post=1161124"}],"curies":[{"name":"wp","href":"https:\/\/api.w.org\/{rel}","templated":true}]}}