{"id":1161164,"date":"2026-09-01T14:15:20","date_gmt":"2026-09-01T14:15:20","guid":{"rendered":"https:\/\/www.europesays.com\/fr\/1161164\/"},"modified":"2026-09-01T14:15:20","modified_gmt":"2026-09-01T14:15:20","slug":"ol-rennes-la-programmation-de-la-rencontre-est-tombee","status":"publish","type":"post","link":"https:\/\/www.europesays.com\/fr\/1161164\/","title":{"rendered":"OL-Rennes : la programmation de la rencontre est tomb\u00e9e"},"content":{"rendered":"<p itemprop=\"description\"><strong>La programmation de la cinqui\u00e8me journ\u00e9e de Ligue 1 est connue.<\/strong><\/p>\n<p dir=\"ltr\">Les supporters lyonnais peuvent d\u00e9sormais noter la date. L\u2019OL recevra le Stade Rennais le samedi 19 septembre \u00e0 20h45 pour une nouvelle rencontre de championnat au Groupama Stadium.<\/p>\n<p dir=\"ltr\">Une affiche programm\u00e9e en prime time qui opposera deux formations habitu\u00e9es \u00e0 se battre pour les places europ\u00e9ennes. Pour les hommes de <strong>Paulo Fonseca<\/strong>, ce rendez-vous \u00e0 domicile constituera une nouvelle \u00e9tape importante dans ce d\u00e9but de saison, avec l\u2019ambition de prendre des points devant leur public.<\/p>\n<p dir=\"ltr\">La rencontre sera diffus\u00e9e sur Ligue 1+, diffuseur principal du championnat de France cette saison.<\/p>\n<p dir=\"ltr\">Cette journ\u00e9e sera \u00e9galement marqu\u00e9e par l\u2019un des rendez-vous les plus attendus de la saison en Ligue 1. L\u2019Olympique de Marseille recevra le Paris Saint-Germain le dimanche \u00e0 20h45, au lendemain de la rencontre entre Lyon et Rennes.<\/p>\n","protected":false},"excerpt":{"rendered":"La programmation de la cinqui\u00e8me journ\u00e9e de Ligue 1 est connue. Les supporters lyonnais peuvent d\u00e9sormais noter la&hellip;\n","protected":false},"author":2,"featured_media":1161165,"comment_status":"","ping_status":"","sticky":false,"template":"","format":"standard","meta":{"footnotes":"","_share_on_mastodon":"0"},"categories":[2821],"tags":[1111,11,2813,829,1109,1112,1777,674,2257,1011,27,1922,1110,1114,2851,12,241,584,25,517],"class_list":["post-1161164","post","type-post","status-publish","format-standard","has-post-thumbnail","category-rennes","tag-actu","tag-actualites","tag-article","tag-bretagne","tag-breves","tag-depeches","tag-eu","tag-europe","tag-foot","tag-fr","tag-france","tag-info","tag-informations","tag-infos","tag-lyonfoot","tag-news","tag-ol","tag-rennes","tag-republique-francaise","tag-sport"],"share_on_mastodon":{"url":"https:\/\/pubeurope.com\/@fr\/117196208628012287","error":""},"_links":{"self":[{"href":"https:\/\/www.europesays.com\/fr\/wp-json\/wp\/v2\/posts\/1161164","targetHints":{"allow":["GET"]}}],"collection":[{"href":"https:\/\/www.europesays.com\/fr\/wp-json\/wp\/v2\/posts"}],"about":[{"href":"https:\/\/www.europesays.com\/fr\/wp-json\/wp\/v2\/types\/post"}],"author":[{"embeddable":true,"href":"https:\/\/www.europesays.com\/fr\/wp-json\/wp\/v2\/users\/2"}],"replies":[{"embeddable":true,"href":"https:\/\/www.europesays.com\/fr\/wp-json\/wp\/v2\/comments?post=1161164"}],"version-history":[{"count":0,"href":"https:\/\/www.europesays.com\/fr\/wp-json\/wp\/v2\/posts\/1161164\/revisions"}],"wp:featuredmedia":[{"embeddable":true,"href":"https:\/\/www.europesays.com\/fr\/wp-json\/wp\/v2\/media\/1161165"}],"wp:attachment":[{"href":"https:\/\/www.europesays.com\/fr\/wp-json\/wp\/v2\/media?parent=1161164"}],"wp:term":[{"taxonomy":"category","embeddable":true,"href":"https:\/\/www.europesays.com\/fr\/wp-json\/wp\/v2\/categories?post=1161164"},{"taxonomy":"post_tag","embeddable":true,"href":"https:\/\/www.europesays.com\/fr\/wp-json\/wp\/v2\/tags?post=1161164"}],"curies":[{"name":"wp","href":"https:\/\/api.w.org\/{rel}","templated":true}]}}