{"id":1161199,"date":"2026-09-01T14:45:17","date_gmt":"2026-09-01T14:45:17","guid":{"rendered":"https:\/\/www.europesays.com\/fr\/1161199\/"},"modified":"2026-09-01T14:45:17","modified_gmt":"2026-09-01T14:45:17","slug":"celine-dion-est-tres-contente-detre-a-paris-pour-ses-concerts","status":"publish","type":"post","link":"https:\/\/www.europesays.com\/fr\/1161199\/","title":{"rendered":"C\u00e9line Dion est tr\u00e8s \u00ab\u00a0contente\u00a0\u00bb d\u2019\u00eatre \u00e0 Paris pour ses concerts"},"content":{"rendered":"<p class=\"mb-4 text-lg md:leading-8 break-words\"><strong>COMME \u00c0 LA MAISON &#8211; La chanteuse qu\u00e9b\u00e9coise a rejoint la semaine derni\u00e8re la capitale pour pr\u00e9parer sa r\u00e9sidence de concerts<\/strong><\/p>\n<p class=\"mb-4 text-lg md:leading-8 break-words\">C\u00e9line Dion est aux anges depuis qu&rsquo;elle a retrouv\u00e9 Paris. La star l&rsquo;a fait savoir cette semaine aux fans qui l&rsquo;ont attendue devant son h\u00f4tel dans l&rsquo;espoir de l&rsquo;apercevoir. Voil\u00e0 quelques jours que la chanteuse de Pour que tu m&rsquo;aimes encore est <a data-ylk=\"slk:en France;elm:context_link;itc:0;sec:content-canvas;\" data-yga=\"{&quot;yLinkElement&quot;:&quot;link&quot;,&quot;yLinkElementType&quot;:&quot;article_link&quot;}\" href=\"https:\/\/www.20minutes.fr\/arts-stars\/people\/4241465-20260828-celine-dion-debarque-france-deux-semaines-avant-debut-serie-concerts?at_medium=RSS%20feed&amp;at_campaign=ynews&amp;utm_source=yahoo&amp;utm_medium=rss&amp;utm_campaign=news_feed&amp;utm_content=in_article_link\" rel=\"noopener noreferrer nofollow\" target=\"_blank\">en France<\/a> pour pr\u00e9parer sa r\u00e9sidence de concerts qu&rsquo;elle donnera \u00e0 La D\u00e9fense Arena du 12 septembre au 17 octobre. Plusieurs dates ont \u00e9galement \u00e9t\u00e9 annonc\u00e9es <a data-ylk=\"slk:pour le mois de mai.;elm:context_link;itc:0;sec:content-canvas;\" data-yga=\"{&quot;yLinkElement&quot;:&quot;link&quot;,&quot;yLinkElementType&quot;:&quot;article_link&quot;}\" href=\"https:\/\/www.20minutes.fr\/arts-stars\/culture\/4226513-20260601-celine-dion-chanteuse-annonce-dix-nouveaux-concerts-paris-mai-2027?at_medium=RSS%20feed&amp;at_campaign=ynews&amp;utm_source=yahoo&amp;utm_medium=rss&amp;utm_campaign=news_feed&amp;utm_content=in_article_link\" rel=\"noopener noreferrer nofollow\" target=\"_blank\">pour le mois de mai.<\/a><\/p>\n<p class=\"mb-4 text-lg md:leading-8 break-words\">\u00c9mue de remonter sur sc\u00e8ne apr\u00e8s plusieurs ann\u00e9es de pause, <a data-ylk=\"slk:C\u00e9line Dion;elm:context_link;itc:0;sec:content-canvas;\" data-yga=\"{&quot;yLinkElement&quot;:&quot;link&quot;,&quot;yLinkElementType&quot;:&quot;article_link&quot;}\" href=\"https:\/\/www.20minutes.fr\/arts-stars\/culture\/musique\/4231962-20260703-bonjour-pardon-merci-priere-hawaienne-inspire-nouvelle-chanson-celine-dion?at_medium=RSS%20feed&amp;at_campaign=ynews&amp;utm_source=yahoo&amp;utm_medium=rss&amp;utm_campaign=news_feed&amp;utm_content=in_article_link\" rel=\"noopener noreferrer nofollow\" target=\"_blank\">C\u00e9line Dion<\/a> est all\u00e9e \u00e0 la rencontre des fans qui l&rsquo;attendaient devant l&rsquo;h\u00f4tel Royal Monceau, dans le 8e arrondissement de Paris, comme le montrent des vid\u00e9os publi\u00e9es sur les r\u00e9seaux sociaux et rep\u00e9r\u00e9es par <a data-ylk=\"slk:Voici;elm:context_link;itc:0;sec:content-canvas;\" data-yga=\"{&quot;yLinkElement&quot;:&quot;link&quot;,&quot;yLinkElementType&quot;:&quot;article_link&quot;}\" href=\"https:\/\/www.voici.fr\/celebrites\/je-suis-tellement-contente-celine-dion-a-paris-elle-se-confie-a-ses-fans-sur-sa-premiere-repetition-avant-ses-concerts-828376?at_medium=RSS%20feed&amp;at_campaign=ynews&amp;utm_source=yahoo&amp;utm_medium=rss&amp;utm_campaign=news_feed&amp;utm_content=in_article_link\" rel=\"noopener noreferrer nofollow\" target=\"_blank\">Voici<\/a>. Dans l&rsquo;une d&rsquo;entre elles, on voit la star contourner son v\u00e9hicule pour se laisser prendre en photo et r\u00e9pondre \u00e0 certains fans l&rsquo;interrogeant sur son retour.<\/p>\n<p>\u00ab Donner le meilleur \u00bb<\/p>\n<p class=\"mb-4 text-lg md:leading-8 break-words\">L&rsquo;artiste leur a r\u00e9v\u00e9l\u00e9 qu&rsquo;elle revenait tout juste de la \u00ab premi\u00e8re r\u00e9p\u00e9tition \u00bb de <a data-ylk=\"slk:son spectacle;elm:context_link;itc:0;sec:content-canvas;\" data-yga=\"{&quot;yLinkElement&quot;:&quot;link&quot;,&quot;yLinkElementType&quot;:&quot;article_link&quot;}\" href=\"https:\/\/www.20minutes.fr\/societe\/4228726-20260612-rennes-deux-places-vip-concert-celine-dion-tombola-ecole-explose?at_medium=RSS%20feed&amp;at_campaign=ynews&amp;utm_source=yahoo&amp;utm_medium=rss&amp;utm_campaign=news_feed&amp;utm_content=in_article_link\" rel=\"noopener noreferrer nofollow\" target=\"_blank\">son spectacle<\/a>, qui a \u00e9t\u00e9 \u00ab super \u00bb. Touch\u00e9e par leurs encouragements, elle s&rsquo;est engag\u00e9e \u00e0 trouver un moyen, avec son \u00e9quipe, de \u00ab s&rsquo;organiser pour faire des autographes \u00bb \u00e0 l&rsquo;avenir. \u00ab Je suis tellement contente d&rsquo;\u00eatre ici \u00bb, leur a-t-elle aussi confi\u00e9, ajoutant que revenir sur sc\u00e8ne \u00e9tait pour elle \u00ab un r\u00eave \u00bb.<\/p>\n<p class=\"mb-4 text-lg md:leading-8 break-words\">Dans une autre vid\u00e9o, C\u00e9line Dion a fait part de sa motivation pour les concerts \u00e0 venir et \u00e9voqu\u00e9 son programme enti\u00e8rement d\u00e9di\u00e9 \u00e0 ce projet. \u00ab \u00c7a fait longtemps que je n&rsquo;ai pas \u00e9t\u00e9 sur sc\u00e8ne et j&rsquo;essaie de garder tou(&#8230;)<\/p>\n<p class=\"mb-4 text-lg md:leading-8 break-words\"><a data-ylk=\"slk:Lire la suite sur 20minutes;elm:context_link;itc:0;sec:content-canvas;\" data-yga=\"{&quot;yLinkElement&quot;:&quot;link&quot;,&quot;yLinkElementType&quot;:&quot;article_link&quot;}\" href=\"https:\/\/www.20minutes.fr\/arts-stars\/people\/4242170-20260901-celine-dion-tres-contente-etre-paris-concerts?at_medium=RSS%20feed&amp;at_campaign=ynews&amp;utm_source=yahoo&amp;utm_medium=rss&amp;utm_campaign=news_feed&amp;utm_content=read_more_link&quot;\" rel=\"noopener noreferrer nofollow\" target=\"_blank\">Lire la suite sur 20minutes<\/a><\/p>\n<p>\u00c0 lire aussi :<br \/><a data-ylk=\"slk:C\u00e9line Dion \u00e0 Paris : Le \u00ab dynamic pricing \u00bb, pratique qui fait varier le prix selon la demande, est-elle interdite ?;elm:context_link;itc:0;sec:content-canvas;\" data-yga=\"{&quot;yLinkElement&quot;:&quot;link&quot;,&quot;yLinkElementType&quot;:&quot;article_link&quot;}\" href=\"https:\/\/www.20minutes.fr\/societe\/4217676-20260410-celine-dion-paris-dynamic-pricing-pratique-fait-varier-prix-selon-demande-interdite?at_medium=RSS%20feed&amp;at_campaign=ynews&amp;utm_source=yahoo&amp;utm_medium=rss&amp;utm_campaign=news_feed&amp;utm_content=related_content_link\" rel=\"noopener noreferrer nofollow\" target=\"_blank\">C\u00e9line Dion \u00e0 Paris : Le \u00ab dynamic pricing \u00bb, pratique qui fait varier le prix selon la demande, est-elle interdite ?<\/a><\/p>\n","protected":false},"excerpt":{"rendered":"COMME \u00c0 LA MAISON &#8211; La chanteuse qu\u00e9b\u00e9coise a rejoint la semaine derni\u00e8re la capitale pour pr\u00e9parer sa&hellip;\n","protected":false},"author":2,"featured_media":1161200,"comment_status":"","ping_status":"","sticky":false,"template":"","format":"standard","meta":{"footnotes":"","_share_on_mastodon":"0"},"categories":[1888],"tags":[1111,1928,11,1927,119354,7043,119353,119355,1446,119356,1777,674,1011,27,119357,4743,12,1926,626,1925,25],"class_list":["post-1161199","post","type-post","status-publish","format-standard","has-post-thumbnail","category-paris","tag-actu","tag-actu-paris","tag-actualites","tag-actualites-paris","tag-attendue-devant","tag-celine-dion","tag-celine-dion-est-aux-anges-depuis","tag-comme-a-la-maison-la","tag-dans","tag-dans-une-autre-video","tag-eu","tag-europe","tag-fr","tag-france","tag-hotel-dans-lespoir-de","tag-la","tag-news","tag-news-paris","tag-paris","tag-paris-news","tag-republique-francaise"],"share_on_mastodon":{"url":"https:\/\/pubeurope.com\/@fr\/117196326618439791","error":""},"_links":{"self":[{"href":"https:\/\/www.europesays.com\/fr\/wp-json\/wp\/v2\/posts\/1161199","targetHints":{"allow":["GET"]}}],"collection":[{"href":"https:\/\/www.europesays.com\/fr\/wp-json\/wp\/v2\/posts"}],"about":[{"href":"https:\/\/www.europesays.com\/fr\/wp-json\/wp\/v2\/types\/post"}],"author":[{"embeddable":true,"href":"https:\/\/www.europesays.com\/fr\/wp-json\/wp\/v2\/users\/2"}],"replies":[{"embeddable":true,"href":"https:\/\/www.europesays.com\/fr\/wp-json\/wp\/v2\/comments?post=1161199"}],"version-history":[{"count":0,"href":"https:\/\/www.europesays.com\/fr\/wp-json\/wp\/v2\/posts\/1161199\/revisions"}],"wp:featuredmedia":[{"embeddable":true,"href":"https:\/\/www.europesays.com\/fr\/wp-json\/wp\/v2\/media\/1161200"}],"wp:attachment":[{"href":"https:\/\/www.europesays.com\/fr\/wp-json\/wp\/v2\/media?parent=1161199"}],"wp:term":[{"taxonomy":"category","embeddable":true,"href":"https:\/\/www.europesays.com\/fr\/wp-json\/wp\/v2\/categories?post=1161199"},{"taxonomy":"post_tag","embeddable":true,"href":"https:\/\/www.europesays.com\/fr\/wp-json\/wp\/v2\/tags?post=1161199"}],"curies":[{"name":"wp","href":"https:\/\/api.w.org\/{rel}","templated":true}]}}