{"id":1161205,"date":"2026-09-01T14:50:18","date_gmt":"2026-09-01T14:50:18","guid":{"rendered":"https:\/\/www.europesays.com\/fr\/1161205\/"},"modified":"2026-09-01T14:50:18","modified_gmt":"2026-09-01T14:50:18","slug":"guerre-en-ukraine-lue-assure-que-les-attaques-hybrides-de-la-russie-ne-la-dissuaderont-pas-daider-kiev","status":"publish","type":"post","link":"https:\/\/www.europesays.com\/fr\/1161205\/","title":{"rendered":"Guerre en Ukraine : l&rsquo;UE assure que les \u00abattaques hybrides\u00bb de la Russie ne la dissuaderont pas d&rsquo;aider Kiev"},"content":{"rendered":"<p>\n    \u00abLa Russie s\u2019en prend \u00e0 l\u2019Europe via une vague d\u2019attaques hybrides qui ont un impact direct grandissant\u00bb, a d\u00e9clar\u00e9 Kaja Kallas devant des journalistes, \u00e0 l\u2019occasion d\u2019une r\u00e9union des ministres de la D\u00e9fense de l\u2019UE en Irlande.<\/p>\n<p class=\"fig-paragraph\">Les \u00abattaques hybrides\u00bb men\u00e9es par la\u00a0<a href=\"http:\/\/www.lefigaro.fr\/international\/une-relation-strategique-le-president-iranien-massoud-pezeshkian-remercie-vladimir-poutine-pour-la-position-de-la-russie-durant-la-guerre-au-moyen-orient-20260901\" data-fig-type=\"NewsFlash\" data-gtm-custom-categorie=\"navigation\" data-gtm-custom-action=\"crossclick\" data-gtm-custom-label=\"Contextuel\" data-gtm-event=\"customEventSPE\" data-fig-domain=\"LEFIGARO\" rel=\"nofollow noopener\" target=\"_blank\">Russie\u00a0<\/a>ne parviendront pas \u00e0 dissuader l&rsquo;Union europ\u00e9enne de soutenir l&rsquo;<a href=\"http:\/\/www.lefigaro.fr\/international\/la-russie-annonce-preparer-des-frappes-massives-contre-des-installations-du-secteur-energetique-de-l-ukraine-20260830\" data-fig-type=\"NewsFlash\" data-gtm-custom-categorie=\"navigation\" data-gtm-custom-action=\"crossclick\" data-gtm-custom-label=\"Contextuel\" data-gtm-event=\"customEventSPE\" data-fig-domain=\"LEFIGARO\" rel=\"nofollow noopener\" target=\"_blank\">Ukraine<\/a>, a affirm\u00e9 mardi la chef de la diplomatie de l&rsquo;UE\u00a0<a href=\"http:\/\/www.lefigaro.fr\/international\/guerre-en-ukraine-la-chef-de-la-diplomatie-europeenne-kaja-kallas-va-proposer-de-nouvelles-sanctions-contre-la-russie-apres-les-frappes-sur-kiev-20260702\" data-fig-type=\"NewsFlash\" data-gtm-custom-categorie=\"navigation\" data-gtm-custom-action=\"crossclick\" data-gtm-custom-label=\"Contextuel\" data-gtm-event=\"customEventSPE\" data-fig-domain=\"LEFIGARO\" rel=\"nofollow noopener\" target=\"_blank\">Kaja Kallas<\/a>, alors que\u00a0<a href=\"http:\/\/www.lefigaro.fr\/international\/n-importe-qui-peut-se-prendre-une-balle-a-bruxelles-des-familles-manifestent-contre-les-fusillades-a-repetition-20260830\" data-fig-type=\"NewsFlash\" data-gtm-custom-categorie=\"navigation\" data-gtm-custom-action=\"crossclick\" data-gtm-custom-label=\"Contextuel\" data-gtm-event=\"customEventSPE\" data-fig-domain=\"LEFIGARO\" rel=\"nofollow noopener\" target=\"_blank\">Bruxelles\u00a0<\/a>accuse Moscou de chercher \u00e0 d\u00e9stabiliser les alli\u00e9s de Kiev.<\/p>\n<p class=\"fig-paragraph\">\u00abLa Russie s&rsquo;en prend \u00e0 l&rsquo;Europe via une vague d&rsquo;attaques hybrides qui ont un impact direct grandissant\u00bb, a d\u00e9clar\u00e9 Kaja Kallas devant des journalistes, \u00e0 l&rsquo;occasion d&rsquo;une r\u00e9union des ministres de la D\u00e9fense de l&rsquo;UE en Irlande. \u00abLa Russie cherche \u00e0 nous dissuader d&rsquo;aider l&rsquo;Ukraine, mais elle n&rsquo;y arrivera pas\u00bb, a-t-elle ajout\u00e9.<\/p>\n<p>                                            <a class=\"fig-a11y-skip\" href=\"#fig-a11y-skip-main-inarticle\" is=\"fig-a11y-skip\" data-trigger-mode=\"visible-once\"><br \/>\n    Passer la publicit\u00e9<br \/>\n<\/a>            <\/p>\n<p class=\"fig-paragraph\">Plus d\u2019informations \u00e0 venir&#8230;<\/p>\n","protected":false},"excerpt":{"rendered":"\u00abLa Russie s\u2019en prend \u00e0 l\u2019Europe via une vague d\u2019attaques hybrides qui ont un impact direct grandissant\u00bb, a&hellip;\n","protected":false},"author":2,"featured_media":1161206,"comment_status":"","ping_status":"","sticky":false,"template":"","format":"standard","meta":{"footnotes":"","_share_on_mastodon":"0"},"categories":[1591],"tags":[11,1887,131,12,1885,1886,132,1778],"class_list":["post-1161205","post","type-post","status-publish","format-standard","has-post-thumbnail","category-russie","tag-actualites","tag-federation-de-russie","tag-guerre-en-ukraine","tag-news","tag-russia","tag-russian-federation","tag-russie","tag-ue"],"share_on_mastodon":{"url":"https:\/\/pubeurope.com\/@fr\/117196346437442130","error":""},"_links":{"self":[{"href":"https:\/\/www.europesays.com\/fr\/wp-json\/wp\/v2\/posts\/1161205","targetHints":{"allow":["GET"]}}],"collection":[{"href":"https:\/\/www.europesays.com\/fr\/wp-json\/wp\/v2\/posts"}],"about":[{"href":"https:\/\/www.europesays.com\/fr\/wp-json\/wp\/v2\/types\/post"}],"author":[{"embeddable":true,"href":"https:\/\/www.europesays.com\/fr\/wp-json\/wp\/v2\/users\/2"}],"replies":[{"embeddable":true,"href":"https:\/\/www.europesays.com\/fr\/wp-json\/wp\/v2\/comments?post=1161205"}],"version-history":[{"count":0,"href":"https:\/\/www.europesays.com\/fr\/wp-json\/wp\/v2\/posts\/1161205\/revisions"}],"wp:featuredmedia":[{"embeddable":true,"href":"https:\/\/www.europesays.com\/fr\/wp-json\/wp\/v2\/media\/1161206"}],"wp:attachment":[{"href":"https:\/\/www.europesays.com\/fr\/wp-json\/wp\/v2\/media?parent=1161205"}],"wp:term":[{"taxonomy":"category","embeddable":true,"href":"https:\/\/www.europesays.com\/fr\/wp-json\/wp\/v2\/categories?post=1161205"},{"taxonomy":"post_tag","embeddable":true,"href":"https:\/\/www.europesays.com\/fr\/wp-json\/wp\/v2\/tags?post=1161205"}],"curies":[{"name":"wp","href":"https:\/\/api.w.org\/{rel}","templated":true}]}}