{"id":1161217,"date":"2026-09-01T14:58:44","date_gmt":"2026-09-01T14:58:44","guid":{"rendered":"https:\/\/www.europesays.com\/fr\/1161217\/"},"modified":"2026-09-01T14:58:44","modified_gmt":"2026-09-01T14:58:44","slug":"us-open-greg-rusedski-soyons-honnete-carlos-alcaraz-a-eu-beaucoup-de-chance","status":"publish","type":"post","link":"https:\/\/www.europesays.com\/fr\/1161217\/","title":{"rendered":"US Open > Greg Rusedski : \u00ab\u00a0Soyons honn\u00eate, Carlos Alcaraz a eu beaucoup de chance."},"content":{"rendered":"<p><a href=\"https:\/\/www.welovetennis.fr\/wp-content\/uploads\/2026\/09\/Carlos-Alcaraz-US-26.jpeg\" data-caption=\"\" rel=\"nofollow noopener\" target=\"_blank\"><img loading=\"lazy\" decoding=\"async\" width=\"696\" height=\"377\" class=\"entry-thumb td-modal-image lazy\" src=\"data:image\/svg+xml,%3Csvg%20xmlns%3D%22http%3A%2F%2Fwww.w3.org%2F2000%2Fsvg%22%20viewBox%3D%220%200%20696%20377%22%3E%3C%2Fsvg%3E\" data-src=\"https:\/\/www.europesays.com\/fr\/wp-content\/uploads\/2026\/09\/Carlos-Alcaraz-US-26-696x377.jpeg\" data- data- alt=\"\" title=\"Carlos Alcaraz US 26\"\/><\/a><\/p>\n<p>\u00ab\u202fJe pense que Carlos Alcaraz se fera \u00e9limin\u00e9 d\u00e8s le premier tour si son adver\u00adsaire ne se met pas la pres\u00adsion\u202f\u00bb, <a href=\"https:\/\/www.welovetennis.fr\/us-open\/greg-rusedski-pessimiste-pour-carlos-alcaraz-je-pense-quil-se-fera-elimine-des-le-premier-tour-si-son-adversaire-ne-se-met-pas-la-pression\" data-wpel-link=\"internal\" rel=\"nofollow noopener\" target=\"_blank\">d\u00e9cla\u00adrait Greg Rusedski<\/a>, qui s\u2019interrogeait sur la d\u00e9ci\u00adsion de l\u2019Espagnol de reprendre la comp\u00e9\u00adti\u00adtion direc\u00adte\u00adment en Grand Chelem, apr\u00e8s quatre mois et demi d\u2019absence en raison d\u2019une bles\u00adsure au poignet droit.<\/p>\n<p>Dans le dernier \u00e9pisode de son podcast, dont les propos sont relay\u00e9s par <a href=\"https:\/\/www.tennis365.com\/tennis-news\/carlos-alcaraz-us-open-comeback-shocking-very-fortunate-greg-rusedski\" data-wpel-link=\"external\" target=\"_blank\" rel=\"nofollow external noopener\">Tennis365<\/a>, l\u2019an\u00adcien num\u00e9ro 4 mondial a partag\u00e9 son analyse apr\u00e8s la victoire d\u2019Alcaraz contre Roman Safiullin (99e mondial) : 6\u20134, 6\u20134, 6\u20134, en 2h22 de\u00a0jeu.\u00a0<\/p>\n<p><strong>\u00ab\u202fSoyons honn\u00eates, il a eu beau\u00adcoup de chance que ce soit un match en trois sets. Si cela s\u2019\u00e9tait prolong\u00e9 sur quatre ou cinq sets, et que cela avait \u00e9t\u00e9 un match physi\u00adque\u00adment exigeant\u2026 Imaginez s\u2019il avait affront\u00e9 quelqu\u2019un comme Navone, qui a jou\u00e9 contre Djokovic, ce qui est un peu comme un mur humain, qui court toute la journ\u00e9e, impos\u00adsible \u00e0 percer. Mais Safiullin peut parfois manquer de r\u00e9gu\u00adla\u00adrit\u00e9, il peut devenir tr\u00e8s nerveux et on le voit rater des balles qu\u2019il devrait r\u00e9ussir, et la tension a eu raison de lui. C\u2019\u00e9tait donc un d\u00e9but de tournoi parfait pour Carlos. Le v\u00e9ri\u00adtable test pour Alcaraz viendra lorsqu\u2019il sera mis sous pres\u00adsion lors d\u2019un match tr\u00e8s physique et long, qui s\u2019\u00e9tendra sur quatre ou cinq sets. Son poignet tiendra\u2010t\u2010il le coup\u202f? De mon point de vue, c\u2019est un retour tr\u00e8s impres\u00adsion\u00adnant\u202f; je n\u2019ai que des compli\u00adments \u00e0 adresser \u00e0 lui et \u00e0 son \u00e9quipe pour ce qu\u2019il a accompli lors de ce premier tour. La seule inter\u00adro\u00adga\u00adtion est\u00a0: comment va son poignet aujourd\u2019hui\u202f? Comment le poignet va\u2010t\u2010il se comporter lors du prochain match\u202f? Et sera\u2010t\u2010il capable de tenir le coup dans un tournoi disput\u00e9 au meilleur des cinq\u00a0sets\u202f?\u202f\u00bb<\/strong><\/p>\n<p class=\"post-published-date\" style=\"color: silver; font-size: 75%; text-align: left;\">Publi\u00e9 le mardi 1 septembre 2026 \u00e0 16:29<\/p>\n<p><a href=\"https:\/\/www.welovetennis.fr\/author\/baptiste-mulatier\" data-wpel-link=\"internal\" rel=\"nofollow noopener\" target=\"_blank\"><img loading=\"lazy\" decoding=\"async\" alt=\"\" src=\"data:image\/svg+xml,%3Csvg%20xmlns%3D%22http%3A%2F%2Fwww.w3.org%2F2000%2Fsvg%22%20viewBox%3D%220%200%2096%2096%22%3E%3C%2Fsvg%3E\" data-src=\"https:\/\/www.europesays.com\/fr\/wp-content\/uploads\/2026\/09\/5da0563ed558e55a67bfd4b1fdf8a8c771fe60fc660feb9111aa9fab675a623d.jpeg\" data- class=\"avatar avatar-96 photo lazy\" height=\"96\" width=\"96\"\/><\/a><br \/>\nA propos de l\u2019auteur<br \/>\n<a href=\"https:\/\/www.welovetennis.fr\/author\/baptiste-mulatier\" data-wpel-link=\"internal\" rel=\"nofollow noopener\" target=\"_blank\">Baptiste Mulatier<\/a><\/p>\n<p class=\"wlt-author-bio\">Accro au sport depuis toujours, Baptiste Mulatier s\u2019est natu\u00adrel\u00adle\u00adment tourn\u00e9 vers le jour\u00adna\u00adlisme pour raconter les histoires qui le font vibrer. Au fil de sa forma\u00adtion, il a colla\u00adbor\u00e9 avec plusieurs m\u00e9dias, parmi lesquels Le 10 Sport, La Provence, Sport Buzz Business ou encore Foot01, avant de rejoindre We Love Tennis en 2020. Cette m\u00eame ann\u00e9e, il couvre son premier Roland\u2010Garros, une \u00e9dition tr\u00e8s parti\u00adcu\u00adli\u00e8re disput\u00e9e \u00e0 l\u2019automne en raison de la pand\u00e9mie. Une exp\u00e9\u00adrience fonda\u00adtrice, point de d\u00e9part d\u2019une belle aven\u00adture qui se pour\u00adsuit d\u00e9sor\u00admais depuis six\u00a0ans.<\/p>\n","protected":false},"excerpt":{"rendered":"\u00ab\u202fJe pense que Carlos Alcaraz se fera \u00e9limin\u00e9 d\u00e8s le premier tour si son adver\u00adsaire ne se met&hellip;\n","protected":false},"author":2,"featured_media":1161218,"comment_status":"","ping_status":"","sticky":false,"template":"","format":"standard","meta":{"footnotes":"","_share_on_mastodon":"0"},"categories":[1586],"tags":[11,1744,105,1777,674,1779,1011,27,12,25,1778,364],"class_list":["post-1161217","post","type-post","status-publish","format-standard","has-post-thumbnail","category-europe","tag-actualites","tag-alcaraz","tag-djokovic","tag-eu","tag-europe","tag-european-union","tag-fr","tag-france","tag-news","tag-republique-francaise","tag-ue","tag-union-europeenne"],"share_on_mastodon":{"url":"https:\/\/pubeurope.com\/@fr\/117196377726625030","error":""},"_links":{"self":[{"href":"https:\/\/www.europesays.com\/fr\/wp-json\/wp\/v2\/posts\/1161217","targetHints":{"allow":["GET"]}}],"collection":[{"href":"https:\/\/www.europesays.com\/fr\/wp-json\/wp\/v2\/posts"}],"about":[{"href":"https:\/\/www.europesays.com\/fr\/wp-json\/wp\/v2\/types\/post"}],"author":[{"embeddable":true,"href":"https:\/\/www.europesays.com\/fr\/wp-json\/wp\/v2\/users\/2"}],"replies":[{"embeddable":true,"href":"https:\/\/www.europesays.com\/fr\/wp-json\/wp\/v2\/comments?post=1161217"}],"version-history":[{"count":0,"href":"https:\/\/www.europesays.com\/fr\/wp-json\/wp\/v2\/posts\/1161217\/revisions"}],"wp:featuredmedia":[{"embeddable":true,"href":"https:\/\/www.europesays.com\/fr\/wp-json\/wp\/v2\/media\/1161218"}],"wp:attachment":[{"href":"https:\/\/www.europesays.com\/fr\/wp-json\/wp\/v2\/media?parent=1161217"}],"wp:term":[{"taxonomy":"category","embeddable":true,"href":"https:\/\/www.europesays.com\/fr\/wp-json\/wp\/v2\/categories?post=1161217"},{"taxonomy":"post_tag","embeddable":true,"href":"https:\/\/www.europesays.com\/fr\/wp-json\/wp\/v2\/tags?post=1161217"}],"curies":[{"name":"wp","href":"https:\/\/api.w.org\/{rel}","templated":true}]}}