{"id":1161219,"date":"2026-09-01T15:00:28","date_gmt":"2026-09-01T15:00:28","guid":{"rendered":"https:\/\/www.europesays.com\/fr\/1161219\/"},"modified":"2026-09-01T15:00:28","modified_gmt":"2026-09-01T15:00:28","slug":"mercato-keito-nakamura-prete-a-lol-par-reims-lequipe","status":"publish","type":"post","link":"https:\/\/www.europesays.com\/fr\/1161219\/","title":{"rendered":"Mercato : Keito Nakamura pr\u00eat\u00e9 \u00e0 l&#039;OL par Reims &#8211; L&#039;\u00c9quipe"},"content":{"rendered":"<ol>\n<li><a href=\"https:\/\/news.google.com\/rss\/articles\/CBMinAFBVV95cUxQQzRnSTlsd19lYTFUSnkxSVZpTmdaTnRHN2RLdy1uUHg4T0UteVdvSUwwUWVURWVYVkQyUDI4X3I0SnJ6VmlvTVQ2NVN0STNxcHlpWHprSWtPTW1RZGJFTng1NEJhS0pBdmI1YXJIcmh4RzVQdjFRdERJNWc0VE0yZEdMRmdOeFU3LW9mMk9PMDJVTEE4RFBvVWF3WHg?oc=5\" target=\"_blank\" rel=\"nofollow noopener\">Mercato : Keito Nakamura pr\u00eat\u00e9 \u00e0 l&rsquo;OL par Reims<\/a>&nbsp;&nbsp;L&rsquo;\u00c9quipe<\/li>\n<li><a href=\"https:\/\/news.google.com\/rss\/articles\/CBMirAFBVV95cUxObkc4WFRMQ2tvQW9ub0VqV2wwWWtoN0ZiT2RseTZZWGJ4eUY4NzFBWmxyY0VvSmk4Q05ET21XTWt6VTU3eFRNSFJQSUliYnRTblYyckp3bWl1V1dRczRqeDEzR1RadW9hbGlWd0FSSzhFS0tqdWd2Qkd0eTk3bk5pazVnWVotOTV6akU3UUtkZWtzZ0VVQzlWRjZpdzJRTndDYmtKa2daS1V6dHdP?oc=5\" target=\"_blank\" rel=\"nofollow noopener\">Crystal Palace a trouv\u00e9 un accord avec l\u2019OL et Malick Fofana<\/a>&nbsp;&nbsp;footmercato.net<\/li>\n<li><a href=\"https:\/\/news.google.com\/rss\/articles\/CBMimAFBVV95cUxQcnF0b2xwRUl2VlYzSGw3bTI1SF90RUVYVkpVZlg0WFZ1OXlOR0lKQ1hTUTdTYWgxQy12cGpRUTI4Y3k0OWU5ME1JNFZhaWVmNV9CbjBTX1dLbEV4a29hYzlrdks2aFZZMTRVanJSQ0RUbXlybjNuRkNTRjRHY294RzhUQ0NMTTZSaDBCVUZzVTgxa3o3RnlUXw?oc=5\" target=\"_blank\" rel=\"nofollow noopener\">Mercato : Keito Nakamura devrait signer \u00e0 l&rsquo;OL<\/a>&nbsp;&nbsp;olympique-et-lyonnais.com<\/li>\n<li><a href=\"https:\/\/news.google.com\/rss\/articles\/CBMiswFBVV95cUxNZ01xbGJEclk3enBhbG1iRmwtSUVoajJkYjBCbTNnRFlrVTlFclEyeHZBWmRkYTZzRTBBcExOR1BkNktkNUNMU3Y5a2VqQjA2SUN6am8wR19pRkhlVV91WFJIbGF6Z09lckJEN252aDI5bzU3ZWVHSldNY00zcy01MnNXU2hwWHQ3X0x4bEozMGtzZG5yV0hjaUlOdWMwVDIxNWFwVTltczRFNjNraWk1eDBxcw?oc=5\" target=\"_blank\" rel=\"nofollow noopener\">En direct. Dernier jour du mercato de l&rsquo;OL : un grand pas vers Crystal Palace pour Malick Fofana, Tagliafico et Maitland-Niles pr\u00eats \u00e0 partir<\/a>&nbsp;&nbsp;Le Progr\u00e8s<\/li>\n<li><a href=\"https:\/\/news.google.com\/rss\/articles\/CBMi5gFBVV95cUxNYnRUQTh5enFZR0lWbFhZUnJwU2pFQzFhcWlvWEVaYlFSWFUwanZ5bFdxWm5FU2NNUTRVUG9LdkhrMEFoc2NGZnBUQ1MzME8tWmxQZ2tPQU9DWm1wYXE3aUM3eWxHUUxrWUhBb0dEQ3hxdGVEZEpkLXpwUG1pOEhkTW5LejVZVkVZaWxUMjVuWGtWcGE5X2xZdjBVRFJseTM0MUVmcEFMQTZrVFZnRkdfbTNwMnd6MFZEUUFoOHFZWHZJQjdZd1cxOTJQek1TalRmUmU3c3lPcWJ5dFB1M0gzRV9HVUswUQ?oc=5\" target=\"_blank\" rel=\"nofollow noopener\">Mercato: destination surprise pour Malick Fofana, qui va quitter l&rsquo;OL pour Sunderland<\/a>&nbsp;&nbsp;RMC Sport<\/li>\n<\/ol>\n","protected":false},"excerpt":{"rendered":"Mercato : Keito Nakamura pr\u00eat\u00e9 \u00e0 l&rsquo;OL par Reims&nbsp;&nbsp;L&rsquo;\u00c9quipe Crystal Palace a trouv\u00e9 un accord avec l\u2019OL et&hellip;\n","protected":false},"author":2,"featured_media":1161220,"comment_status":"","ping_status":"","sticky":false,"template":"","format":"standard","meta":{"footnotes":"","_share_on_mastodon":"0"},"categories":[2],"tags":[11,86760,63,1011,27,87483,2428,12,4243,25,33137],"class_list":["post-1161219","post","type-post","status-publish","format-standard","has-post-thumbnail","category-actualites","tag-actualites","tag-actus-et-infos","tag-football","tag-fr","tag-france","tag-hugo-guillemet","tag-lyon","tag-news","tag-reims","tag-republique-francaise","tag-transferts-football"],"share_on_mastodon":{"url":"https:\/\/pubeurope.com\/@fr\/117196385625332076","error":""},"_links":{"self":[{"href":"https:\/\/www.europesays.com\/fr\/wp-json\/wp\/v2\/posts\/1161219","targetHints":{"allow":["GET"]}}],"collection":[{"href":"https:\/\/www.europesays.com\/fr\/wp-json\/wp\/v2\/posts"}],"about":[{"href":"https:\/\/www.europesays.com\/fr\/wp-json\/wp\/v2\/types\/post"}],"author":[{"embeddable":true,"href":"https:\/\/www.europesays.com\/fr\/wp-json\/wp\/v2\/users\/2"}],"replies":[{"embeddable":true,"href":"https:\/\/www.europesays.com\/fr\/wp-json\/wp\/v2\/comments?post=1161219"}],"version-history":[{"count":0,"href":"https:\/\/www.europesays.com\/fr\/wp-json\/wp\/v2\/posts\/1161219\/revisions"}],"wp:featuredmedia":[{"embeddable":true,"href":"https:\/\/www.europesays.com\/fr\/wp-json\/wp\/v2\/media\/1161220"}],"wp:attachment":[{"href":"https:\/\/www.europesays.com\/fr\/wp-json\/wp\/v2\/media?parent=1161219"}],"wp:term":[{"taxonomy":"category","embeddable":true,"href":"https:\/\/www.europesays.com\/fr\/wp-json\/wp\/v2\/categories?post=1161219"},{"taxonomy":"post_tag","embeddable":true,"href":"https:\/\/www.europesays.com\/fr\/wp-json\/wp\/v2\/tags?post=1161219"}],"curies":[{"name":"wp","href":"https:\/\/api.w.org\/{rel}","templated":true}]}}