{"id":1161240,"date":"2026-09-01T15:17:21","date_gmt":"2026-09-01T15:17:21","guid":{"rendered":"https:\/\/www.europesays.com\/fr\/1161240\/"},"modified":"2026-09-01T15:17:21","modified_gmt":"2026-09-01T15:17:21","slug":"celine-dion-est-tres-contente-detre-a-paris-pour-ses-concerts-2","status":"publish","type":"post","link":"https:\/\/www.europesays.com\/fr\/1161240\/","title":{"rendered":"C\u00e9line Dion est tr\u00e8s \u00ab\u00a0contente\u00a0\u00bb d\u2019\u00eatre \u00e0 Paris pour ses concerts"},"content":{"rendered":"<p>C\u00e9line Dion est aux anges depuis qu\u2019elle a retrouv\u00e9 Paris. La star l\u2019a fait savoir cette semaine aux fans qui l\u2019ont attendue devant son h\u00f4tel dans l\u2019espoir de l\u2019apercevoir. Voil\u00e0 quelques jours que la chanteuse de Pour que tu m\u2019aimes encore est <a href=\"https:\/\/www.20minutes.fr\/arts-stars\/people\/4241465-20260828-celine-dion-debarque-france-deux-semaines-avant-debut-serie-concerts\" target=\"_blank\" class=\"c-link c-link--is-underlined\" rel=\"nofollow noopener\">en France<\/a> pour pr\u00e9parer sa r\u00e9sidence de concerts qu\u2019elle donnera \u00e0 La D\u00e9fense Arena du 12\u00a0septembre au 17\u00a0octobre. Plusieurs dates ont \u00e9galement \u00e9t\u00e9 annonc\u00e9es <a href=\"https:\/\/www.20minutes.fr\/arts-stars\/culture\/4226513-20260601-celine-dion-chanteuse-annonce-dix-nouveaux-concerts-paris-mai-2027\" target=\"_blank\" class=\"c-link c-link--is-underlined\" rel=\"nofollow noopener\">pour le mois de mai.<\/a><\/p>\n<p>\u00c9mue de remonter sur sc\u00e8ne apr\u00e8s plusieurs ann\u00e9es de pause, <a href=\"https:\/\/www.20minutes.fr\/arts-stars\/culture\/musique\/4231962-20260703-bonjour-pardon-merci-priere-hawaienne-inspire-nouvelle-chanson-celine-dion\" target=\"_blank\" class=\"c-link c-link--is-underlined\" rel=\"nofollow noopener\">C\u00e9line Dion<\/a> est all\u00e9e \u00e0 la rencontre des fans qui l\u2019attendaient devant l\u2019h\u00f4tel Royal Monceau, dans le 8e\u00a0arrondissement de Paris, comme le montrent des vid\u00e9os publi\u00e9es sur les r\u00e9seaux sociaux et rep\u00e9r\u00e9es par <a href=\"https:\/\/www.voici.fr\/celebrites\/je-suis-tellement-contente-celine-dion-a-paris-elle-se-confie-a-ses-fans-sur-sa-premiere-repetition-avant-ses-concerts-828376\" rel=\"nofollow noopener\" target=\"_blank\" class=\"c-link c-link--is-underlined\">Voici<\/a>. Dans l\u2019une d\u2019entre elles, on voit la star contourner son v\u00e9hicule pour se laisser prendre en photo et r\u00e9pondre \u00e0 certains fans l\u2019interrogeant sur son retour.<\/p>\n<p>\u00ab\u00a0Donner le meilleur\u00a0\u00bb<\/p>\n<p>L\u2019artiste leur a r\u00e9v\u00e9l\u00e9 qu\u2019elle revenait tout juste de la \u00ab\u00a0premi\u00e8re r\u00e9p\u00e9tition\u00a0\u00bb de <a href=\"https:\/\/www.20minutes.fr\/societe\/4228726-20260612-rennes-deux-places-vip-concert-celine-dion-tombola-ecole-explose\" target=\"_blank\" class=\"c-link c-link--is-underlined\" rel=\"nofollow noopener\">son spectacle<\/a>, qui a \u00e9t\u00e9 \u00ab\u00a0super\u00a0\u00bb. Touch\u00e9e par leurs encouragements, elle s\u2019est engag\u00e9e \u00e0 trouver un moyen, avec son \u00e9quipe, de \u00ab\u00a0s\u2019organiser pour faire des autographes\u00a0\u00bb \u00e0 l\u2019avenir. \u00ab\u00a0Je suis tellement contente d\u2019\u00eatre ici\u00a0\u00bb, leur a-t-elle aussi confi\u00e9, ajoutant que revenir sur sc\u00e8ne \u00e9tait pour elle \u00ab\u00a0un r\u00eave\u00a0\u00bb.<\/p>\n<p>Dans une autre vid\u00e9o, C\u00e9line Dion a fait part de sa motivation pour les concerts \u00e0 venir et \u00e9voqu\u00e9 son programme enti\u00e8rement d\u00e9di\u00e9 \u00e0 ce projet. \u00ab\u00a0\u00c7a fait longtemps que je n\u2019ai pas \u00e9t\u00e9 sur sc\u00e8ne et j\u2019essaie de garder toute mon \u00e9nergie pour vraiment donner le meilleur de moi-m\u00eame\u00a0\u00bb, l\u2019entend-on expliquer. \u00ab\u00a0Paris est tellement extraordinaire, si je commence \u00e0 sortir partout o\u00f9 je voudrais aller, \u00e7a ne serait pas professionnel\u00a0\u00bb.<\/p>\n<p>C\u00e9line Dion n\u2019a pas donn\u00e9 de concert \u00e0 guichets ferm\u00e9s depuis\u00a02020. La star a annonc\u00e9 en d\u00e9cembre\u00a02022 qu\u2019elle devrait s\u2019\u00e9loigner de la sc\u00e8ne apr\u00e8s avoir \u00e9t\u00e9 diagnostiqu\u00e9e du syndrome de la personne raide, une condition neurologique rare dont elle a d\u00e9voil\u00e9 plus de d\u00e9tails dans son documentaire I Am\u00a0: Celine Dion, sorti en\u00a02024. La m\u00eame ann\u00e9e, elle a fait une premi\u00e8re r\u00e9apparition lors de la c\u00e9r\u00e9monie d\u2019ouverture des Jeux olympiques de Paris en chantant L\u2019hymne \u00e0 l\u2019amour, d\u2019\u00c9dith Piaf, depuis la tour Eiffel. La star <a href=\"https:\/\/www.instagram.com\/p\/DWhRvUiEaaa\/\" rel=\"nofollow noopener\" target=\"_blank\" class=\"c-link c-link--is-underlined\">a annonc\u00e9<\/a> sa r\u00e9sidence \u00e0 Paris en mars, se disant \u00ab\u00a0super excit\u00e9e\u00a0\u00bb \u00e0 l\u2019id\u00e9e de retrouver le public.<\/p>\n<p><script async src=\"\/\/www.instagram.com\/embed.js\"><\/script><\/p>\n","protected":false},"excerpt":{"rendered":"C\u00e9line Dion est aux anges depuis qu\u2019elle a retrouv\u00e9 Paris. La star l\u2019a fait savoir cette semaine aux&hellip;\n","protected":false},"author":2,"featured_media":1161241,"comment_status":"","ping_status":"","sticky":false,"template":"","format":"standard","meta":{"footnotes":"","_share_on_mastodon":"0"},"categories":[1355],"tags":[7043,1697,58,22526,59,1011,27,662,1361,873,626,973,7184,133,6013],"class_list":["post-1161240","post","type-post","status-publish","format-standard","has-post-thumbnail","category-musique","tag-celine-dion","tag-concert","tag-divertissement","tag-edith-piaf","tag-entertainment","tag-fr","tag-france","tag-ile-de-france","tag-music","tag-musique","tag-paris","tag-people","tag-tour-eiffel","tag-video","tag-voici"],"share_on_mastodon":{"url":"https:\/\/pubeurope.com\/@fr\/117196452625486395","error":""},"_links":{"self":[{"href":"https:\/\/www.europesays.com\/fr\/wp-json\/wp\/v2\/posts\/1161240","targetHints":{"allow":["GET"]}}],"collection":[{"href":"https:\/\/www.europesays.com\/fr\/wp-json\/wp\/v2\/posts"}],"about":[{"href":"https:\/\/www.europesays.com\/fr\/wp-json\/wp\/v2\/types\/post"}],"author":[{"embeddable":true,"href":"https:\/\/www.europesays.com\/fr\/wp-json\/wp\/v2\/users\/2"}],"replies":[{"embeddable":true,"href":"https:\/\/www.europesays.com\/fr\/wp-json\/wp\/v2\/comments?post=1161240"}],"version-history":[{"count":0,"href":"https:\/\/www.europesays.com\/fr\/wp-json\/wp\/v2\/posts\/1161240\/revisions"}],"wp:featuredmedia":[{"embeddable":true,"href":"https:\/\/www.europesays.com\/fr\/wp-json\/wp\/v2\/media\/1161241"}],"wp:attachment":[{"href":"https:\/\/www.europesays.com\/fr\/wp-json\/wp\/v2\/media?parent=1161240"}],"wp:term":[{"taxonomy":"category","embeddable":true,"href":"https:\/\/www.europesays.com\/fr\/wp-json\/wp\/v2\/categories?post=1161240"},{"taxonomy":"post_tag","embeddable":true,"href":"https:\/\/www.europesays.com\/fr\/wp-json\/wp\/v2\/tags?post=1161240"}],"curies":[{"name":"wp","href":"https:\/\/api.w.org\/{rel}","templated":true}]}}