{"id":1161242,"date":"2026-09-01T15:18:16","date_gmt":"2026-09-01T15:18:16","guid":{"rendered":"https:\/\/www.europesays.com\/fr\/1161242\/"},"modified":"2026-09-01T15:18:16","modified_gmt":"2026-09-01T15:18:16","slug":"ridley-scott-alien-resurrection-a-tue-alien","status":"publish","type":"post","link":"https:\/\/www.europesays.com\/fr\/1161242\/","title":{"rendered":"Ridley Scott : Alien Resurrection a tu\u00e9 Alien"},"content":{"rendered":"<p>Il y a quelques jours, le cin\u00e9aste avait d\u00e9j\u00e0 fait parler de lui en \u00e9voquant la possibilit\u00e9 de r\u00e9aliser un nouveau volet de la franchise Alien (voir notre article\u00a0<a href=\"https:\/\/www.avcesar.com\/nouveau-film-alien-par-ridley-scott-jamais-deux-sans-trois-48363\" target=\"_blank\" rel=\"nofollow noopener\">Nouveau film Alien par Ridley Scott\u00a0: jamais deux sans trois\u00a0!<\/a>), qui ferait directement suite \u00e0 <a href=\"https:\/\/www.avcesar.com\/critique\/alien-covenant-5880\" target=\"_blank\" rel=\"nofollow noopener\">Alien\u00a0: Covenant<\/a>\u00a0et remplacerait, de fait, les projets de suite\u00a0pour Alien\u00a0:\u00a0Romulus.<\/p>\n<p>\u00a0<\/p>\n<p>\u00c0 cette occasion, Scott, connu pour son franc\u2011parler, avait qualifi\u00e9 <a href=\"https:\/\/www.avcesar.com\/critique\/alien-romulus-6802\" target=\"_blank\" rel=\"nofollow noopener\">Romulus<\/a>\u00a0de simplement \u00ab\u00a0correct\u00a0\u00bb, tout en estimant que la franchise \u00ab\u00a0avait besoin d\u2019un coup de\u00a0main\u00a0\u00bb.<\/p>\n<p>\u00a0<\/p>\n<p>Jean\u2011Pierre Jeunet dans le viseur du p\u00e8re d&rsquo;Alien<\/p>\n<p>Dans une nouvelle interview accord\u00e9e \u00e0 Brut, relay\u00e9e par The\u00a0Independent, le r\u00e9alisateur s\u2019en prend cette fois \u00e0 un autre \u00e9pisode de la saga\u00a0: <a href=\"https:\/\/www.avcesar.com\/critique\/alien-la-resurrection-coffret-anthologie-716\" target=\"_blank\" rel=\"nofollow noopener\">Alien, la r\u00e9surrection<\/a>, r\u00e9alis\u00e9 en 1997 par Jean\u2011Pierre Jeunet. Et il maintient que son film original reste, selon lui, la r\u00e9f\u00e9rence absolue (voir notre critique et test 4K de <a href=\"https:\/\/www.avcesar.com\/critique\/alien-le-huitieme-passager-6211\" target=\"_blank\" rel=\"nofollow noopener\">Alien, le huiti\u00e8me\u00a0passager<\/a>).<\/p>\n<p>\u00a0<\/p>\n<p>\u00ab\u00a0J\u2019ai fait de tr\u00e8s loin le meilleur. Point final. Fin de cette putain d\u2019histoire. Ensuite, ils l\u2019ont laiss\u00e9 mourir. Apr\u00e8s Alien\u00a04, ils l\u2019ont tu\u00e9. Alors je me suis dit\u00a0: \u00ab\u00a0Je vais le ramener\u00a0\u00bb. Je me suis donc install\u00e9 avec un tr\u00e8s bon sc\u00e9nariste, puis deux autres gars, avant de finir par travailler avec Damon Lindelof. L\u00e0, quelque chose s\u2019est d\u00e9clench\u00e9 et nous avons \u00e9crit Prometheus\u00a0\u00bb. Bien leur en a pris (voir notre critique de\u00a0<a href=\"https:\/\/www.avcesar.com\/critique\/prometheus-3d-2366\" target=\"_blank\" rel=\"nofollow noopener\">Prometheus<\/a>).<\/p>\n<p>\u00a0<\/p>\n<p>Ridley Scott\u00a0\u00e9nerv\u00e9\u00a0?<\/p>\n<p>Scott passe notamment sous silence les deux films Alien vs. Predator\u00a0sortis entre Alien, la r\u00e9surrection et Prometheus.<\/p>\n<p>Ridley Scott, qui doit d\u00e9sormais s\u2019attaquer \u00e0 une adaptation de L\u2019\u00cele au tr\u00e9sor pour son prochain film, vient par ailleurs d\u2019essuyer certaines des plus mauvaises critiques de sa carri\u00e8re avec <a href=\"https:\/\/www.avcesar.com\/critique\/the-dog-stars-7156\" target=\"_blank\" rel=\"nofollow noopener\">The\u00a0Dog Stars<\/a>, qui a \u00e9galement connu un d\u00e9marrage d\u00e9cevant au box\u2011office mondial ce week\u2011end.<\/p>\n","protected":false},"excerpt":{"rendered":"Il y a quelques jours, le cin\u00e9aste avait d\u00e9j\u00e0 fait parler de lui en \u00e9voquant la possibilit\u00e9 de&hellip;\n","protected":false},"author":2,"featured_media":1161243,"comment_status":"","ping_status":"","sticky":false,"template":"","format":"standard","meta":{"footnotes":"","_share_on_mastodon":"0"},"categories":[1354],"tags":[15630,650,58,59,1346,1011,27,118984,1360,23961,118564,119360],"class_list":["post-1161242","post","type-post","status-publish","format-standard","has-post-thumbnail","category-films","tag-alien","tag-cinema","tag-divertissement","tag-entertainment","tag-films","tag-fr","tag-france","tag-jean-pierre-jeunet","tag-movies","tag-ridley-scott","tag-the-dog-stars","tag-verbatim"],"share_on_mastodon":{"url":"https:\/\/pubeurope.com\/@fr\/117196456259136097","error":""},"_links":{"self":[{"href":"https:\/\/www.europesays.com\/fr\/wp-json\/wp\/v2\/posts\/1161242","targetHints":{"allow":["GET"]}}],"collection":[{"href":"https:\/\/www.europesays.com\/fr\/wp-json\/wp\/v2\/posts"}],"about":[{"href":"https:\/\/www.europesays.com\/fr\/wp-json\/wp\/v2\/types\/post"}],"author":[{"embeddable":true,"href":"https:\/\/www.europesays.com\/fr\/wp-json\/wp\/v2\/users\/2"}],"replies":[{"embeddable":true,"href":"https:\/\/www.europesays.com\/fr\/wp-json\/wp\/v2\/comments?post=1161242"}],"version-history":[{"count":0,"href":"https:\/\/www.europesays.com\/fr\/wp-json\/wp\/v2\/posts\/1161242\/revisions"}],"wp:featuredmedia":[{"embeddable":true,"href":"https:\/\/www.europesays.com\/fr\/wp-json\/wp\/v2\/media\/1161243"}],"wp:attachment":[{"href":"https:\/\/www.europesays.com\/fr\/wp-json\/wp\/v2\/media?parent=1161242"}],"wp:term":[{"taxonomy":"category","embeddable":true,"href":"https:\/\/www.europesays.com\/fr\/wp-json\/wp\/v2\/categories?post=1161242"},{"taxonomy":"post_tag","embeddable":true,"href":"https:\/\/www.europesays.com\/fr\/wp-json\/wp\/v2\/tags?post=1161242"}],"curies":[{"name":"wp","href":"https:\/\/api.w.org\/{rel}","templated":true}]}}