{"id":1161250,"date":"2026-09-01T15:23:13","date_gmt":"2026-09-01T15:23:13","guid":{"rendered":"https:\/\/www.europesays.com\/fr\/1161250\/"},"modified":"2026-09-01T15:23:13","modified_gmt":"2026-09-01T15:23:13","slug":"direct-sophie-adenot-lastronaute-francaise-a-debute-sa-sortie-dans-le-vide-spatial","status":"publish","type":"post","link":"https:\/\/www.europesays.com\/fr\/1161250\/","title":{"rendered":"DIRECT. Sophie Adenot: l&rsquo;astronaute fran\u00e7aise a d\u00e9but\u00e9 sa sortie dans le vide spatial"},"content":{"rendered":"<p>Aujourd&rsquo;hui \u00e0 15h26<\/p>\n<p>Une mission n\u00e9cessaire \u00e0 la bonne navigation de l&rsquo;ISS<\/p>\n<p>La Nasa d\u00e9crit cette sortie comme une mission destin\u00e9e \u00e0 \u00ab\u00a0remplacer une aide \u00e0 la navigation d\u2019un vaisseau spatial et \u00e0 effectuer plusieurs t\u00e2ches de maintenance pour soutenir les op\u00e9rations de la station spatiale\u00a0\u00bb.<\/p>\n<p>Les astronautes ont en effet un r\u00e9tror\u00e9flecteur \u00e0 remplacer, des c\u00e2bles \u00e0 installer et une cam\u00e9ra \u00e0 changer.<\/p>\n<p>Aujourd&rsquo;hui \u00e0 15h25<\/p>\n<p>Sophie Adenot est reconnaissable gr\u00e2ce aux bandes rouges sur son scaphandre<\/p>\n<p>Dirigeant la mission, la Fran\u00e7aise porte un scaphandre \u00e0 bandes rouges. Jessica Meir porte, elle, un scaphandre blanc sans marquage.<\/p>\n<p>Aujourd&rsquo;hui \u00e0 15h09<\/p>\n<p>Jessica Meir est \u00e9galement sortie<\/p>\n<p>La deuxi\u00e8me astronaute, Jessica Meir, vient \u00e9galement de sortir du sas, le duo f\u00e9minin est \u00e0 pr\u00e9sent dans le vide spatial pour effectuer sa mission.<\/p>\n<p>Aujourd&rsquo;hui \u00e0 14h58<\/p>\n<p>La Fran\u00e7aise est sortie dans l&rsquo;espace, la mission a d\u00e9but\u00e9<\/p>\n<p>Leadeuse de cette mission, Sophie Adenot est sortie la t\u00eate la premi\u00e8re, contrairement \u00e0 la derni\u00e8re fois o\u00f9 les pieds \u00e9taient les premiers dans le vide spatial. Elle devra en effet rentrer la t\u00eate la derni\u00e8re, afin de fermer le sas en fin de mission.<\/p>\n<p>Aujourd&rsquo;hui \u00e0 14h49<\/p>\n<p>Sophie Adenot est en train de sortir<\/p>\n<p>Sophie Adenot est en train de sortir du sas de l&rsquo;ISS, marquant le d\u00e9but de \u00ab\u00a0l&rsquo;aventure dans l&rsquo;aventure\u00a0\u00bb, comme elle l&rsquo;appelle.<\/p>\n<p>Aujourd&rsquo;hui \u00e0 14h46<\/p>\n<p>L&rsquo;heure des derni\u00e8res r\u00e9p\u00e9titions<\/p>\n<p>Apr\u00e8s 150 heures d&rsquo;entra\u00eenement afin de conna\u00eetre l&rsquo;ISS par c\u0153ur, des casques de r\u00e9alit\u00e9 virtuelle sont \u00e0 la disposition des astronautes afin de continuer \u00e0 r\u00e9p\u00e9ter les gestes cl\u00e9s jusqu&rsquo;au dernier moment.<\/p>\n<p>Aujourd&rsquo;hui \u00e0 13h59<\/p>\n<p>Troisi\u00e8me sortie extrav\u00e9hiculaire en l&rsquo;espace de 15 jours<\/p>\n<p>Sophie Adenot est d\u00e9sormais une habitu\u00e9e du vide spatial.<\/p>\n<p>Apr\u00e8s sa sortie du 18 ao\u00fbt &#8211; au cours de laquelle elle est devenue la premi\u00e8re astronaute fran\u00e7aise \u00e0 s&rsquo;aventurer dans le vide spatial &#8211; elle a refait un second saut dans l&rsquo;espace, il y a pile une semaine, le 25 ao\u00fbt dernier.<\/p>\n<p>Au terme de ces deux missions, elle est parvenue aux c\u00f4t\u00e9s de l&rsquo;Am\u00e9ricain, Anil Menon, \u00e0 installer une nouvelle antenne de communication entre l&rsquo;ISS et Houston.<\/p>\n<p><a href=\"https:\/\/www.bfmtv.com\/sciences\/direct-deuxieme-sortie-extravehiculaire-sophie-adenot-l-astronaute-francaise-va-achever-sa-mission-entamee-la-semaine-derniere_LN-202608250430.html\" title=\"Deuxi\u00e8me sortie de Sophie Adenot: l&#039;astronaute est rentr\u00e9e saine et sauve de sa mission dans le vide spatial\" class=\"internal_link\" rel=\"nofollow noopener\" target=\"_blank\">&gt;&gt;&gt; Lire l&rsquo;article complet<\/a><\/p>\n<p>Aujourd&rsquo;hui \u00e0 13h55<\/p>\n<p>L&rsquo;astronaute fran\u00e7aise \u00ab\u00a0pr\u00eate pour l&rsquo;aventure\u00a0\u00bb<\/p>\n<p>\u00c0 quelques heures du grand d\u00e9part, Sophie Adenot a partag\u00e9 sur X \u00eatre \u00ab\u00a0pr\u00eate pour l&rsquo;aventure\u00a0\u00bb et invit\u00e9 les curieux a suivre sa mission dans le vide en temps r\u00e9el.<\/p>\n<p class=\"embed_consent_title\">Ce contenu ne peut pas \u00eatre affich\u00e9<\/p>\n<p class=\"embed_consent_text\">Ce contenu ne peut pas \u00eatre affich\u00e9 sans votre consentement car il implique l\u2019utilisation de cookies d\u00e9pos\u00e9s par son fournisseur. Ces cookies peuvent notamment permettre de mesurer l&rsquo;audience, personnaliser le contenu ou suivre votre navigation. Pour afficher ce contenu, vous pouvez :<\/p>\n<p class=\"embed_consent_text\">Param\u00e9trer vos choix afin d&rsquo;accepter uniquement les cookies li\u00e9s \u00e0 ces contenus tiers en cliquant sur \u00ab Param\u00e9trer les cookies \u00bb. Vous pouvez \u00e0 tout moment modifier vos choix et retirer votre consentement en cliquant sur \u00ab Param\u00e9trage des cookies \u00bb figurant en bas de page de ce site.<\/p>\n<p class=\"embed_consent_text\">Pour en savoir plus, vous pouvez \u00e9galement consulter <a href=\"https:\/\/www.bfmtv.com\/politique-donnees-personnelles\/\" rel=\"nofollow noopener\" target=\"_blank\">notre politique de protection des donn\u00e9es personnelles<\/a>. Sans votre consentement, ce contenu ne peut pas \u00eatre affich\u00e9<\/p>\n<p>Param\u00e9trer les cookies<\/p>\n<p>Si sa premi\u00e8re op\u00e9ration dans le vide a \u00e9t\u00e9 un m\u00e9lange de \u00ab\u00a0joie intense\u00a0\u00bb et d'\u00a0\u00bbappr\u00e9hension\u00a0\u00bb, la Fran\u00e7aise a confi\u00e9 dans un entretien \u00e0 France 24 avoir ressenti de \u00ab\u00a0la pression\u00a0\u00bb avant la deuxi\u00e8me en raison des difficult\u00e9s techniques rencontr\u00e9es pour remplacer une antenne d\u00e9fectueuse.<\/p>\n<p>Aujourd&rsquo;hui \u00e0 13h51<\/p>\n<p>Sophie Adenot aux commandes d&rsquo;une \u00e9quipe 100% f\u00e9minine<\/p>\n<p>Pour cette troisi\u00e8me sortie dans le vide spatial, Sophie Adenot sera cette fois aux commandes d&rsquo;une \u00e9quipe 100% f\u00e9minine.<\/p>\n<p>Apr\u00e8s deux sorties extrav\u00e9hiculaires (EVA) en compagnie de l&rsquo;Am\u00e9ricain Anil Menon, l&rsquo;astronaute travaillera en bin\u00f4me \u00e0 l&rsquo;ext\u00e9rieur de l&rsquo;ISS avec Jessica Meir.<\/p>\n<p>Les deux femmes se connaissent bien. Apr\u00e8s de longs mois de pr\u00e9paration, elles se sont envol\u00e9es ensemble vers la station spatiale le 13 f\u00e9vrier dernier, au sein de la mission Crew-12.<\/p>\n<p>Aujourd&rsquo;hui \u00e0 13h48<\/p>\n<p>La sortie extrav\u00e9hiculaire pr\u00e9vue \u00e0 14h30<\/p>\n<p>Bonjour et bienvenue dans ce direct consacr\u00e9 \u00e0 la troisi\u00e8me sortie extrav\u00e9hiculaire, en moins de quinze jours, de l&rsquo;astronaute fran\u00e7aise Sophie Adenot.<\/p>\n<p>L&rsquo;ing\u00e9nieuse sortira de la Station spatiale internationale (ISS) dans le cadre d&rsquo;op\u00e9rations de maintenance.<\/p>\n<p>D&rsquo;apr\u00e8s la Nasa, leur sortie extrav\u00e9hiculaire est pr\u00e9vue \u00e0 14h30, heure fran\u00e7aise, et doit durer environ six heures et demie. Comme les pr\u00e9c\u00e9dentes, elle pourra \u00eatre suivie en direct gr\u00e2ce \u00e0 une retransmission vid\u00e9o.<\/p>\n","protected":false},"excerpt":{"rendered":"Aujourd&rsquo;hui \u00e0 15h26 Une mission n\u00e9cessaire \u00e0 la bonne navigation de l&rsquo;ISS La Nasa d\u00e9crit cette sortie comme&hellip;\n","protected":false},"author":2,"featured_media":1161251,"comment_status":"","ping_status":"","sticky":false,"template":"","format":"standard","meta":{"footnotes":"","_share_on_mastodon":"0"},"categories":[7],"tags":[1011,27,43,40,41,39,42,44],"class_list":["post-1161250","post","type-post","status-publish","format-standard","has-post-thumbnail","category-sciences-et-technologies","tag-fr","tag-france","tag-science","tag-science-and-technology","tag-sciences","tag-sciences-et-technologies","tag-technologies","tag-technology"],"share_on_mastodon":{"url":"https:\/\/pubeurope.com\/@fr\/117196475786212777","error":""},"_links":{"self":[{"href":"https:\/\/www.europesays.com\/fr\/wp-json\/wp\/v2\/posts\/1161250","targetHints":{"allow":["GET"]}}],"collection":[{"href":"https:\/\/www.europesays.com\/fr\/wp-json\/wp\/v2\/posts"}],"about":[{"href":"https:\/\/www.europesays.com\/fr\/wp-json\/wp\/v2\/types\/post"}],"author":[{"embeddable":true,"href":"https:\/\/www.europesays.com\/fr\/wp-json\/wp\/v2\/users\/2"}],"replies":[{"embeddable":true,"href":"https:\/\/www.europesays.com\/fr\/wp-json\/wp\/v2\/comments?post=1161250"}],"version-history":[{"count":0,"href":"https:\/\/www.europesays.com\/fr\/wp-json\/wp\/v2\/posts\/1161250\/revisions"}],"wp:featuredmedia":[{"embeddable":true,"href":"https:\/\/www.europesays.com\/fr\/wp-json\/wp\/v2\/media\/1161251"}],"wp:attachment":[{"href":"https:\/\/www.europesays.com\/fr\/wp-json\/wp\/v2\/media?parent=1161250"}],"wp:term":[{"taxonomy":"category","embeddable":true,"href":"https:\/\/www.europesays.com\/fr\/wp-json\/wp\/v2\/categories?post=1161250"},{"taxonomy":"post_tag","embeddable":true,"href":"https:\/\/www.europesays.com\/fr\/wp-json\/wp\/v2\/tags?post=1161250"}],"curies":[{"name":"wp","href":"https:\/\/api.w.org\/{rel}","templated":true}]}}