{"id":1161265,"date":"2026-09-01T15:33:16","date_gmt":"2026-09-01T15:33:16","guid":{"rendered":"https:\/\/www.europesays.com\/fr\/1161265\/"},"modified":"2026-09-01T15:33:16","modified_gmt":"2026-09-01T15:33:16","slug":"mercato-en-avant-guingamp-negocie-desormais-avec-un-attaquant-de-las-nancy","status":"publish","type":"post","link":"https:\/\/www.europesays.com\/fr\/1161265\/","title":{"rendered":"Mercato\u00a0: En Avant Guingamp n\u00e9gocie d\u00e9sormais avec un attaquant de l\u2019AS Nancy"},"content":{"rendered":"<p>Ligue 2. En Avant Guingamp<\/p>\n<p>Les pistes sont de moins en moins nombreuses mais certaines restent \u00e0 explorer. Apr\u00e8s <a href=\"https:\/\/www.letelegramme.fr\/sports\/football\/guingamp\/mercato-malgre-une-nouvelle-offensive-du-club-breton-adrian-grbic-ne-devrait-pas-rejoindre-en-avant-guingamp-7108349.php\" target=\"_blank\" rel=\"nofollow noopener\">les \u00e9checs Adrian Grbi\u0107 (FC Lucerne, Suisse)<\/a>, qui n\u2019a pas r\u00e9pondu favorablement \u00e0 leurs sollicitations, lundi, et Ibou San\u00e9, que le FC Metz refuse de pr\u00eater, ce mardi, En Avant Guingamp est reparti en qu\u00eate de son attaquant \u00e0 quelques heures seulement de la fin du mercato, programm\u00e9e ce jour \u00e0 19 h 59.<\/p>\n<p>Selon nos informations, les dirigeants bretons n\u00e9gocieraient actuellement avec Nancy pour Brandon Bokangu (1,81 m). L\u2019avant-centre de 26 ans, qui est \u00e9galement capable de jouer sur un c\u00f4t\u00e9, est li\u00e9 au club lorrain jusqu\u2019en juin 2027. Pass\u00e9 par Saumur et Paris 13 Atletico, il porte les couleurs de l\u2019ASNL depuis deux saisons. Il a inscrit deux buts en Ligue 2 en ce d\u00e9but d\u2019exercice. Apr\u00e8s avoir recrut\u00e9 l\u2019attaquant s\u00e9n\u00e9galais Pape Me\u00efssa Ba, Nancy ne s\u2019opposerait pas \u00e0 un d\u00e9part de Bokangu.<\/p>\n<p>En cette toute fin du mercato, les n\u00e9gociations avanceraient bien et un accord pourrait \u00eatre trouv\u00e9 \u00e0 temps.<\/p>\n","protected":false},"excerpt":{"rendered":"Ligue 2. En Avant Guingamp Les pistes sont de moins en moins nombreuses mais certaines restent \u00e0 explorer.&hellip;\n","protected":false},"author":2,"featured_media":1161266,"comment_status":"","ping_status":"","sticky":false,"template":"","format":"standard","meta":{"footnotes":"","_share_on_mastodon":"0"},"categories":[9635],"tags":[1111,11,9594,1777,674,63,1011,27,775,4044,446,1702,12,25,60],"class_list":["post-1161265","post","type-post","status-publish","format-standard","has-post-thumbnail","category-nancy","tag-actu","tag-actualites","tag-en-avant-guingamp","tag-eu","tag-europe","tag-football","tag-fr","tag-france","tag-grand-est","tag-guingamp","tag-ligue-2","tag-nancy","tag-news","tag-republique-francaise","tag-sports"],"share_on_mastodon":{"url":"https:\/\/pubeurope.com\/@fr\/117196515405862223","error":""},"_links":{"self":[{"href":"https:\/\/www.europesays.com\/fr\/wp-json\/wp\/v2\/posts\/1161265","targetHints":{"allow":["GET"]}}],"collection":[{"href":"https:\/\/www.europesays.com\/fr\/wp-json\/wp\/v2\/posts"}],"about":[{"href":"https:\/\/www.europesays.com\/fr\/wp-json\/wp\/v2\/types\/post"}],"author":[{"embeddable":true,"href":"https:\/\/www.europesays.com\/fr\/wp-json\/wp\/v2\/users\/2"}],"replies":[{"embeddable":true,"href":"https:\/\/www.europesays.com\/fr\/wp-json\/wp\/v2\/comments?post=1161265"}],"version-history":[{"count":0,"href":"https:\/\/www.europesays.com\/fr\/wp-json\/wp\/v2\/posts\/1161265\/revisions"}],"wp:featuredmedia":[{"embeddable":true,"href":"https:\/\/www.europesays.com\/fr\/wp-json\/wp\/v2\/media\/1161266"}],"wp:attachment":[{"href":"https:\/\/www.europesays.com\/fr\/wp-json\/wp\/v2\/media?parent=1161265"}],"wp:term":[{"taxonomy":"category","embeddable":true,"href":"https:\/\/www.europesays.com\/fr\/wp-json\/wp\/v2\/categories?post=1161265"},{"taxonomy":"post_tag","embeddable":true,"href":"https:\/\/www.europesays.com\/fr\/wp-json\/wp\/v2\/tags?post=1161265"}],"curies":[{"name":"wp","href":"https:\/\/api.w.org\/{rel}","templated":true}]}}