{"id":1161271,"date":"2026-09-01T15:37:12","date_gmt":"2026-09-01T15:37:12","guid":{"rendered":"https:\/\/www.europesays.com\/fr\/1161271\/"},"modified":"2026-09-01T15:37:12","modified_gmt":"2026-09-01T15:37:12","slug":"lecole-joan-miro-de-ceret-a-une-nouvelle-directrice","status":"publish","type":"post","link":"https:\/\/www.europesays.com\/fr\/1161271\/","title":{"rendered":"L\u2019\u00e9cole Joan Mir\u00f3 de C\u00e9ret a une nouvelle directrice"},"content":{"rendered":"<p>\n                                                                Nouvelle directrice \u00e0 la maternelle Joan Miro de C\u00e9ret, Lydie Demart Battais mise sur l\u2019exp\u00e9rience, l\u2019esprit d\u2019\u00e9quipe et le lien familles-enseignants pour dynamiser l\u2019\u00e9cole et enrichir le quotidien des petits C\u00e9r\u00e9tans.\n                            <\/p>\n<p>Lydie Demart Battais, la nouvelle directrice de l\u2019\u00e9cole maternelle Joan Mir\u00f3, a entam\u00e9 sa nouvelle ann\u00e9e scolaire c\u00e9r\u00e9tane. Originaire de Seine-et-Marne, \u00e2g\u00e9e de 53 ans, Lydie souhaitait venir dans notre r\u00e9gion et a attendu que ses enfants soient grands pour s\u2019installer dans les Pyr\u00e9n\u00e9es-Orientales, d\u2019abord comme ma\u00eetresse d\u2019\u00e9cole \u00e0 Sor\u00e8de l\u2019ann\u00e9e derni\u00e8re, avant d\u2019avoir l\u2019opportunit\u00e9 de retrouver un poste de directrice, m\u00e9tier qu\u2019elle affectionne particuli\u00e8rement. \u00ab\u00a0\u00c7a fait 27 ans que j\u2019enseigne en \u00e9cole maternelle, ce sont les niveaux de classe que je pr\u00e9f\u00e8re et que je comprends le mieux\u00a0\u00bb, confiait-elle. \u00ab\u00a0Les missions de direction m\u2019am\u00e8nent \u00e0 rencontrer d\u2019autres personnes, \u00e0 porter des projets, c\u2019est int\u00e9ressant de chercher ici ou l\u00e0 des forces pour enrichir le quotidien des enfants. \u00c0 c\u00f4t\u00e9 de cela, le contact avec les familles est essentiel pour moi. Rien ne peut fonctionner sans un travail main dans la main entre enseignants et parents.\u00a0\u00bb<\/p>\n<p>La directrice peut compter sur une solide \u00e9quipe d\u2019enseignants et d\u2019Atsem. \u00ab\u00a0Le travail en \u00e9quipe, c\u2019est fondamental, tout seul on ne fait rien, je suis ravie d\u2019\u00eatre ici, dans cette belle et grande \u00e9cole avec une \u00e9quipe professionnelle. C\u2019est un plaisir de pouvoir exercer ce m\u00e9tier avec des coll\u00e8gues enthousiastes\u00a0\u00bb.<\/p>\n<p>La directrice est aussi ma\u00eetre formateur, une exp\u00e9rience qui lui a permis de faire \u00e9voluer ses m\u00e9thodes. \u00ab\u00a0J\u2019ai \u00e9t\u00e9 ma\u00eetre formateur pendant plusieurs ann\u00e9es pour accompagner les nouveaux enseignants, cela m\u2019a amen\u00e9 \u00e0 constamment remettre en question ma propre pratique pour la faire \u00e9voluer tout en partageant mon exp\u00e9rience. C\u2019est une vraie chance de pouvoir contribuer au d\u00e9veloppement des enfants et au maintien d\u2019un climat scolaire serein.\u00a0\u00bb<\/p>\n","protected":false},"excerpt":{"rendered":"Nouvelle directrice \u00e0 la maternelle Joan Miro de C\u00e9ret, Lydie Demart Battais mise sur l\u2019exp\u00e9rience, l\u2019esprit d\u2019\u00e9quipe et&hellip;\n","protected":false},"author":2,"featured_media":1161272,"comment_status":"","ping_status":"","sticky":false,"template":"","format":"standard","meta":{"footnotes":"","_share_on_mastodon":"0"},"categories":[9599],"tags":[1111,11,79250,1057,1777,674,1011,27,2208,12,2680,11548,25],"class_list":["post-1161271","post","type-post","status-publish","format-standard","has-post-thumbnail","category-montpellier","tag-actu","tag-actualites","tag-ceret","tag-education","tag-eu","tag-europe","tag-fr","tag-france","tag-montpellier","tag-news","tag-occitanie","tag-pyrenees-orientales","tag-republique-francaise"],"share_on_mastodon":{"url":"https:\/\/pubeurope.com\/@fr\/117196531099525454","error":""},"_links":{"self":[{"href":"https:\/\/www.europesays.com\/fr\/wp-json\/wp\/v2\/posts\/1161271","targetHints":{"allow":["GET"]}}],"collection":[{"href":"https:\/\/www.europesays.com\/fr\/wp-json\/wp\/v2\/posts"}],"about":[{"href":"https:\/\/www.europesays.com\/fr\/wp-json\/wp\/v2\/types\/post"}],"author":[{"embeddable":true,"href":"https:\/\/www.europesays.com\/fr\/wp-json\/wp\/v2\/users\/2"}],"replies":[{"embeddable":true,"href":"https:\/\/www.europesays.com\/fr\/wp-json\/wp\/v2\/comments?post=1161271"}],"version-history":[{"count":0,"href":"https:\/\/www.europesays.com\/fr\/wp-json\/wp\/v2\/posts\/1161271\/revisions"}],"wp:featuredmedia":[{"embeddable":true,"href":"https:\/\/www.europesays.com\/fr\/wp-json\/wp\/v2\/media\/1161272"}],"wp:attachment":[{"href":"https:\/\/www.europesays.com\/fr\/wp-json\/wp\/v2\/media?parent=1161271"}],"wp:term":[{"taxonomy":"category","embeddable":true,"href":"https:\/\/www.europesays.com\/fr\/wp-json\/wp\/v2\/categories?post=1161271"},{"taxonomy":"post_tag","embeddable":true,"href":"https:\/\/www.europesays.com\/fr\/wp-json\/wp\/v2\/tags?post=1161271"}],"curies":[{"name":"wp","href":"https:\/\/api.w.org\/{rel}","templated":true}]}}