{"id":1161294,"date":"2026-09-01T15:57:15","date_gmt":"2026-09-01T15:57:15","guid":{"rendered":"https:\/\/www.europesays.com\/fr\/1161294\/"},"modified":"2026-09-01T15:57:15","modified_gmt":"2026-09-01T15:57:15","slug":"ecocentre-a-nantes-les-riverains-denoncent-des-derives-importantes","status":"publish","type":"post","link":"https:\/\/www.europesays.com\/fr\/1161294\/","title":{"rendered":"\u00c9cocentre \u00e0 Nantes : les riverains d\u00e9noncent des \u00ab\u00a0d\u00e9rives importantes\u00a0\u00bb"},"content":{"rendered":"<p>                    Par<br \/>\n        <strong><br \/>\n            <a href=\"https:\/\/actu.fr\/auteur\/laure-gentil\" title=\"Consulter tous les articles de Laure Gentil\" rel=\"nofollow noopener\" target=\"_blank\">Laure Gentil<\/a><br \/>\n                    <\/strong><\/p>\n<p>        Publi\u00e9 le<\/p>\n<p>            1 sept. 2026 \u00e0 17h02        <\/p>\n<p>L\u2019ambiance \u00e9tait tendue, <b>lundi 31 ao\u00fbt<\/b> devant la Perm\u2019 l\u2019atelier du projet urbain de l\u2019\u00eele de Nantes. Plus d\u2019une dizaine de riverains ont organis\u00e9 une conf\u00e9rence de presse surprise pour d\u00e9noncer des \u00ab\u00a0d\u00e9rives importantes\u00a0\u00bb cet \u00e9t\u00e9 sur <b>l\u2019\u00e9cocentre, la plateforme de traitement des d\u00e9blais <\/b>extraits des chantiers. Un <a href=\"https:\/\/actu.fr\/pays-de-la-loire\/nantes_44109\/ecocentre-sur-l-ile-de-nantes-les-riverains-contestent-ce-projet-dissimule_59812550.html\" rel=\"nofollow noopener\" target=\"_blank\">\u00e9ternel sujet de conflit entre les habitants, la Samoa et la Ville de Nantes.<\/a>\u00a0<\/p>\n<p class=\" wall-content\">\u00ab\u00a0L\u2019\u00e9cocentre s\u2019appuie sur une d\u00e9rogation qui va consid\u00e9rer que toute l\u2019\u00eele de Nantes est un site unique\u00a0\u00bb, explique \u00c9l\u00e9onore Duplay, riveraine et membre du collectif Stop \u00c9cocentre. \u00ab\u00a0C\u2019est pour \u00e7a que depuis que nous avons connaissance de ce projet, on a tout de suite demand\u00e9 \u00e0 ce que ce soit fait ailleurs, mais on nous a toujours r\u00e9pondu que ce n\u2019est pas possible parce que si les terres quittent l\u2019\u00eele de Nantes, elles deviennent des d\u00e9chets.\u00a0\u00bb<\/p>\n<p class=\" wall-content\">Or, selon un autre membre du comit\u00e9 de suivi, Didier Richard, de la terre en grande quantit\u00e9 est transport\u00e9e \u00e0 la carri\u00e8re de Saint-Colomban ou encore \u00e0 la carri\u00e8re des Mara\u00eech\u00e8res \u00e0 Bouguenais. \u00ab\u00a0\u00c7a, c\u2019est une violation de cette d\u00e9rogation !\u00a0\u00bb, d\u00e9nonce \u00c9l\u00e9onore Duplay.<\/p>\n<p>Une brumisation inefficace ?<\/p>\n<p class=\" wall-content\">D\u00e9j\u00e0, l\u2019\u00e9t\u00e9 dernier, les riverains avaient d\u00e9nonc\u00e9 des nuisances et surtout une poussi\u00e8re bien trop importante dans l\u2019air. Un probl\u00e8me qui continue aujourd\u2019hui. Dans l\u2019assembl\u00e9e, certains riverains montrent des photos de leurs meubles ou de leurs terrasses qui en sont recouverts. Des mesures avaient pourtant \u00e9t\u00e9 mises en place pour att\u00e9nuer la dispersion de la poussi\u00e8re.<\/p>\n<p class=\" wall-content\">En 2025, la Samoa avait appliqu\u00e9 \u00ab\u00a0le\u00a0<b>b\u00e2chage syst\u00e9matique de tous les camions<\/b> pour le transport des mat\u00e9riaux volatils y compris pour des trajets courts\u00a0\u00bb et avait limit\u00e9 \u00ab\u00a0<b>la vitesse<\/b> des camions des entreprises op\u00e9rant sur le chantier pour limiter les envols de poussi\u00e8res\u00a0\u00bb.<\/p>\n<p class=\" wall-content\">Autre mesure : le dispositif de\u00a0<b>brumisation<\/b> pour les zones de chantiers \u00e0 l\u2019aide d\u2019un bassin de r\u00e9tention des eaux de pluie. Un \u00e9quipement \u00ab\u00a0pas tr\u00e8s efficace\u00a0\u00bb qui laisse les riverains perplexes cette ann\u00e9e apr\u00e8s les canicules successives. \u00ab\u00a0Il (le bassin N. D. L. R.) semble \u00e0 peu pr\u00e8s vide et on constate de l\u2019arrosage en continu\u00a0\u00bb, d\u00e9plore \u00c9l\u00e9onore. \u00ab\u00a0On a re\u00e7u un mail de la Samoa qui a reconnu l\u2019utilisation d\u2019eau potable.\u00a0\u00bb<\/p>\n<blockquote class=\"ac-article-quote wall-content\">\n<p>On n\u2019a aucune notion de la quantit\u00e9 d\u2019eau qui a \u00e9t\u00e9 utilis\u00e9e sur cette p\u00e9riode. On estime que si la Samoa d\u00e9pla\u00e7ait cet \u00e9quipement \u00e0 un autre endroit, et donc loin des habitations, il n\u2019y aurait pas besoin d\u2019arrosage, puisque c\u2019est exclusivement li\u00e9 \u00e0 la proximit\u00e9 d\u2019un quartier habit\u00e9 et dens\u00e9ment peupl\u00e9.<\/p>\n<p>\u00c9l\u00e9onore Duplay<\/p><\/blockquote>\n<p class=\" wall-content\">La riveraine insiste de plus sur le peu d\u2019effets de la brumisation sur la poussi\u00e8re g\u00e9n\u00e9r\u00e9e : \u00ab\u00a0On en a 24 h sur 24.\u00a0\u00bb<\/p>\n<p>\u00ab\u00a0Un bruit strident\u00a0\u00bb<\/p>\n<p class=\" wall-content\">Le bruit reste aussi insupportable pour les riverains.<\/p>\n<blockquote class=\"ac-article-quote wall-content\">\n<p>En permanence on subit des nuisances qui proviennent des all\u00e9es et venues des camions, des bips de recul, du fonctionnement de la cribleuse et depuis quelques jours, de la d\u00e9coupe des rails (de l\u2019ancienne gare, N. D. L. R.) sur le p\u00e9rim\u00e8tre de l\u2019\u00e9cocentre, qui cr\u00e9e un bruit strident et quasiment permanent toute la journ\u00e9e.\u00a0<\/p>\n<p>\u00c9l\u00e9onore Duplay<\/p><\/blockquote>\n<p class=\" wall-content\">Ironie du sort, la concasseuse a \u00e9t\u00e9 mise en route ce lundi matin. Le m\u00eame jour que le rendez-vous donn\u00e9 par Olivier Ch\u00e2teau, adjoint en charge de l\u2019\u00eele de Nantes, \u00e0 deux riverains dont Didier Richard. Un rendez-vous finalement utilis\u00e9 par plusieurs habitants pour la conf\u00e9rence de presse surprise.\u00a0\u00a0<\/p>\n<p>Un \u00ab\u00a0second \u00e9cocentre\u00a0\u00bb ?<\/p>\n<p class=\" wall-content\">Mais le m\u00e9contentement ne s\u2019arr\u00eate pas l\u00e0. Les riverains pr\u00e9sents \u00e0 la Perm\u2019 affirment qu\u2019un \u00ab\u00a0second \u00e9cocentre\u00a0\u00bb est apparu, encore plus proche des habitations que le premier. Une affirmation fermement r\u00e9fut\u00e9e par Virginie Vial, directrice g\u00e9n\u00e9rale de la Samoa, pr\u00e9sente sur place. Elle assure que les nouveaux tas de terre sont donc dus au chantier de terrassement et au chantier sur le boulevard et en aucun cas \u00e0 un nouvel \u00e9cocentre.<\/p>\n<blockquote class=\"ac-article-quote wall-content\">\n<p>Il y a eu une confusion de la part des habitants, entre ce qui se passe sur l\u2019\u00e9cocentre et ce qui s\u2019est pass\u00e9 dans le cadre de tous les grands travaux qui sont organis\u00e9s actuellement pour amener les lignes de tramway, et revoir les lignes de bus, en accompagnement des jardins qui ont \u00e9t\u00e9 livr\u00e9s.<\/p>\n<p>Virginie Vial<\/p><\/blockquote>\n<p class=\" wall-content\">Les riverains et le collectif ont d\u00e9cid\u00e9 de se tourner vers les tribunaux pour \u00ab\u00a0trouble de la jouissance permanent\u00a0\u00bb. L\u2019\u00e9cocentre doit rester 15 ans devant leurs fen\u00eatres.\u00a0<\/p>\n<p class=\" wall-content\">Personnalisez votre actualit\u00e9 en ajoutant vos villes et m\u00e9dias en favori avec <a href=\"https:\/\/moncompte.actu.fr\" title=\"D\u00e9couvez Mon Actu\" rel=\"nofollow noopener\" data-trk=\"{&quot;cta&quot;:{&quot;action&quot;:&quot;https:\\\/\\\/moncompte.actu.fr&quot;,&quot;category&quot;:&quot;mon compte&quot;,&quot;from&quot;:&quot;article footer&quot;,&quot;name&quot;:&quot;Mon actu&quot;,&quot;type&quot;:&quot;cta&quot;}}\" target=\"_blank\">Mon Actu<\/a>.<\/p>\n","protected":false},"excerpt":{"rendered":"Par Laure Gentil Publi\u00e9 le 1 sept. 2026 \u00e0 17h02 L\u2019ambiance \u00e9tait tendue, lundi 31 ao\u00fbt devant la&hellip;\n","protected":false},"author":2,"featured_media":1161295,"comment_status":"","ping_status":"","sticky":false,"template":"","format":"standard","meta":{"footnotes":"","_share_on_mastodon":"0"},"categories":[2818],"tags":[1111,11,3008,1777,674,1011,27,766,12,2636,52,1800,25],"class_list":["post-1161294","post","type-post","status-publish","format-standard","has-post-thumbnail","category-nantes","tag-actu","tag-actualites","tag-dechets","tag-eu","tag-europe","tag-fr","tag-france","tag-nantes","tag-news","tag-pays-de-la-loire","tag-planete","tag-pollution","tag-republique-francaise"],"share_on_mastodon":{"url":"https:\/\/pubeurope.com\/@fr\/117196609833149469","error":""},"_links":{"self":[{"href":"https:\/\/www.europesays.com\/fr\/wp-json\/wp\/v2\/posts\/1161294","targetHints":{"allow":["GET"]}}],"collection":[{"href":"https:\/\/www.europesays.com\/fr\/wp-json\/wp\/v2\/posts"}],"about":[{"href":"https:\/\/www.europesays.com\/fr\/wp-json\/wp\/v2\/types\/post"}],"author":[{"embeddable":true,"href":"https:\/\/www.europesays.com\/fr\/wp-json\/wp\/v2\/users\/2"}],"replies":[{"embeddable":true,"href":"https:\/\/www.europesays.com\/fr\/wp-json\/wp\/v2\/comments?post=1161294"}],"version-history":[{"count":0,"href":"https:\/\/www.europesays.com\/fr\/wp-json\/wp\/v2\/posts\/1161294\/revisions"}],"wp:featuredmedia":[{"embeddable":true,"href":"https:\/\/www.europesays.com\/fr\/wp-json\/wp\/v2\/media\/1161295"}],"wp:attachment":[{"href":"https:\/\/www.europesays.com\/fr\/wp-json\/wp\/v2\/media?parent=1161294"}],"wp:term":[{"taxonomy":"category","embeddable":true,"href":"https:\/\/www.europesays.com\/fr\/wp-json\/wp\/v2\/categories?post=1161294"},{"taxonomy":"post_tag","embeddable":true,"href":"https:\/\/www.europesays.com\/fr\/wp-json\/wp\/v2\/tags?post=1161294"}],"curies":[{"name":"wp","href":"https:\/\/api.w.org\/{rel}","templated":true}]}}