{"id":1161296,"date":"2026-09-01T15:58:26","date_gmt":"2026-09-01T15:58:26","guid":{"rendered":"https:\/\/www.europesays.com\/fr\/1161296\/"},"modified":"2026-09-01T15:58:26","modified_gmt":"2026-09-01T15:58:26","slug":"mostafa-mohamed-nest-plus-un-joueur-du-fc-nantes","status":"publish","type":"post","link":"https:\/\/www.europesays.com\/fr\/1161296\/","title":{"rendered":"Mostafa Mohamed n&rsquo;est plus un joueur du FC Nantes"},"content":{"rendered":"<p class=\"mb-4 text-lg md:leading-8 break-words\">Mostafa Mohamed s&rsquo;est engag\u00e9 avec Konyaspor. Il quitte le FC Nantes pour un million d&rsquo;euros, apr\u00e8s quatre saisons chez les Canaris.<\/p>\n<p class=\"mb-4 text-lg md:leading-8 break-words\">Pressenti depuis plusieurs jours, le d\u00e9part de Mostafa Mohamed du FC Nantes est d\u00e9sormais act\u00e9. L&rsquo;attaquant \u00e9gyptien d\u00e9barque \u00e0 Konyaspor pour un million d&rsquo;euros. Arriv\u00e9 en 2022 chez les Canaris, le joueur de 28 ans quitte le club avec 29 buts et 8 passes d\u00e9cisives en 136 matches. Il portera le num\u00e9ro 42 en Turquie. L&rsquo;ancien buteur de Galatasaray avait s\u00e9ch\u00e9 la reprise avec le FC Nantes, apr\u00e8s avoir rat\u00e9 la Coupe du Monde, et s&rsquo;\u00e9tait vu imposer des sanctions disciplinaires.<\/p>\n<p class=\"mb-4 text-lg md:leading-8 break-words\">L&rsquo;\u00c9quipe &#8211; R\u00e9daction<\/p>\n","protected":false},"excerpt":{"rendered":"Mostafa Mohamed s&rsquo;est engag\u00e9 avec Konyaspor. Il quitte le FC Nantes pour un million d&rsquo;euros, apr\u00e8s quatre saisons&hellip;\n","protected":false},"author":2,"featured_media":1161297,"comment_status":"","ping_status":"","sticky":false,"template":"","format":"standard","meta":{"footnotes":"","_share_on_mastodon":"0"},"categories":[2818],"tags":[1111,11,119365,119363,1777,674,1011,27,119364,22150,119362,766,12,118607,2636,25],"class_list":["post-1161296","post","type-post","status-publish","format-standard","has-post-thumbnail","category-nantes","tag-actu","tag-actualites","tag-apres-avoir-rate-la-coupe-du-monde","tag-chez-les","tag-eu","tag-europe","tag-fr","tag-france","tag-il-portera-le","tag-mostafa-mohamed","tag-mostafa-mohamed-sest-engage-avec-konyaspor","tag-nantes","tag-news","tag-p-lahalle-lequipe","tag-pays-de-la-loire","tag-republique-francaise"],"share_on_mastodon":{"url":"https:\/\/pubeurope.com\/@fr\/117196613722303400","error":""},"_links":{"self":[{"href":"https:\/\/www.europesays.com\/fr\/wp-json\/wp\/v2\/posts\/1161296","targetHints":{"allow":["GET"]}}],"collection":[{"href":"https:\/\/www.europesays.com\/fr\/wp-json\/wp\/v2\/posts"}],"about":[{"href":"https:\/\/www.europesays.com\/fr\/wp-json\/wp\/v2\/types\/post"}],"author":[{"embeddable":true,"href":"https:\/\/www.europesays.com\/fr\/wp-json\/wp\/v2\/users\/2"}],"replies":[{"embeddable":true,"href":"https:\/\/www.europesays.com\/fr\/wp-json\/wp\/v2\/comments?post=1161296"}],"version-history":[{"count":0,"href":"https:\/\/www.europesays.com\/fr\/wp-json\/wp\/v2\/posts\/1161296\/revisions"}],"wp:featuredmedia":[{"embeddable":true,"href":"https:\/\/www.europesays.com\/fr\/wp-json\/wp\/v2\/media\/1161297"}],"wp:attachment":[{"href":"https:\/\/www.europesays.com\/fr\/wp-json\/wp\/v2\/media?parent=1161296"}],"wp:term":[{"taxonomy":"category","embeddable":true,"href":"https:\/\/www.europesays.com\/fr\/wp-json\/wp\/v2\/categories?post=1161296"},{"taxonomy":"post_tag","embeddable":true,"href":"https:\/\/www.europesays.com\/fr\/wp-json\/wp\/v2\/tags?post=1161296"}],"curies":[{"name":"wp","href":"https:\/\/api.w.org\/{rel}","templated":true}]}}