{"id":1161305,"date":"2026-09-01T16:05:23","date_gmt":"2026-09-01T16:05:23","guid":{"rendered":"https:\/\/www.europesays.com\/fr\/1161305\/"},"modified":"2026-09-01T16:05:23","modified_gmt":"2026-09-01T16:05:23","slug":"relaxe-pour-lavocat-lillois-juge-pour-provocation-a-la-haine-apres-les-attaques-du-hamas","status":"publish","type":"post","link":"https:\/\/www.europesays.com\/fr\/1161305\/","title":{"rendered":"Relaxe pour l\u2019avocat lillois jug\u00e9 pour \u00ab\u00a0provocation \u00e0 la haine\u00a0\u00bb apr\u00e8s les attaques du Hamas"},"content":{"rendered":"<p>\t\u00c0 partir du 7 octobre 2023, date des attaques du Hamas en Isra\u00ebl, un avocat lillois a comment\u00e9 sur le r\u00e9seau social X les \u00e9v\u00e9nements en cours. Jug\u00e9 en juillet pour \u00ab\u00a0provocation publique \u00e0 la haine\u00a0\u00bb, il a \u00e9t\u00e9 relax\u00e9 ce mardi.<\/p>\n<p>   Article r\u00e9serv\u00e9 aux abonn\u00e9s<\/p>\n<p>                    <a href=\"https:\/\/google.com\/preferences\/source?q=lavoixdunord.fr\" target=\"_blank\" class=\"r-btn r-btn--outline-dark r-btn--google js-datalayer-click\" title=\"Ajouter sur Google\" data-clic-category=\"article\" data-clic-component=\"pr\u00e9f\u00e9rences\" data-clic-element-type=\"CTA\" data-clic-element-name=\"source\" pr=\"\" google=\"\" rel=\"nofollow noopener\"><\/p>\n<p>                      Ajouter aux sources pr\u00e9f\u00e9r\u00e9es sur Google<br \/>\n                  <\/a><\/p>\n<p>  <img decoding=\"async\" data-copyright=\"PHOTO ILLUSTRATION MATTHIEU BOTTE LA VOIX DU NORD\" class=\"r-img lazy\" data-  src=\"https:\/\/www.europesays.com\/fr\/wp-content\/uploads\/2026\/09\/37683612.jpeg\" typeof=\"foaf:Image\" alt=\"L\u2019avocat lillois a comparu en juillet devant le tribunal de Lille pour \u00ab\u00a0provocation \u00e0 la haine\u00a0\u00bb.\"\/>  <\/p>\n<p>Article<\/p>\n<p>  <img decoding=\"async\" class=\"r-img lazyloaded\" src=\"https:\/\/www.europesays.com\/fr\/wp-content\/uploads\/2026\/04\/magalie_ghu.jpg\" alt=\"\"\/><\/p>\n<p>Par <a href=\"https:\/\/www.lavoixdunord.fr\/109960\/dpi-authors\/magalie-ghu\" rel=\"nofollow noopener\" target=\"_blank\">Magalie Ghu<\/a><\/p>\n<p>Chroniqueuse judiciaire \u00e0 la r\u00e9daction Lille M\u00e9tropole<br \/>\n\tPubli\u00e9: 1 Septembre 2026 \u00e0 15h42<\/p>\n<p>Temps de lecture:<br \/>\n2 min<\/p>\n<p>\u00ab\u00a0Je distingue bien, dans mes posts, les juifs de l\u2019\u00c9tat juif, je suis contre la haine, c\u2019est seulement l\u2019id\u00e9e politique qu\u2019est le sionisme que je critique\u00a0\u00bb, avait plaid\u00e9 l\u2019avocat lors de l\u2019audience en juillet o\u00f9 il \u00e9tait poursuivi pour \u00ab\u00a0provocation publique \u00e0 la haine\u00a0\u00bb.<\/p>\n<p>&#13;<br \/>\n&#13;<\/p>\n<p>&#13;<br \/>\n&#13;<\/p>\n<p>  Article r\u00e9serv\u00e9 aux abonn\u00e9s<\/p>\n<p>Pour lire la suite de cet article :<\/p>\n<p><strong>Abonnez-vous \u00e0 notre offre num\u00e9rique. <\/strong><\/p>\n<p>Sans engagement de dur\u00e9e.<\/p>\n<p>    <a class=\"r-btn r-btn--secondary js-sso--url\" target=\"_self\" rel=\"nofollow noopener\" href=\"https:\/\/espace-abonnement.lavoixdunord.fr\/?int_source=site_vdn&amp;int_medium=paywall_natif&amp;int_campaign=abo_tout?backurl=[current-page:js-url]\" id=\"abonnements_boutique btn_paywall_subscribe\">S&rsquo;ABONNER<\/a><\/p>\n<p>    Vous \u00eates d\u00e9j\u00e0 abonn\u00e9 ou inscrit ?<br \/><a class=\"js-sso--url\" id=\"btn_paywall_login\" href=\"https:\/\/ssov3.lavoixdunord.fr\/product\/redirect?product_id=fr_lavoixdunord&amp;return_to=[current-page:js-url]\" rel=\"nofollow noopener\" target=\"_blank\">Se connecter<\/a><\/p>\n<p>Contenus sponsoris\u00e9s<\/p>\n<p>&#13;<br \/>\n&#13;<\/p>\n<p>&#13;<br \/>\n&#13;<\/p>\n","protected":false},"excerpt":{"rendered":"\u00c0 partir du 7 octobre 2023, date des attaques du Hamas en Isra\u00ebl, un avocat lillois a comment\u00e9&hellip;\n","protected":false},"author":2,"featured_media":1161306,"comment_status":"","ping_status":"","sticky":false,"template":"","format":"standard","meta":{"footnotes":"","_share_on_mastodon":"0"},"categories":[2815],"tags":[1111,11,1777,674,1011,27,4629,811,1307,12,25,3693],"class_list":["post-1161305","post","type-post","status-publish","format-standard","has-post-thumbnail","category-lille","tag-actu","tag-actualites","tag-eu","tag-europe","tag-fr","tag-france","tag-guerre-israu00ebl-hamas","tag-hauts-de-france","tag-lille","tag-news","tag-republique-francaise","tag-tribunal"],"share_on_mastodon":{"url":"https:\/\/pubeurope.com\/@fr\/117196643950822169","error":""},"_links":{"self":[{"href":"https:\/\/www.europesays.com\/fr\/wp-json\/wp\/v2\/posts\/1161305","targetHints":{"allow":["GET"]}}],"collection":[{"href":"https:\/\/www.europesays.com\/fr\/wp-json\/wp\/v2\/posts"}],"about":[{"href":"https:\/\/www.europesays.com\/fr\/wp-json\/wp\/v2\/types\/post"}],"author":[{"embeddable":true,"href":"https:\/\/www.europesays.com\/fr\/wp-json\/wp\/v2\/users\/2"}],"replies":[{"embeddable":true,"href":"https:\/\/www.europesays.com\/fr\/wp-json\/wp\/v2\/comments?post=1161305"}],"version-history":[{"count":0,"href":"https:\/\/www.europesays.com\/fr\/wp-json\/wp\/v2\/posts\/1161305\/revisions"}],"wp:featuredmedia":[{"embeddable":true,"href":"https:\/\/www.europesays.com\/fr\/wp-json\/wp\/v2\/media\/1161306"}],"wp:attachment":[{"href":"https:\/\/www.europesays.com\/fr\/wp-json\/wp\/v2\/media?parent=1161305"}],"wp:term":[{"taxonomy":"category","embeddable":true,"href":"https:\/\/www.europesays.com\/fr\/wp-json\/wp\/v2\/categories?post=1161305"},{"taxonomy":"post_tag","embeddable":true,"href":"https:\/\/www.europesays.com\/fr\/wp-json\/wp\/v2\/tags?post=1161305"}],"curies":[{"name":"wp","href":"https:\/\/api.w.org\/{rel}","templated":true}]}}