{"id":1161327,"date":"2026-09-01T16:17:21","date_gmt":"2026-09-01T16:17:21","guid":{"rendered":"https:\/\/www.europesays.com\/fr\/1161327\/"},"modified":"2026-09-01T16:17:21","modified_gmt":"2026-09-01T16:17:21","slug":"lallemagne-juge-la-russie-responsable-de-lattaque-hybride-menee-avec-un-drone-charge-dexplosifs-debut-aout-a-laeroport-de-leipzig","status":"publish","type":"post","link":"https:\/\/www.europesays.com\/fr\/1161327\/","title":{"rendered":"L&rsquo;Allemagne juge la Russie \u00ab\u00a0responsable\u00a0\u00bb de \u00ab\u00a0l&rsquo;attaque hybride\u00a0\u00bb men\u00e9e avec un drone charg\u00e9 d&rsquo;explosifs, d\u00e9but ao\u00fbt, \u00e0 l&rsquo;a\u00e9roport de Leipzig"},"content":{"rendered":"<p class=\"c-chapo \">\n  Le trafic avait \u00e9t\u00e9 temporairement suspendu dans cet a\u00e9roport, plateforme cl\u00e9 pour l&rsquo;arm\u00e9e allemande, l&rsquo;Otan et le soutien logistique \u00e0 l&rsquo;Ukraine, d\u00e9but ao\u00fbt.\n<\/p>\n<p>    Publi\u00e9 le 01\/09\/2026 18:08<\/p>\n<p>        Temps de lecture : 1min<\/p>\n<p>    <img decoding=\"async\"  alt=\"L'a\u00e9roport de Leipzig (Allemagne), le 9 ao\u00fbt 2026. (HEIKO REBSCH \/ DPA \/ AFP)\" width=\"432\" height=\"243\" src=\"https:\/\/www.europesays.com\/fr\/wp-content\/uploads\/2026\/09\/6a96f628d15d4144736527.jpg\" fetchpriority=\"high\"\/><\/p>\n<p>      L&rsquo;a\u00e9roport de Leipzig (Allemagne), le 9 ao\u00fbt 2026. (HEIKO REBSCH \/ DPA \/ AFP)<\/p>\n<p>Le ministre de l&rsquo;Int\u00e9rieur allemand, Alexander Dobrindt, estime, mardi 1er septembre, que la Russie est \u00ab\u00a0responsable\u00a0\u00bb de \u00ab\u00a0l&rsquo;attaque hybride\u00a0\u00bb <a href=\"https:\/\/www.franceinfo.fr\/monde\/europe\/allemagne\/un-drone-equipe-d-un-engin-explosif-decouvert-a-l-aeroport-de-leipzig-en-allemagne_8135885.html\" target=\"_self\" rel=\"noopener noreferrer nofollow\" data-tooltip-url=\"https:\/\/www.franceinfo.fr\/monde\/europe\/allemagne\/un-drone-equipe-d-un-engin-explosif-decouvert-a-l-aeroport-de-leipzig-en-allemagne_8135885.html\">men\u00e9e avec un drone charg\u00e9 d&rsquo;explosifs, d\u00e9but ao\u00fbt<\/a>, \u00e0 l&rsquo;a\u00e9roport de Leipzig (Allemagne). \u00ab\u00a0Dans l&rsquo;ensemble, les enqu\u00eates polici\u00e8res, les modes op\u00e9ratoires et les informations des services de renseignement d\u00e9montrent une responsabilit\u00e9 russe\u00a0\u00bb, a-t-il d\u00e9clar\u00e9 lors d&rsquo;une courte d\u00e9claration.<\/p>\n<p>Le trafic avait \u00e9t\u00e9 temporairement suspendu dans cet a\u00e9roport, plateforme cl\u00e9 pour l&rsquo;arm\u00e9e allemande, l&rsquo;Otan et le soutien logistique \u00e0 l&rsquo;Ukraine, d\u00e9but ao\u00fbt, apr\u00e8s des incidents impliquant au moins un drone, \u00e9quip\u00e9 d&rsquo;un engin explosif non identifi\u00e9. Des images tourn\u00e9es par une agence de presse ont montr\u00e9 un robot de d\u00e9minage circuler sur le tarmac, tout pr\u00e8s d&rsquo;un avion de la compagnie ukrainienne de fret Antonov Airlines. Les autorit\u00e9s allemandes avaient alors multipli\u00e9 les mises en garde.<\/p>\n<p>La pr\u00e9sidente de la Commission europ\u00e9enne, Ursula von der Leyen, a assur\u00e9 que l&rsquo;Union europ\u00e9enne se tenait \u00ab\u00a0pleinement aux c\u00f4t\u00e9s\u00a0\u00bb de l&rsquo;Allemagne face \u00e0 cette \u00ab\u00a0attaque de la Russie\u00a0\u00bb. \u00ab\u00a0Nous maintiendrons l&rsquo;unit\u00e9 de l&rsquo;UE malgr\u00e9 ces actes graves et de plus en plus fr\u00e9quents\u00a0\u00bb, a-t-elle plaid\u00e9 sur le r\u00e9seau social X. Par cons\u00e9quent, l&rsquo;Allemagne a d\u00e9cid\u00e9 de fermer le dernier consulat russe du pays, \u00e0 Bonn, et un centre culturel russe \u00e0 Berlin.<\/p>\n","protected":false},"excerpt":{"rendered":"Le trafic avait \u00e9t\u00e9 temporairement suspendu dans cet a\u00e9roport, plateforme cl\u00e9 pour l&rsquo;arm\u00e9e allemande, l&rsquo;Otan et le soutien&hellip;\n","protected":false},"author":2,"featured_media":1161328,"comment_status":"","ping_status":"","sticky":false,"template":"","format":"standard","meta":{"footnotes":"","_share_on_mastodon":"0"},"categories":[1591],"tags":[11,1887,12,1885,1886,132],"class_list":["post-1161327","post","type-post","status-publish","format-standard","has-post-thumbnail","category-russie","tag-actualites","tag-federation-de-russie","tag-news","tag-russia","tag-russian-federation","tag-russie"],"share_on_mastodon":{"url":"https:\/\/pubeurope.com\/@fr\/117196690444637998","error":""},"_links":{"self":[{"href":"https:\/\/www.europesays.com\/fr\/wp-json\/wp\/v2\/posts\/1161327","targetHints":{"allow":["GET"]}}],"collection":[{"href":"https:\/\/www.europesays.com\/fr\/wp-json\/wp\/v2\/posts"}],"about":[{"href":"https:\/\/www.europesays.com\/fr\/wp-json\/wp\/v2\/types\/post"}],"author":[{"embeddable":true,"href":"https:\/\/www.europesays.com\/fr\/wp-json\/wp\/v2\/users\/2"}],"replies":[{"embeddable":true,"href":"https:\/\/www.europesays.com\/fr\/wp-json\/wp\/v2\/comments?post=1161327"}],"version-history":[{"count":0,"href":"https:\/\/www.europesays.com\/fr\/wp-json\/wp\/v2\/posts\/1161327\/revisions"}],"wp:featuredmedia":[{"embeddable":true,"href":"https:\/\/www.europesays.com\/fr\/wp-json\/wp\/v2\/media\/1161328"}],"wp:attachment":[{"href":"https:\/\/www.europesays.com\/fr\/wp-json\/wp\/v2\/media?parent=1161327"}],"wp:term":[{"taxonomy":"category","embeddable":true,"href":"https:\/\/www.europesays.com\/fr\/wp-json\/wp\/v2\/categories?post=1161327"},{"taxonomy":"post_tag","embeddable":true,"href":"https:\/\/www.europesays.com\/fr\/wp-json\/wp\/v2\/tags?post=1161327"}],"curies":[{"name":"wp","href":"https:\/\/api.w.org\/{rel}","templated":true}]}}