{"id":1161356,"date":"2026-09-01T16:38:23","date_gmt":"2026-09-01T16:38:23","guid":{"rendered":"https:\/\/www.europesays.com\/fr\/1161356\/"},"modified":"2026-09-01T16:38:23","modified_gmt":"2026-09-01T16:38:23","slug":"lea-salame-pour-la-rentree-son-compagnon-raphael-glucksmann-devoile-une-photo-de-gabriel-leur-fils-de-9-ans","status":"publish","type":"post","link":"https:\/\/www.europesays.com\/fr\/1161356\/","title":{"rendered":"L\u00e9a Salam\u00e9 : pour la rentr\u00e9e, son compagnon Rapha\u00ebl Glucksmann d\u00e9voile une photo de Gabriel, leur fils de 9 ans"},"content":{"rendered":"<p>        R\u00e9sum\u00e9<\/p>\n<p>Rapha\u00ebl Glucksmann a partag\u00e9 une photo discr\u00e8te de son fils Gabriel lors de sa rentr\u00e9e scolaire, un moment simple avant une p\u00e9riode politique charg\u00e9e.<\/p>\n<p>          Sommaire<\/p>\n<p><img loading=\"lazy\" width=\"150\" height=\"150\" src=\"https:\/\/www.europesays.com\/fr\/wp-content\/uploads\/2026\/09\/ABACA_878886_033-1-scaled-aspect-ratio-225-300-150x150.jpg\" alt=\"\" decoding=\"async\"\/><\/p>\n<p>\n        Couverture compl\u00e8te sur<\/p>\n<p>          L\u00e9a Salam\u00e9\n      <\/p>\n<p>\n        Apr\u00e8s avoir travaill\u00e9 sur plusieurs cha\u00eenes d\u2019information en continu, L\u00e9a Salam\u00e9 s\u2019est impos\u00e9e sur le petit \u00e9cran gr\u00e2ce \u00e0 l\u2019\u00e9mission On n\u2019est pas couch\u00e9 de Laurent Ruquier. Depuis, la journaliste est <strong>l\u2019une des valeurs s\u00fbres de France 2<\/strong> avec les programmes Vous avez la parole, On est en direct et surtout Quelle \u00e9poque !.      <\/p>\n<p>Une rentr\u00e9e pas comme les autres pour <a href=\"https:\/\/www.public.fr\/tag\/raphael-glucksmann\" id=\"4196\" rel=\"nofollow noopener\" target=\"_blank\">Rapha\u00ebl Glucksmann<\/a>. Alors que le d\u00e9put\u00e9 europ\u00e9en vient tout juste de se lancer officiellement dans la course \u00e0 l&rsquo;\u00e9lection pr\u00e9sidentielle de 2027, il a mis sa casquette de candidat de c\u00f4t\u00e9 le temps d&rsquo;accompagner son fils Gabriel \u00e0 l&rsquo;\u00e9cole. Ce mardi 1\u1d49\u02b3 septembre, comme des millions d&rsquo;enfants \u00e0 travers la France, <strong>le gar\u00e7on de 9 ans a repris le chemin des salles de classe<\/strong>. Un moment familial que son p\u00e8re a choisi de partager avec ses abonn\u00e9s sur Instagram.<\/p>\n<p><strong>Une rentr\u00e9e en famille pour Rapha\u00ebl Glucksmann<\/strong><\/p>\n<p>Apr\u00e8s des vacances reposantes dans son refuge corse, o\u00f9 <a href=\"https:\/\/www.public.fr\/lea-salame-et-raphael-glucksmann-baiser-torride-en-maillot-de-bain-la-photo-de-vacances-du-couple-qui-enflamme-la-toile\" id=\"2631614\" rel=\"nofollow noopener\" target=\"_blank\">il a \u00e9t\u00e9 pris en photo avec sa ch\u00e9rie L\u00e9a Salam\u00e9<\/a>, Rapha\u00ebl Glucksmann s&rsquo;appr\u00eate \u00e0 vivre des mois particuli\u00e8rement intenses. Le 23 ao\u00fbt dernier, sur TF1, <strong>l&rsquo;homme politique de 46 ans a en effet officialis\u00e9 sa candidature \u00e0 l&rsquo;\u00e9lection pr\u00e9sidentielle de 2027.<\/strong><\/p>\n<p>Le d\u00e9put\u00e9 europ\u00e9en doit d\u00e9sormais consacrer une grande partie de son temps \u00e0 pr\u00e9parer sa campagne. R\u00e9unions, d\u00e9placements, rencontres avec les Fran\u00e7ais et prises de parole publiques devraient rythmer son quotidien dans les prochains mois. Mais avant de se plonger pleinement dans cette nouvelle bataille politique, Rapha\u00ebl Glucksmann n&rsquo;a pas oubli\u00e9 l&rsquo;essentiel :\u00a0<strong>accompagner son fils pour son premier jour d&rsquo;\u00e9cole<\/strong>.<\/p>\n<p>Ce mardi 1\u1d49\u02b3 septembre, il a ainsi pris le chemin de l&rsquo;\u00e9tablissement scolaire avec <a href=\"https:\/\/www.public.fr\/lea-salame-partage-une-photo-inedite-de-son-fils-gabriel-trop-style-en-mariniere-a-la-plage\" id=\"75417\" rel=\"nofollow noopener\" target=\"_blank\">Gabriel, le fils qu&rsquo;il a eu avec L\u00e9a Salam\u00e9. <\/a><\/p>\n<p>Une adorable photo d\u00e9voil\u00e9e pour la rentr\u00e9e des classes <\/p>\n<p>Sur Instagram, Rapha\u00ebl Glucksmann a d\u00e9voil\u00e9 une photographie particuli\u00e8rement attendrissante de son fils. Sur le clich\u00e9 publi\u00e9 en story, Gabriel appara\u00eet\u00a0<strong>de dos, marchant dans les rues de Paris<\/strong>, aux c\u00f4t\u00e9s de son p\u00e8re.<\/p>\n<p>Une image volontairement pudique, \u00e0 l&rsquo;image de la discr\u00e9tion que le couple entretient g\u00e9n\u00e9ralement autour de sa vie familiale. En l\u00e9gende, le candidat \u00e0 la pr\u00e9sidentielle de 2027 a racont\u00e9 une petite phrase que son fils lui r\u00e9p\u00e8te visiblement chaque ann\u00e9e au moment d&rsquo;arriver devant son \u00e9cole. \u00ab\u00a0Comme chaque ann\u00e9e : \u201cPapa, j\u2019arrive seul devant les potes !\u201d\u00a0\u00bb. <\/p>\n<p>Une fa\u00e7on pleine de tendresse de raconter ce moment o\u00f9 l&rsquo;enfant grandit et revendique, ann\u00e9e apr\u00e8s ann\u00e9e, un peu plus d&rsquo;ind\u00e9pendance. Rapha\u00ebl Glucksmann a simplement accompagn\u00e9 cette confidence d&rsquo;une autre phrase :\u00a0\u00ab\u00a0Le grand jour de la rentr\u00e9e !\u00a0\u00bb. \u00c0 noter que cette photographie publi\u00e9e en story reste ainsi particuli\u00e8rement sobre :\u00a0<strong>Gabriel est photographi\u00e9 de dos<\/strong>, dans une sc\u00e8ne de vie quotidienne, loin des \u00e9v\u00e9nements officiels ou des apparitions m\u00e9diatiques. <\/p>\n<p><img loading=\"lazy\" decoding=\"async\" width=\"461\" height=\"804\" src=\"https:\/\/www.europesays.com\/fr\/wp-content\/uploads\/2026\/09\/e94568211318e8e6dcec5c0c0eace9edc6e693a4a3616700f01c22c5adec528f.webp\" alt=\"L\u00e9a Salam\u00e9 : pour la rentr\u00e9e, son compagnon Rapha\u00ebl Glucksmann d\u00e9voile une photo de Gabriel, leur fils de 9 ans\" class=\"wp-image-2633711\"  \/><\/p>\n<p>      Mentionn\u00e9s dans cet article<\/p>\n<p>      Sur le m\u00eame sujet<\/p>\n","protected":false},"excerpt":{"rendered":"R\u00e9sum\u00e9 Rapha\u00ebl Glucksmann a partag\u00e9 une photo discr\u00e8te de son fils Gabriel lors de sa rentr\u00e9e scolaire, un&hellip;\n","protected":false},"author":2,"featured_media":1161357,"comment_status":"","ping_status":"","sticky":false,"template":"","format":"standard","meta":{"footnotes":"","_share_on_mastodon":"0"},"categories":[1359],"tags":[58,23612,847,59,1011,27,3806,973,15923],"class_list":["post-1161356","post","type-post","status-publish","format-standard","has-post-thumbnail","category-people","tag-divertissement","tag-ecole-primaire","tag-enfant","tag-entertainment","tag-fr","tag-france","tag-lea-salame","tag-people","tag-raphael-glucksmann"],"share_on_mastodon":{"url":"https:\/\/pubeurope.com\/@fr\/117196773989628621","error":""},"_links":{"self":[{"href":"https:\/\/www.europesays.com\/fr\/wp-json\/wp\/v2\/posts\/1161356","targetHints":{"allow":["GET"]}}],"collection":[{"href":"https:\/\/www.europesays.com\/fr\/wp-json\/wp\/v2\/posts"}],"about":[{"href":"https:\/\/www.europesays.com\/fr\/wp-json\/wp\/v2\/types\/post"}],"author":[{"embeddable":true,"href":"https:\/\/www.europesays.com\/fr\/wp-json\/wp\/v2\/users\/2"}],"replies":[{"embeddable":true,"href":"https:\/\/www.europesays.com\/fr\/wp-json\/wp\/v2\/comments?post=1161356"}],"version-history":[{"count":0,"href":"https:\/\/www.europesays.com\/fr\/wp-json\/wp\/v2\/posts\/1161356\/revisions"}],"wp:featuredmedia":[{"embeddable":true,"href":"https:\/\/www.europesays.com\/fr\/wp-json\/wp\/v2\/media\/1161357"}],"wp:attachment":[{"href":"https:\/\/www.europesays.com\/fr\/wp-json\/wp\/v2\/media?parent=1161356"}],"wp:term":[{"taxonomy":"category","embeddable":true,"href":"https:\/\/www.europesays.com\/fr\/wp-json\/wp\/v2\/categories?post=1161356"},{"taxonomy":"post_tag","embeddable":true,"href":"https:\/\/www.europesays.com\/fr\/wp-json\/wp\/v2\/tags?post=1161356"}],"curies":[{"name":"wp","href":"https:\/\/api.w.org\/{rel}","templated":true}]}}