{"id":1161358,"date":"2026-09-01T16:39:13","date_gmt":"2026-09-01T16:39:13","guid":{"rendered":"https:\/\/www.europesays.com\/fr\/1161358\/"},"modified":"2026-09-01T16:39:13","modified_gmt":"2026-09-01T16:39:13","slug":"musique-peinture-arts-plastiques-pilates-yoga-theatre-les-cours-reprennent","status":"publish","type":"post","link":"https:\/\/www.europesays.com\/fr\/1161358\/","title":{"rendered":"Musique, peinture, arts plastiques, pilates, yoga, th\u00e9\u00e2tre&#8230; : les cours reprennent"},"content":{"rendered":"<p>                    Par<br \/>\n        <strong><br \/>\n            <a href=\"https:\/\/actu.fr\/auteur\/nathalie-guerin\" title=\"Consulter tous les articles de Nathalie Gu\u00e9rin\" rel=\"nofollow noopener\" target=\"_blank\">Nathalie Gu\u00e9rin<\/a><br \/>\n                    <\/strong><\/p>\n<p>        Publi\u00e9 le<\/p>\n<p>            1 sept. 2026 \u00e0 17h46        <\/p>\n<p>Chapeaut\u00e9es par le<b> Comit\u00e9 Socio-Culturel <\/b>de<a href=\"https:\/\/actu.fr\/normandie\/domfront-en-poiraie_61145\" rel=\"nofollow noopener\" target=\"_blank\"> Domfront-en-Poiraie (Orne)<\/a>, les activit\u00e9s de l\u2019\u00e9cole musique, de peinture, d\u2019arts plastiques, pilates et cardio, yoga, th\u00e9\u00e2tre, num\u00e9rique, cin\u00e9ma, web-radio reprennent la semaine du 14 septembre 2026.<\/p>\n<p>Ecole de musique<\/p>\n<p class=\" wall-content\">L\u2019\u00e9cole de musique propose des cours de guitare-chant, batterie, violon traditionnel, accord\u00e9on diatonique et piano \u00e0 la maison des associations. Les cours sont assur\u00e9s par diff\u00e9rents professeurs : Bertrand Claudin enseigne la guitare et le chant le mercredi, entre 11 h et 14 h 30 ; Charles Hinault donne des cours de batterie le mardi, \u00e0 partir de 16 h 30 ; Etienne Lagrange intervient pour le violon traditionnel et l\u2019accord\u00e9on diatonique, \u00e9galement le mardi, \u00e0 partir de 16 h 30. Enfin, Snejana Briard dispense des cours de piano le mercredi.<\/p>\n<p>    <img   decoding=\"async\" loading=\"lazy\" class=\"size-large\" src=\"https:\/\/www.europesays.com\/fr\/wp-content\/uploads\/2026\/09\/94ffb0fb459a668ffb0fb459a1cffbv-960x640.jpg\" alt=\"Domfront cours de batterie\" width=\"960\" height=\"640\"\/><br \/>\n    Batterie avec Charles Hinault. \u00a9Photo fournieAutres activit\u00e9sPeinture et arts plastiques<\/p>\n<p class=\" wall-content\">Les cours de peinture pour adultes, anim\u00e9s par Daniel Bazille, sont organis\u00e9s tous les mercredis, de 10 h \u00e0 12 h, un jeudi sur deux, de 20 h \u00e0 22 h, et un vendredi sur deux, aux m\u00eames horaires. Pour les jeunes de 10 \u00e0 15 ans, des cours d\u2019arts plastiques ont lieu un vendredi sur deux, de 17 h 30 \u00e0 19 h.<\/p>\n<p>Pilates et cardio<\/p>\n<p class=\" wall-content\">En raison d\u2019un arr\u00eat maladie jusqu\u2019en d\u00e9cembre, Johanne Mousset est remplac\u00e9e par Victor Blancheti\u00e8re pour les cours de pilates et de cardio. Les s\u00e9ances de pilates sont programm\u00e9es le lundi, de 11 h 15 \u00e0 12 h 15 et de 17 h \u00e0 18 h, ainsi que le mardi, de 16 h 50 \u00e0 17 h 50. Les cours de cardio se tiennent le lundi, de 18 h 15 \u00e0 19 h 15. Toutes ces activit\u00e9s ont lieu au gymnase Maurice-Tenc\u00e9.<\/p>\n<p>Vid\u00e9os : en ce moment sur ActuYoga<\/p>\n<p class=\" wall-content\">Anissa Azzourh, professeur de yoga, propose des cours chaque mercredi, de 16 h 45 \u00e0 17 h 45, et chaque jeudi, de 20 h 15 \u00e0 21 h 15. Les s\u00e9ances se d\u00e9roulent au gymnase Maurice-Tenc\u00e9.<\/p>\n<p>Th\u00e9\u00e2tre<\/p>\n<p class=\" wall-content\">Les cours de th\u00e9\u00e2tre, anim\u00e9s par Richard Saulnier, se tiennent au th\u00e9\u00e2tre municipal. Ils ont lieu le lundi, de 18 h 30 \u00e0 20 h pour les jeunes de 12 \u00e0 17 ans, et de 20 h 10 \u00e0 22 h 30 pour les adultes. Chaque cr\u00e9neau est limit\u00e9 \u00e0 10 participants.<\/p>\n<p>Num\u00e9rique et fablab<\/p>\n<p class=\" wall-content\">Les horaires des cours d\u2019apprentissage \u00e0 l\u2019informatique et des activit\u00e9s du fablab, incluant des ateliers pendant les vacances scolaires, seront communiqu\u00e9s ult\u00e9rieurement. Ces cours se d\u00e9roulent \u00e0 la maison des associations.<\/p>\n<p>Cin\u00e9ma et web-radio<\/p>\n<p class=\" wall-content\">Le Comit\u00e9 Socio-culturel (CSC) est responsable de l\u2019organisation du cin\u00e9ma et de la web-radio. Les s\u00e9ances de cin\u00e9ma ont lieu tous les jours, sauf le lundi. Par ailleurs, le comit\u00e9 recherche activement des b\u00e9n\u00e9voles pour assurer le bon fonctionnement de ces activit\u00e9s.<\/p>\n<p>Service civique<\/p>\n<p class=\" wall-content\">Le CSC est \u00e9galement \u00e0 la recherche de trois volontaires en service civique pour des missions portant sur l\u2019animation du territoire, la web-radio et le sport.<\/p>\n<p>Renseignements et tarifs : Marie-Claude Prodhomme, responsable du Comit\u00e9 Socio-culturel, 5, rue de Godras, Domfront. Contact : 02.33.38.56.66.<\/p>\n<p class=\" wall-content\">Personnalisez votre actualit\u00e9 en ajoutant vos villes et m\u00e9dias en favori avec <a href=\"https:\/\/moncompte.actu.fr\" title=\"D\u00e9couvez Mon Actu\" rel=\"nofollow noopener\" data-trk=\"{&quot;cta&quot;:{&quot;action&quot;:&quot;https:\\\/\\\/moncompte.actu.fr&quot;,&quot;category&quot;:&quot;mon compte&quot;,&quot;from&quot;:&quot;article footer&quot;,&quot;name&quot;:&quot;Mon actu&quot;,&quot;type&quot;:&quot;cta&quot;}}\" target=\"_blank\">Mon Actu<\/a>.<\/p>\n","protected":false},"excerpt":{"rendered":"Par Nathalie Gu\u00e9rin Publi\u00e9 le 1 sept. 2026 \u00e0 17h46 Chapeaut\u00e9es par le Comit\u00e9 Socio-Culturel de Domfront-en-Poiraie (Orne),&hellip;\n","protected":false},"author":2,"featured_media":1161359,"comment_status":"","ping_status":"","sticky":false,"template":"","format":"standard","meta":{"footnotes":"","_share_on_mastodon":"0"},"categories":[1358],"tags":[1063,1348,1384,1385,1386,58,59,1011,27,873,104,517],"class_list":["post-1161358","post","type-post","status-publish","format-standard","has-post-thumbnail","category-arts-et-design","tag-animations","tag-arts","tag-arts-and-design","tag-arts-et-design","tag-design","tag-divertissement","tag-entertainment","tag-fr","tag-france","tag-musique","tag-societe","tag-sport"],"share_on_mastodon":{"url":"https:\/\/pubeurope.com\/@fr\/117196775975567601","error":""},"_links":{"self":[{"href":"https:\/\/www.europesays.com\/fr\/wp-json\/wp\/v2\/posts\/1161358","targetHints":{"allow":["GET"]}}],"collection":[{"href":"https:\/\/www.europesays.com\/fr\/wp-json\/wp\/v2\/posts"}],"about":[{"href":"https:\/\/www.europesays.com\/fr\/wp-json\/wp\/v2\/types\/post"}],"author":[{"embeddable":true,"href":"https:\/\/www.europesays.com\/fr\/wp-json\/wp\/v2\/users\/2"}],"replies":[{"embeddable":true,"href":"https:\/\/www.europesays.com\/fr\/wp-json\/wp\/v2\/comments?post=1161358"}],"version-history":[{"count":0,"href":"https:\/\/www.europesays.com\/fr\/wp-json\/wp\/v2\/posts\/1161358\/revisions"}],"wp:featuredmedia":[{"embeddable":true,"href":"https:\/\/www.europesays.com\/fr\/wp-json\/wp\/v2\/media\/1161359"}],"wp:attachment":[{"href":"https:\/\/www.europesays.com\/fr\/wp-json\/wp\/v2\/media?parent=1161358"}],"wp:term":[{"taxonomy":"category","embeddable":true,"href":"https:\/\/www.europesays.com\/fr\/wp-json\/wp\/v2\/categories?post=1161358"},{"taxonomy":"post_tag","embeddable":true,"href":"https:\/\/www.europesays.com\/fr\/wp-json\/wp\/v2\/tags?post=1161358"}],"curies":[{"name":"wp","href":"https:\/\/api.w.org\/{rel}","templated":true}]}}