{"id":1161380,"date":"2026-09-01T16:53:19","date_gmt":"2026-09-01T16:53:19","guid":{"rendered":"https:\/\/www.europesays.com\/fr\/1161380\/"},"modified":"2026-09-01T16:53:19","modified_gmt":"2026-09-01T16:53:19","slug":"mercato-sunderland-nabandonne-pas-lailier-de-lol-malick-fofana-et-tente-de-doubler-crystal-palace-lequipe","status":"publish","type":"post","link":"https:\/\/www.europesays.com\/fr\/1161380\/","title":{"rendered":"Mercato : Sunderland n&#039;abandonne pas l&#039;ailier de l&#039;OL Malick Fofana et tente de doubler Crystal Palace &#8211; L&#039;\u00c9quipe"},"content":{"rendered":"<ol>\n<li><a href=\"https:\/\/news.google.com\/rss\/articles\/CBMi5gFBVV95cUxPeXUwREQtX0dwajhBQzZ4N29OZ3VLU0VQYkp0QUNIMWtTemZnZktRN3VZcUR5YUtLUHpoQVhvY0NTMjVaMVE1WDhxU0Y3cUQ2NkZYbVJmVXp2djI0eWc5R3pfQS1qMFhfYU9ISG5WbmVBOXlZMTJWUjNwUGNzYUg2Y3dfeWFSZjFsTUVhaGM1MnBSaVg4OW9xdzVseU1GLW41bE9UM1R1NEZ5amticFBvbzFsLUlva0xvZG1VRXpHQWFTeXJUN0pkSUJORkRKRkFXT2NtNThRSXRMUXJtc2N1ZC1vRU0yQQ?oc=5\" target=\"_blank\" rel=\"nofollow noopener\">Mercato : Sunderland n&rsquo;abandonne pas l&rsquo;ailier de l&rsquo;OL Malick Fofana et tente de doubler Crystal Palace<\/a>&nbsp;&nbsp;L&rsquo;\u00c9quipe<\/li>\n<li><a href=\"https:\/\/news.google.com\/rss\/articles\/CBMiuAFBVV95cUxOMXRvaUZRNWtYaUgzTDUtaTlwdWJFbFU1akJ3LV8yMXhoRmk1Yl9OSkZBTVlsVHZFbEJKTTBZYUZqS2lDWU1kNEl5WXBBaGtkTzQ3Y1JBczJ3OUhpb1lhLXRzUFhBUVNpempsSnZxVjNkQXlyVUxweUxXamVSaXp4WXQ1c25WYWJpTDhZYngxbE1ETVpJYUJvNF9wZVpCZXQtNnBGMTJwNE1xeUVqNXY3UEdES19nQVVT?oc=5\" target=\"_blank\" rel=\"nofollow noopener\">L&rsquo;Olympique Lyonnais et Crystal Palace tombent d&rsquo;accord pour Malick Fofana<\/a>&nbsp;&nbsp;L&rsquo;\u00c9quipe<\/li>\n<li><a href=\"https:\/\/news.google.com\/rss\/articles\/CBMimAJBVV95cUxPUWhjcWxYeEVUcGxyRlB4cDNyYXU2ay1KdERDeVJILW1GWktFOXVjZXlUUlRfU095Yk8yeExBMXFkR0Q5aUtTcTVKd2F1V3ZkLUtzR3ZuX0dCSFphTU9TUWJIdWNqTl9hTDlYRlBwTFBRbmRPQWpobVIxN180NW9wNllUS0ZHMjZRU3FqS2VWbEQwMUpFMUg0RzR6M2RkVFhIUzczNUFDWHpYX096MWNBR3E0U1lDMmFrLU16bG5aRVJmMk11U2xjM0ViMzNGRGZsRVF0T3pqZjN4SV9rVjZUWEFrdDVuRU03Sjg3T3c1eVgzanBHMUZJRUJ2NmZzRE9SVUlPNDZQeENTd3Z6MTFGbmtIeVNzUEFC?oc=5\" target=\"_blank\" rel=\"nofollow noopener\">Un braquage de derni\u00e8re minute ? Crystal Palace veut doubler Sunderland pour Fofana<\/a>&nbsp;&nbsp;Eurosport<\/li>\n<li><a href=\"https:\/\/news.google.com\/rss\/articles\/CBMigwJBVV95cUxQanF4OGRBbko1R0l4MkxXVVR0Ni1nVHMyMmdXTHhGYlJmUE9tcnZxZU9oTTRrVVdPYjlmNWZwR3Z5UHhzQlRMVjQtV2VwMjlTWTktbWY1a0FNRUZfR0cyMlUzUUZveGFyWWIzeHl1eE80NWx3c2xWcWhFSm4tajBteXpFRmtTdWNSUkp5UlhIZVcwU2I5bzJIZ1lqb004V0dEenM1czdUUV9IRmpuT211X1VBOXNETU1BcS1vRGVzbHRJZE5EWnFtYWNEeHJzWmVhU2RoeURPbnEwVjZ2dG1vVTRObi16YlBlQ2t2THpYUGF6NDhCNDhqUV9DeXR3bkhWdWkw?oc=5\" target=\"_blank\" rel=\"nofollow noopener\">EN DIRECT Mercato : Sunderland ne l\u00e2che pas Fofana, la guerre est d\u00e9clar\u00e9e \u2026<\/a>&nbsp;&nbsp;20 Minutes<\/li>\n<li><a href=\"https:\/\/news.google.com\/rss\/articles\/CBMiogFBVV95cUxOT21rYTZIZ3plR3N2cDN2RnJlTE9qU0lKY2ltaDZCODBRaHBTd1VDSE5rY0Jmc0pmQ1NITkJ6U0dic01Fd1l4eDRXTFRSOEcwVzdqcy13ZTNFNDlXWHFkeW1NY1l6aUQ2YXZxcUNkQWZabFJ5YTIzR0JsaVVTaDJsUkJjSDRfeElqQS1NVGo3cmVzRDFTX2s1a3RidkhwbktHNUE?oc=5\" target=\"_blank\" rel=\"nofollow noopener\">L\u2019OL acc\u00e9l\u00e8re pour Keito Nakamura, qui a d\u00e9j\u00e0 dit oui aux Gones<\/a>&nbsp;&nbsp;footmercato.net<\/li>\n<\/ol>\n","protected":false},"excerpt":{"rendered":"Mercato : Sunderland n&rsquo;abandonne pas l&rsquo;ailier de l&rsquo;OL Malick Fofana et tente de doubler Crystal Palace&nbsp;&nbsp;L&rsquo;\u00c9quipe L&rsquo;Olympique Lyonnais&hellip;\n","protected":false},"author":2,"featured_media":1161381,"comment_status":"","ping_status":"","sticky":false,"template":"","format":"standard","meta":{"footnotes":"","_share_on_mastodon":"0"},"categories":[2],"tags":[11,86760,25114,63,1011,27,87483,2428,12,55129,33137],"class_list":["post-1161380","post","type-post","status-publish","format-standard","has-post-thumbnail","category-actualites","tag-actualites","tag-actus-et-infos","tag-crystal-palace","tag-football","tag-fr","tag-france","tag-hugo-guillemet","tag-lyon","tag-news","tag-sunderland","tag-transferts-football"],"share_on_mastodon":{"url":"https:\/\/pubeurope.com\/@fr\/117196830042237991","error":""},"_links":{"self":[{"href":"https:\/\/www.europesays.com\/fr\/wp-json\/wp\/v2\/posts\/1161380","targetHints":{"allow":["GET"]}}],"collection":[{"href":"https:\/\/www.europesays.com\/fr\/wp-json\/wp\/v2\/posts"}],"about":[{"href":"https:\/\/www.europesays.com\/fr\/wp-json\/wp\/v2\/types\/post"}],"author":[{"embeddable":true,"href":"https:\/\/www.europesays.com\/fr\/wp-json\/wp\/v2\/users\/2"}],"replies":[{"embeddable":true,"href":"https:\/\/www.europesays.com\/fr\/wp-json\/wp\/v2\/comments?post=1161380"}],"version-history":[{"count":0,"href":"https:\/\/www.europesays.com\/fr\/wp-json\/wp\/v2\/posts\/1161380\/revisions"}],"wp:featuredmedia":[{"embeddable":true,"href":"https:\/\/www.europesays.com\/fr\/wp-json\/wp\/v2\/media\/1161381"}],"wp:attachment":[{"href":"https:\/\/www.europesays.com\/fr\/wp-json\/wp\/v2\/media?parent=1161380"}],"wp:term":[{"taxonomy":"category","embeddable":true,"href":"https:\/\/www.europesays.com\/fr\/wp-json\/wp\/v2\/categories?post=1161380"},{"taxonomy":"post_tag","embeddable":true,"href":"https:\/\/www.europesays.com\/fr\/wp-json\/wp\/v2\/tags?post=1161380"}],"curies":[{"name":"wp","href":"https:\/\/api.w.org\/{rel}","templated":true}]}}