{"id":1161400,"date":"2026-09-01T17:07:24","date_gmt":"2026-09-01T17:07:24","guid":{"rendered":"https:\/\/www.europesays.com\/fr\/1161400\/"},"modified":"2026-09-01T17:07:24","modified_gmt":"2026-09-01T17:07:24","slug":"pres-de-rouen-un-cirque-sinstalle-illegalement-sur-le-parking-de-ce-centre-commercial","status":"publish","type":"post","link":"https:\/\/www.europesays.com\/fr\/1161400\/","title":{"rendered":"Pr\u00e8s de Rouen : un cirque s\u2019installe ill\u00e9galement sur le parking de ce centre commercial"},"content":{"rendered":"<p>                    Par<br \/>\n        <strong><br \/>\n            <a href=\"https:\/\/actu.fr\/auteur\/aurelien-delavaud\" title=\"Consulter tous les articles de Aur\u00e9lien Delavaud\" rel=\"nofollow noopener\" target=\"_blank\">Aur\u00e9lien Delavaud<\/a><br \/>\n                    <\/strong><\/p>\n<p>        Publi\u00e9 le<\/p>\n<p>            1 sept. 2026 \u00e0 18h11<br \/>\n        ; mis \u00e0 jour le 1 sept. 2026 \u00e0 18h24    <\/p>\n<p>Croiser des <b>dromadaires<\/b>, sur le bord de la route, en allant faire son shopping, ce n\u2019est pas banal\u2009! C\u2019est pourtant l\u2019exp\u00e9rience que d\u00e9crivent des lecteurs du Journal d\u2019Elbeuf, le mardi 1er\u00a0septembre 2026, \u00e0 l\u2019entr\u00e9e principale du centre commercial de <a href=\"https:\/\/actu.fr\/normandie\/tourville-la-riviere_76705\" rel=\"nofollow noopener\" target=\"_blank\">Tourville-la-Rivi\u00e8re (Seine-Maritime)<\/a>. Mais les <b>animaux<\/b> ne sont pas en divagation\u2009: ils appartiennent \u00e0 un <b>cirque<\/b>, qui s\u2019est <b>install\u00e9 ill\u00e9galement<\/b>.<\/p>\n<p>Tourville, \u00ab\u2009the place to be\u2009\u00bb\u2009?<\/p>\n<p class=\" wall-content\">\u00ab\u2009Ils se sont install\u00e9s <a href=\"https:\/\/actu.fr\/normandie\/tourville-la-riviere_76705\/nouveau-cultura-pres-de-rouen-un-nouveau-service-en-attendant-louverture-dans-ce-grand-centre-commercial_64656809.html\" rel=\"nofollow noopener\" target=\"_blank\">sur le parking de Cultura<\/a>, informe Agn\u00e8s Cercel, la maire de la commune. C\u2019est un <b>terrain priv\u00e9<\/b>, donc nous, on ne peut pas faire grand-chose\u2026 Mais ils prennent de la place, ils g\u00eanent le drive de Cultura et ils obstruent l\u2019issue de secours du magasin Besson.\u2009\u00bb<\/p>\n<p>    <a href=\"https:\/\/maps.google.com\/maps?q=49.32835244481872,1.1007867975921704&amp;z=15&amp;output=embed\" title=\"Ouvrie le lien\" rel=\"nofollow noopener\" target=\"_blank\">Cliquez ici pour visualiser le contenu<\/a><\/p>\n<p class=\" wall-content\">\u00ab\u2009Le cirque s\u2019est install\u00e9 dans la nuit d\u2019hier \u00e0 aujourd\u2019hui. On nous a parl\u00e9 de 15 \u00e0 20 caravanes. Nous pouvons confirmer que le cirque s\u2019est install\u00e9 <b>sans autorisation<\/b>\u2009\u00bb, r\u00e9pond la communication de l\u2019enseigne.<\/p>\n<blockquote class=\"ac-article-quote wall-content\">\n<p>Nous sommes locataires du parking et du b\u00e2timent. Le bailleur a lanc\u00e9 une action aupr\u00e8s de la pr\u00e9fecture et la mairie a \u00e9t\u00e9 pr\u00e9venue.<\/p>\n<p>Cultura<\/p><\/blockquote>\n<p class=\" wall-content\">D\u00e9j\u00e0 impact\u00e9 par <a href=\"https:\/\/actu.fr\/normandie\/tourville-la-riviere_76705\/reinstallation-des-gens-du-voyage-pres-de-rouen-a-peine-libere-ce-club-de-foot-a-nouveau-prive-de-terrain_64675156.html\" rel=\"nofollow noopener\" target=\"_blank\">plusieurs installations de gens du voyage cet \u00e9t\u00e9<\/a>, le village avait vu les derni\u00e8res caravanes partir le vendredi 28\u00a0ao\u00fbt 2026. \u00ab\u2009Et maintenant, voil\u00e0 un cirque\u2026 Tourville, c\u2019est \u00a0\u00bbthe place to be\u00a0\u00bb\u00bb, tente de s\u2019amuser Agn\u00e8s Cercel.<\/p>\n<p>Pas d\u2019autorisation d\u2019ouvrir<\/p>\n<p class=\" wall-content\">Pour le moment, des camions sont stationn\u00e9s sur le parking et les animaux ont \u00e9t\u00e9 install\u00e9s sur des bandes de pelouse, entre la grande RD7 tr\u00e8s passante et le magasin.<\/p>\n<blockquote class=\"ac-article-quote wall-content\">\n<p>Ils n\u2019ont pas encore mont\u00e9 de chapiteau. Mais s\u2019ils le font, on prendra un arr\u00eat\u00e9 d\u2019interdiction d\u2019ouverture. Mais ils demandent rarement les autorisations\u2026<\/p>\n<p>Agn\u00e8s Cercel, maire de Tourville-la-Rivi\u00e8re<\/p><\/blockquote>\n<p class=\" wall-content\">Agac\u00e9e, Agn\u00e8s Cercel rappelle qu\u2019une exp\u00e9rience similaire s\u2019\u00e9tait produite il y a quelques mois, sur le m\u00eame parking, mais avec un autre cirque. \u00ab\u2009Ils \u00e9taient rest\u00e9s dix jours\u2009! Il y avait eu tout un bazar avec des chevaux qui s\u2019\u00e9taient enfuis.\u2009\u00bb<\/p>\n<p>    <img   decoding=\"async\" loading=\"lazy\" class=\"size-large\" src=\"https:\/\/www.europesays.com\/fr\/wp-content\/uploads\/2026\/09\/6de03efbf69a6a1f03efbf69ab5f03v-960x640.jpeg\" alt=\"Des animaux occupent la pelouse, au bord du parking.\" width=\"960\" height=\"640\"\/><br \/>\n    Des animaux occupent la pelouse, au bord du parking. \u00a9Le Journal d\u2019Elbeuf<\/p>\n<p class=\" wall-content\">Pour en savoir plus sur les intentions des dirigeants du cirque, la maire a pr\u00e9vu de se rendre sur place dans la soir\u00e9e. L\u2019enseigne, elle, n\u2019a \u00ab\u2009pas d\u2019id\u00e9e de dur\u00e9e de l\u2019installation\u2009\u00bb non plus.<\/p>\n<p class=\" wall-content\">Alors que les travaux sont arriv\u00e9s en phase terminale, le calendrier d\u2019ouverture ne devrait pas \u00eatre chamboul\u00e9, mais le magasin pourrait devoir d\u00e9caler des petits am\u00e9nagements sur le parking. \u00ab\u2009Il y aura de <b>possibles d\u00e9gradations <\/b>sur l\u2019enrob\u00e9 et dans l\u2019herbe, ce que l\u2019on verra au d\u00e9part du cirque\u2009\u00bb, conclut la communication du magasin.<\/p>\n<p class=\" wall-content\">Personnalisez votre actualit\u00e9 en ajoutant vos villes et m\u00e9dias en favori avec <a href=\"https:\/\/moncompte.actu.fr\" title=\"D\u00e9couvez Mon Actu\" rel=\"nofollow noopener\" data-trk=\"{&quot;cta&quot;:{&quot;action&quot;:&quot;https:\\\/\\\/moncompte.actu.fr&quot;,&quot;category&quot;:&quot;mon compte&quot;,&quot;from&quot;:&quot;article footer&quot;,&quot;name&quot;:&quot;Mon actu&quot;,&quot;type&quot;:&quot;cta&quot;}}\" target=\"_blank\">Mon Actu<\/a>.<\/p>\n","protected":false},"excerpt":{"rendered":"Par Aur\u00e9lien Delavaud Publi\u00e9 le 1 sept. 2026 \u00e0 18h11 ; mis \u00e0 jour le 1 sept. 2026&hellip;\n","protected":false},"author":2,"featured_media":1161401,"comment_status":"","ping_status":"","sticky":false,"template":"","format":"standard","meta":{"footnotes":"","_share_on_mastodon":"0"},"categories":[9587],"tags":[1111,11,1867,5398,1777,674,1011,27,12,5161,25,9590,104],"class_list":["post-1161400","post","type-post","status-publish","format-standard","has-post-thumbnail","category-rouen","tag-actu","tag-actualites","tag-animaux","tag-cirque","tag-eu","tag-europe","tag-fr","tag-france","tag-news","tag-normandie","tag-republique-francaise","tag-rouen","tag-societe"],"share_on_mastodon":{"url":"https:\/\/pubeurope.com\/@fr\/117196886580985978","error":""},"_links":{"self":[{"href":"https:\/\/www.europesays.com\/fr\/wp-json\/wp\/v2\/posts\/1161400","targetHints":{"allow":["GET"]}}],"collection":[{"href":"https:\/\/www.europesays.com\/fr\/wp-json\/wp\/v2\/posts"}],"about":[{"href":"https:\/\/www.europesays.com\/fr\/wp-json\/wp\/v2\/types\/post"}],"author":[{"embeddable":true,"href":"https:\/\/www.europesays.com\/fr\/wp-json\/wp\/v2\/users\/2"}],"replies":[{"embeddable":true,"href":"https:\/\/www.europesays.com\/fr\/wp-json\/wp\/v2\/comments?post=1161400"}],"version-history":[{"count":0,"href":"https:\/\/www.europesays.com\/fr\/wp-json\/wp\/v2\/posts\/1161400\/revisions"}],"wp:featuredmedia":[{"embeddable":true,"href":"https:\/\/www.europesays.com\/fr\/wp-json\/wp\/v2\/media\/1161401"}],"wp:attachment":[{"href":"https:\/\/www.europesays.com\/fr\/wp-json\/wp\/v2\/media?parent=1161400"}],"wp:term":[{"taxonomy":"category","embeddable":true,"href":"https:\/\/www.europesays.com\/fr\/wp-json\/wp\/v2\/categories?post=1161400"},{"taxonomy":"post_tag","embeddable":true,"href":"https:\/\/www.europesays.com\/fr\/wp-json\/wp\/v2\/tags?post=1161400"}],"curies":[{"name":"wp","href":"https:\/\/api.w.org\/{rel}","templated":true}]}}