{"id":1161428,"date":"2026-09-01T17:27:14","date_gmt":"2026-09-01T17:27:14","guid":{"rendered":"https:\/\/www.europesays.com\/fr\/1161428\/"},"modified":"2026-09-01T17:27:14","modified_gmt":"2026-09-01T17:27:14","slug":"ce-village-se-dote-de-velos-cargos-a-assistance-electrique-afin-de-promouvoir-les-mobilites-douces-a-lest-de-toulouse","status":"publish","type":"post","link":"https:\/\/www.europesays.com\/fr\/1161428\/","title":{"rendered":"Ce village se dote de v\u00e9los-cargos \u00e0 assistance \u00e9lectrique afin de promouvoir les mobilit\u00e9s douces \u00e0 l\u2019est de Toulouse"},"content":{"rendered":"<p>                    Par<br \/>\n        <strong><br \/>\n            <a href=\"https:\/\/actu.fr\/auteur\/angelique-passebosc\" title=\"Consulter tous les articles de Ang\u00e9lique Passebosc\" rel=\"nofollow noopener\" target=\"_blank\">Ang\u00e9lique Passebosc<\/a><br \/>\n                    <\/strong><\/p>\n<p>        Publi\u00e9 le<\/p>\n<p>            1 sept. 2026 \u00e0 19h10        <\/p>\n<p>Et si<b> troquer le volant de son v\u00e9hicule contre le guidon de son v\u00e9lo<\/b> devenait un r\u00e9flexe, une habitude\u2009? Pas seulement pour des sorties ponctuelles, mais pour<b> les d\u00e9placements du quotidien<\/b>. C\u2019est ce que la mairie de <a href=\"https:\/\/actu.fr\/occitanie\/saint-felix-lauragais_31478\" rel=\"nofollow noopener\" target=\"_blank\">Saint-F\u00e9lix-Lauragais<\/a> \u2013 ce village de Haute-Garonne situ\u00e9 au sud est de Toulouse et voisin de la cit\u00e9 du meuble d\u2019art \u2013 esp\u00e8re bien parvenir \u00e0 ancrer dans les esprits de ses administr\u00e9s. Ou, dans un premier temps du moins, de ses <b>15 agents communaux<\/b>.<\/p>\n<p class=\" wall-content\">Comment\u2009? En leur offrant la possibilit\u00e9 d\u2019emprunter gratuitement<b> <\/b>l\u2019un des<b> deux v\u00e9los-cargos \u00e0 assistance \u00e9lectrique<\/b> \u2013 des deux-roues \u00e9quip\u00e9s de paniers renforc\u00e9s \u00e0 l\u2019avant et \u00e0 l\u2019arri\u00e8re et permettant donc de transporter de \u00ab\u2009petites marchandises\u2009\u00bb \u2013 dont elle vient de se doter. \u00ab\u2009On se doute bien que pour se d\u00e9placer avec les outils, ce n\u2019est pas forc\u00e9ment \u00e9vident\u2009\u00bb, conc\u00e8de <b>Christian Fabre <\/b>en faisant r\u00e9f\u00e9rence \u00e0 ceux employ\u00e9s au sein des services techniques. Le premier adjoint mise pour cela davantage sur celles et ceux qui travaillent dans les bureaux, en mairie ou \u00e0 l\u2019\u00e9cole, pour montrer qu\u2019il est possible, m\u00eame dans des communes dot\u00e9es de pentes raides comme Saint-F\u00e9lix-Lauragais, de se d\u00e9placer \u00e0 deux-roues. <b>\u00ab\u2009L\u2019assistance \u00e9lectrique gomme les difficult\u00e9s\u2009\u00bb<\/b>, promet l\u2019\u00e9lu.<\/p>\n<p>Sensibiliser les habitants<\/p>\n<p class=\" wall-content\">Si la municipalit\u00e9 a d\u2019abord souhait\u00e9 ouvrir le dispositif \u00e0 ses agents, c\u2019est parce qu\u2019elle entend bien en faire <b>des exemples en mati\u00e8re d\u2019\u00e9comobilit\u00e9<\/b>. \u00ab\u2009L\u2019id\u00e9e est de pouvoir <b>sensibiliser les habitants <\/b>de la commune\u2009\u00bb, insiste Christian Fabre. Et ainsi les inciter \u00e0 leur tour \u00e0 progressivement adopter ce <b>moyen de locomotion dit \u00ab\u2009propre\u2009\u00bb<\/b> pour leurs trajets du quotidien.<\/p>\n<p class=\" wall-content\">Une bonne solution, d\u2019ailleurs, pour permettre \u00e0 ceux qui n\u2019auraient pas le permis de<b> naviguer plus facilement partout dans la commune voire aux alentours<\/b>. \u00ab\u2009Une personne nous a d\u00e9j\u00e0 signal\u00e9 qu\u2019elle pourrait \u00eatre int\u00e9ress\u00e9e, rapporte-t-il. Ses enfants souhaitent lui faire cadeau d\u2019un v\u00e9lo \u00e9lectrique, ce serait donc pour elle l\u2019occasion d\u2019en tester un avant l\u2019achat, de voir si elle peut notamment aller jusqu\u2019\u00e0 Revel.\u2009\u00bb<\/p>\n<blockquote class=\"ac-article-quote wall-content\">\n<p>On veut essayer de faire comprendre \u00e0 nos administr\u00e9s que l\u2019on peut se d\u00e9placer sur le territoire sans difficult\u00e9 \u2013 et ce, malgr\u00e9 certaines c\u00f4tes \u2013 \u00e0 l\u2019aide de ces v\u00e9los \u00e0 assistance \u00e9lectrique.<\/p>\n<p>Christian Fabre, premier adjoint au maire de Saint-F\u00e9lix-Lauragais<\/p><\/blockquote>\n<p>Vid\u00e9os : en ce moment sur Actu<\/p>\n<p class=\" wall-content\">Et le fait qu\u2019il s\u2019agisse de v\u00e9lo-cargo ajoute forc\u00e9ment \u00e0 la praticit\u00e9 de ce v\u00e9hicule qui serait en mesure de transporter \u2013 selon la fiche technique associ\u00e9e \u2013 <b>jusqu\u2019\u00e0 50\u00a0kg sur le panier arri\u00e8re et 7\u00a0kg sur celui avant<\/b>.<\/p>\n<p>Un pr\u00eat enti\u00e8rement gratuit<\/p>\n<p class=\" wall-content\">Mais alors, comment peut-on les louer ces v\u00e9los\u2009? \u00ab\u2009Concernant les modalit\u00e9s, nous ajusterons au fur et \u00e0 mesure, mais pour l\u2019instant il a \u00e9t\u00e9 d\u00e9cid\u00e9 que nous les pr\u00eaterons <b>\u00e0 compter du lundi matin pour une dur\u00e9e d\u2019une semaine<\/b>, pr\u00e9cise Christian Fabre. Une caution sera demand\u00e9e, mais cela reste \u00e9videmment gratuit.\u2009\u00bb<\/p>\n<p class=\" wall-content\">Une op\u00e9ration qui ne co\u00fbte rien \u00e0 la collectivit\u00e9, celle-ci ayant pu en b\u00e9n\u00e9ficier gr\u00e2ce au Certificat d\u2019\u00e9conomie d\u2019\u00e9nergie (CEE).<\/p>\n<p>D\u2019autres projets en lien avec la transition \u00e9cologique<\/p>\n<p>Ce dispositif de CEE a d\u00e9j\u00e0 largement permis \u00e0 la mairie de Saint-F\u00e9lix-Lauragais de s\u2019inscrire dans une d\u00e9marche de transition \u00e9nerg\u00e9tique. \u00ab\u2009C\u2019est quelque chose qui nous tient \u00e0 c\u0153ur\u2009\u00bb, confie Christian Fabre. Avant de citer les actions mises en place en ce sens &#8211; une douzaine au total &#8211; depuis le premier mandat du maire Alain Bourrel, comme l\u2019isolation des combles des b\u00e2timents communaux\u2009; le remplacement des pommeaux de douche des vestiaires du foot et l\u2019installation de mousseurs aux robinets des b\u00e2timents communaux\u2009; le remplacement de la chaudi\u00e8re fioul de la mairie &#8211; qui alimente \u00e9galement la salle des f\u00eates, les salles de r\u00e9union et l\u2019ancien office de tourisme &#8211; par une chaudi\u00e8re \u00e0 pellets\u2009; l\u2019installation de panneaux photovolta\u00efques sur la toiture de la salle des f\u00eates de la Jalabertie.&#13;<br \/>\u00c0 cela s\u2019ajoutent \u00e9galement des op\u00e9rations conduites avec le Service d\u00e9partemental d\u2019\u00e9nergie de la Haute-Garonne (Sdegh) comme le remplacement des luminaires d\u2019\u00e9clairage public de la commune par des LED. Mais aussi de nombreux luminaires ext\u00e9rieurs des b\u00e2timents communaux. \u00ab\u2009En \u00e9clairage traditionnel, il ne nous reste plus que les quatre projecteurs du stade, qui sont loin d\u2019\u00eatre utilis\u00e9s tous les jours, et les monuments que l\u2019on \u00e9teint de 00\u2009h \u00e0 6\u2009h\u2009\u00bb, pr\u00e9cise l\u2019adjoint au maire.&#13;<br \/>Le conseil municipal ne compte toutefois pas s\u2019arr\u00eater en si bon chemin, d\u2019autres projets \u00e9tant en cours comme la r\u00e9novation \u00e9nerg\u00e9tique du groupe scolaire de la commune. \u00ab\u2009Il a 20\u00a0ans, calcule-t-il. Il s\u2019agit d\u2019une ancienne ferme, encore chauff\u00e9e au fioul, en simple vitrage\u2026 Bref, c\u2019est un b\u00e2timent tr\u00e8s \u00e9nergivore qu\u2019il faut aujourd\u2019hui r\u00e9nover en pensant au confort hiver, certes, mais aussi au confort \u00e9t\u00e9.\u2009\u00bb&#13;<br \/>Puis d\u2019ajouter\u2009: \u00ab\u2009Nous r\u00e9fl\u00e9chissons aussi s\u00e9rieusement \u00e0 un projet d\u2019autoconsommation collective sur les b\u00e2timents communaux. La revente totale de l\u2019\u00e9lectricit\u00e9 produite ne rapporte aujourd\u2019hui pas grand-chose, une \u00e9tude a donc \u00e9t\u00e9 lanc\u00e9e sur le hameau de Cadenac o\u00f9 l\u2019on pourrait mettre des panneaux photovolta\u00efques sur les toitures des deux b\u00e2timents que nous poss\u00e9dons, de l\u2019\u00e9glise et o\u00f9 l\u2019on pourrait construire une ombri\u00e8re sur une partie du terrain de p\u00e9tanque. On n\u2019oublie pas non plus la toiture du groupe scolaire avec la possibilit\u00e9 de construire un pr\u00e9au.\u2009\u00bb<\/p>\n<p><b>Infos pratiques<\/b><br \/>Plus de renseignements sur cette exp\u00e9rimentation aupr\u00e8s de Christian Fabre, joignable au 06\u200951\u200925\u200988\u200984.<\/p>\n<p class=\" wall-content\">Personnalisez votre actualit\u00e9 en ajoutant vos villes et m\u00e9dias en favori avec <a href=\"https:\/\/moncompte.actu.fr\" title=\"D\u00e9couvez Mon Actu\" rel=\"nofollow noopener\" data-trk=\"{&quot;cta&quot;:{&quot;action&quot;:&quot;https:\\\/\\\/moncompte.actu.fr&quot;,&quot;category&quot;:&quot;mon compte&quot;,&quot;from&quot;:&quot;article footer&quot;,&quot;name&quot;:&quot;Mon actu&quot;,&quot;type&quot;:&quot;cta&quot;}}\" target=\"_blank\">Mon Actu<\/a>.<\/p>\n","protected":false},"excerpt":{"rendered":"Par Ang\u00e9lique Passebosc Publi\u00e9 le 1 sept. 2026 \u00e0 19h10 Et si troquer le volant de son v\u00e9hicule&hellip;\n","protected":false},"author":2,"featured_media":1161429,"comment_status":"","ping_status":"","sticky":false,"template":"","format":"standard","meta":{"footnotes":"","_share_on_mastodon":"0"},"categories":[2816],"tags":[1111,11,15141,1777,674,1011,27,12,2680,52,25,2312,208],"class_list":["post-1161428","post","type-post","status-publish","format-standard","has-post-thumbnail","category-toulouse","tag-actu","tag-actualites","tag-ecomobilite","tag-eu","tag-europe","tag-fr","tag-france","tag-news","tag-occitanie","tag-planete","tag-republique-francaise","tag-toulouse","tag-velo"],"share_on_mastodon":{"url":"https:\/\/pubeurope.com\/@fr\/117196963717461409","error":""},"_links":{"self":[{"href":"https:\/\/www.europesays.com\/fr\/wp-json\/wp\/v2\/posts\/1161428","targetHints":{"allow":["GET"]}}],"collection":[{"href":"https:\/\/www.europesays.com\/fr\/wp-json\/wp\/v2\/posts"}],"about":[{"href":"https:\/\/www.europesays.com\/fr\/wp-json\/wp\/v2\/types\/post"}],"author":[{"embeddable":true,"href":"https:\/\/www.europesays.com\/fr\/wp-json\/wp\/v2\/users\/2"}],"replies":[{"embeddable":true,"href":"https:\/\/www.europesays.com\/fr\/wp-json\/wp\/v2\/comments?post=1161428"}],"version-history":[{"count":0,"href":"https:\/\/www.europesays.com\/fr\/wp-json\/wp\/v2\/posts\/1161428\/revisions"}],"wp:featuredmedia":[{"embeddable":true,"href":"https:\/\/www.europesays.com\/fr\/wp-json\/wp\/v2\/media\/1161429"}],"wp:attachment":[{"href":"https:\/\/www.europesays.com\/fr\/wp-json\/wp\/v2\/media?parent=1161428"}],"wp:term":[{"taxonomy":"category","embeddable":true,"href":"https:\/\/www.europesays.com\/fr\/wp-json\/wp\/v2\/categories?post=1161428"},{"taxonomy":"post_tag","embeddable":true,"href":"https:\/\/www.europesays.com\/fr\/wp-json\/wp\/v2\/tags?post=1161428"}],"curies":[{"name":"wp","href":"https:\/\/api.w.org\/{rel}","templated":true}]}}