{"id":1161452,"date":"2026-09-01T17:45:17","date_gmt":"2026-09-01T17:45:17","guid":{"rendered":"https:\/\/www.europesays.com\/fr\/1161452\/"},"modified":"2026-09-01T17:45:17","modified_gmt":"2026-09-01T17:45:17","slug":"guerre-en-ukraine-lallemagne-et-lotan-se-fachent-tout-rouge-contre-la-russie-terreur-sur-kiev","status":"publish","type":"post","link":"https:\/\/www.europesays.com\/fr\/1161452\/","title":{"rendered":"Guerre en Ukraine\u00a0: L\u2019Allemagne et l\u2019Otan se f\u00e2chent tout rouge contre la Russie, terreur sur Kiev"},"content":{"rendered":"<p>Vous avez rat\u00e9 les derniers \u00e9v\u00e9nements sur la <a href=\"https:\/\/www.20minutes.fr\/monde\/ukraine\/\" class=\"c-link c-link--is-underlined\" rel=\"nofollow noopener\" target=\"_blank\">guerre en Ukraine<\/a>\u00a0? 20 Minutes fait le point pour vous tous les soirs. Voici l\u2019essentiel de ce mardi 1er\u00a0septembre, au 1.651e jour du conflit.<\/p>\n<p>Le fait du jour<\/p>\n<p>L\u2019ombre de Moscou planait d\u00e9j\u00e0 sur l\u2019incident, l\u2019heure est maintenant aux mises en cause plus officielles. L\u2019<a href=\"https:\/\/www.20minutes.fr\/dossier\/allemagne\" class=\"c-link c-link--is-underlined\" rel=\"nofollow noopener\" target=\"_blank\">Allemagne<\/a> accuse d\u00e9sormais formellement la Russie de <a href=\"https:\/\/www.20minutes.fr\/monde\/vladimir_poutine\/\" class=\"c-link c-link--is-underlined\" rel=\"nofollow noopener\" target=\"_blank\">Vladimir Poutin<\/a>e d\u2019avoir envoy\u00e9, d\u00e9but ao\u00fbt, un drone charg\u00e9 d\u2019explosifs \u00e0 l\u2019a\u00e9roport de Leipzig, une plateforme militaire cl\u00e9 pour l\u2019arm\u00e9e allemande et pour l\u2019<a href=\"https:\/\/www.20minutes.fr\/monde\/otan\/\" class=\"c-link c-link--is-underlined\" rel=\"nofollow noopener\" target=\"_blank\">Otan<\/a>. \u00ab\u00a0Dans l\u2019ensemble, les enqu\u00eates polici\u00e8res, les modes op\u00e9ratoires et les informations des services de renseignement d\u00e9montrent une responsabilit\u00e9 russe dans la tentative d\u2019attentat \u00e0 l\u2019a\u00e9roport de Leipzig\u00a0\u00bb, a d\u00e9clar\u00e9 Alexander Dobrindt, le ministre allemand de l\u2019Int\u00e9rieur. Berlin a dans la foul\u00e9e annonc\u00e9 la fermeture, d\u00e8s le 18\u00a0septembre, du dernier consulat russe sur son territoire, \u00e0 Bonn (ouest), et du centre culturel russe de Berlin.<\/p>\n<\/p>\n<p>Preuve d\u2019une tension qui monte entre le Kremlin et les Occidentaux, le patron de l\u2019Otan a imm\u00e9diatement r\u00e9agi\u00a0: \u00ab\u00a0L\u2019Otan se tient pleinement aux c\u00f4t\u00e9s de l\u2019Allemagne apr\u00e8s l\u2019attaque hybride russe \u00e0 Leipzig\u00a0\u00bb, a assur\u00e9 Mark Rutte sur le r\u00e9seau social X, apr\u00e8s s\u2019\u00eatre entretenu avec le chancelier allemand Friedrich Merz, ajoutant que l\u2019organisation prot\u00e9gerait ses membres \u00ab\u00a0contre toute menace, y compris les actions n\u00e9fastes telles que celles qui ont eu lieu \u00e0 Leipzig et ailleurs au sein de l\u2019Alliance\u00a0\u00bb.<\/p>\n<p>Le chiffre du jour<\/p>\n<p>90\u00a0km2. L\u2019\u00e9tendue de terrain repris par les Russes \u00e0 l\u2019Ukraine au mois d\u2019ao\u00fbt selon l\u2019analyse de l\u2019AFP sur la base des donn\u00e9es de l\u2019Institut pour l\u2019\u00e9tude de la guerre (ISW). Un gain territorial en augmentation par rapport \u00e0 ceux de juillet (38\u00a0km2) et de juin (30\u00a0km2).<\/p>\n<p>Pour autant, en ao\u00fbt de l\u2019ann\u00e9e derni\u00e8re, ses avanc\u00e9es \u00e9taient plus de cinq fois sup\u00e9rieures tandis que sur l\u2019ensemble de l\u2019ann\u00e9e\u00a02025, la Russie avan\u00e7ait en moyenne de 405\u00a0km2 par mois.<\/p>\n<p>La phrase du jour<\/p>\n<blockquote class=\"mx-m@xs mx-xxl@md color-ultramarine c-citation\">\n<p class=\"font-weight-regular@xs text-italic font-source-serif-pro text-l@xs c-citation__content\">\u00ab\u00a0Ce n\u2019est pas le moment de normaliser la Russie ou la pr\u00e9sence de la Russie \u00e0 ce genre de r\u00e9unions.\u00a0\u00bb<\/p>\n<\/blockquote>\n<p>\u00ab\u00a0J\u2019ai personnellement toujours eu du mal \u00e0 discuter de sujets sensibles avec les repr\u00e9sentants de r\u00e9gimes qui m\u00e8nent une guerre et tuent quotidiennement des civils\u00a0\u00bb. Le commissaire europ\u00e9en \u00e0 l\u2019Economie, Valdis Dombrovskis, n\u2019a pas m\u00e2ch\u00e9 ses mots apr\u00e8s que les Europ\u00e9ens ont d\u00e9couvert lundi que le ministre russe des Finances \u00e9tait invit\u00e9 par les Etats-Unis \u00e0 une r\u00e9union du G20 en Caroline du Nord. La surprise du chef <a href=\"https:\/\/www.20minutes.fr\/dossier\/donald_trump\" class=\"c-link c-link--is-underlined\" rel=\"nofollow noopener\" target=\"_blank\">Trump<\/a> qui remet sous les feux de l\u2019actualit\u00e9 son Plan de paix pour l\u2019Ukraine, plut\u00f4t favorable aux exigences territoriales du Kremlin.<\/p>\n<p>La tendance<\/p>\n<p>La terreur russe continue de s\u00e9vir \u00e0 Kiev. Au moins 12 personnes ont \u00e9t\u00e9 tu\u00e9es mardi dans la capitale ukrainienne et dans sa r\u00e9gion. Dans la ville, \u00ab\u00a0huit personnes ont \u00e9t\u00e9 tu\u00e9es et cinq bless\u00e9es, dont deux enfants\u00a0\u00bb, a d\u00e9clar\u00e9 sur les r\u00e9seaux sociaux le maire, Vitali Klitschko. A une trentaine de kilom\u00e8tres de l\u00e0, \u00e0 Boryspil, quatre personnes ont \u00e9t\u00e9 tu\u00e9es et 13 autres bless\u00e9es apr\u00e8s qu\u2019un \u00ab\u00a0immeuble r\u00e9sidentiel de cinq \u00e9tages a \u00e9t\u00e9 touch\u00e9\u00a0\u00bb, selon <a href=\"https:\/\/www.20minutes.fr\/monde\/volodymyr-zelensky\/\" class=\"c-link c-link--is-underlined\" rel=\"nofollow noopener\" target=\"_blank\">Volodymyr Zelensky<\/a>.<\/p>\n<p><a href=\"http:\/\/20minutes.fr\/monde\/ukraine\" class=\"c-link c-btn c-btn--primary\" rel=\"nofollow noopener\" target=\"_blank\">Notre dossier sur la guerre en Ukraine<\/a><\/p>\n<p>Le pr\u00e9sident ukrainien a indiqu\u00e9 qu&rsquo;\u00ab\u00a0un nombre important de drones \u00e0 r\u00e9action et de missiles balistiques ont \u00e9t\u00e9 utilis\u00e9s\u00a0\u00bb. \u00ab\u00a0Je suis reconnaissant envers toutes celles et tous ceux qui aident l\u2019Ukraine \u00e0 obtenir des capacit\u00e9s antibalistiques\u00a0\u00bb, a-t-il poursuivi, jugeant \u00ab\u00a0tr\u00e8s important que ces livraisons augmentent cet automne\u00a0\u00bb.<\/p>\n","protected":false},"excerpt":{"rendered":"Vous avez rat\u00e9 les derniers \u00e9v\u00e9nements sur la guerre en Ukraine\u00a0? 20 Minutes fait le point pour vous&hellip;\n","protected":false},"author":2,"featured_media":1161453,"comment_status":"","ping_status":"","sticky":false,"template":"","format":"standard","meta":{"footnotes":"","_share_on_mastodon":"0"},"categories":[1591],"tags":[47,11,672,564,1887,131,4997,74,12,136,1885,1886,132,135,134],"class_list":["post-1161452","post","type-post","status-publish","format-standard","has-post-thumbnail","category-russie","tag-actualite","tag-actualites","tag-allemagne","tag-drone","tag-federation-de-russie","tag-guerre-en-ukraine","tag-kiev-kyiv","tag-monde","tag-news","tag-otan","tag-russia","tag-russian-federation","tag-russie","tag-vladimir-poutine","tag-volodymyr-zelensky"],"share_on_mastodon":{"url":"https:\/\/pubeurope.com\/@fr\/117197034129270418","error":""},"_links":{"self":[{"href":"https:\/\/www.europesays.com\/fr\/wp-json\/wp\/v2\/posts\/1161452","targetHints":{"allow":["GET"]}}],"collection":[{"href":"https:\/\/www.europesays.com\/fr\/wp-json\/wp\/v2\/posts"}],"about":[{"href":"https:\/\/www.europesays.com\/fr\/wp-json\/wp\/v2\/types\/post"}],"author":[{"embeddable":true,"href":"https:\/\/www.europesays.com\/fr\/wp-json\/wp\/v2\/users\/2"}],"replies":[{"embeddable":true,"href":"https:\/\/www.europesays.com\/fr\/wp-json\/wp\/v2\/comments?post=1161452"}],"version-history":[{"count":0,"href":"https:\/\/www.europesays.com\/fr\/wp-json\/wp\/v2\/posts\/1161452\/revisions"}],"wp:featuredmedia":[{"embeddable":true,"href":"https:\/\/www.europesays.com\/fr\/wp-json\/wp\/v2\/media\/1161453"}],"wp:attachment":[{"href":"https:\/\/www.europesays.com\/fr\/wp-json\/wp\/v2\/media?parent=1161452"}],"wp:term":[{"taxonomy":"category","embeddable":true,"href":"https:\/\/www.europesays.com\/fr\/wp-json\/wp\/v2\/categories?post=1161452"},{"taxonomy":"post_tag","embeddable":true,"href":"https:\/\/www.europesays.com\/fr\/wp-json\/wp\/v2\/tags?post=1161452"}],"curies":[{"name":"wp","href":"https:\/\/api.w.org\/{rel}","templated":true}]}}