{"id":1161460,"date":"2026-09-01T17:51:19","date_gmt":"2026-09-01T17:51:19","guid":{"rendered":"https:\/\/www.europesays.com\/fr\/1161460\/"},"modified":"2026-09-01T17:51:19","modified_gmt":"2026-09-01T17:51:19","slug":"berlin-accuse-moscou-detre-derriere-lattaque-au-drone-explosif-a-leipzig","status":"publish","type":"post","link":"https:\/\/www.europesays.com\/fr\/1161460\/","title":{"rendered":"Berlin accuse Moscou d&rsquo;\u00eatre derri\u00e8re l&rsquo;attaque au drone explosif \u00e0 Leipzig"},"content":{"rendered":"<p>Pour Berlin, il s&rsquo;agit d&rsquo;une op\u00e9ration qui s\u2019inscrit \u00ab\u00a0dans le sch\u00e9ma bien connu des op\u00e9rations hybrides russes en Europe\u00a0\u00bb. L&rsquo;Allemagne a accus\u00e9 la Russie, mardi 1er\u00a0septembre, de <a href=\"https:\/\/www.france24.com\/fr\/europe\/20260805-allemagne-plusieurs-avions-d\u00e9rout\u00e9s-apr\u00e8s-un-incident-de-s\u00e9curit\u00e9-\u00e0-l-a\u00e9roport-de-leipzig\" target=\"_self\" rel=\"nofollow noopener\">\u00ab\u00a0l&rsquo;attaque hybride\u00a0\u00bb men\u00e9e avec un drone charg\u00e9 d&rsquo;explosifs d\u00e9but ao\u00fbt \u00e0 l&rsquo;a\u00e9roport de Leipzig<\/a>, une plateforme cl\u00e9 pour l&rsquo;arm\u00e9e allemande, l&rsquo;Otan et le soutien logistique \u00e0 l&rsquo;Ukraine.<\/p>\n<p>\u00ab\u00a0Dans l&rsquo;ensemble, les enqu\u00eates polici\u00e8res, les modes op\u00e9ratoires et les informations des services de renseignement d\u00e9montrent une responsabilit\u00e9 russe dans la tentative d&rsquo;attentat \u00e0 l&rsquo;a\u00e9roport de Leipzig\u00a0\u00bb, a affirm\u00e9 le ministre allemand de l&rsquo;Int\u00e9rieur, Alexander Dobrindt, lors d&rsquo;une courte d\u00e9claration.<\/p>\n<p class=\"a-read-more\">\u00c0 lire aussi<a href=\"https:\/\/www.france24.com\/fr\/europe\/20260901-en-direct-ukraine-russie-attaque-russe-massive-morts-kiev\" target=\"_self\" class=\"a-read-more__link\" rel=\"nofollow noopener\">En direct\u00a0: au moins 12\u00a0morts dans une attaque russe \u00ab\u00a0massive\u00a0\u00bb sur Kiev et sa r\u00e9gion<\/a><\/p>\n<p>D\u00e9but ao\u00fbt, un drone charg\u00e9 d&rsquo;explosifs avait \u00e9t\u00e9 d\u00e9couvert dans la zone s\u00e9curis\u00e9e des op\u00e9rations de fret de l&rsquo;a\u00e9roport, \u00e0 proximit\u00e9 de plusieurs avions-cargos ukrainiens, et un deuxi\u00e8me engin aurait heurt\u00e9 un avion-cargo de DHL quelques minutes plus tard.<\/p>\n<p>D&rsquo;apr\u00e8s les m\u00e9dias, qui s&rsquo;appuient sur des sources proches des autorit\u00e9s, un troisi\u00e8me drone a \u00e9t\u00e9 retrouv\u00e9 dix jours plus tard \u00e0 l&rsquo;ouest de l&rsquo;a\u00e9roport.<\/p>\n<p>Une substance pouvant correspondre \u00e0 environ 50\u00a0grammes d&rsquo;hexog\u00e8ne, un explosif militaire tr\u00e8s puissant, a \u00e9t\u00e9 retrouv\u00e9e sur place.<\/p>\n<p> Fermeture du dernier consulat russe en Allemagne <\/p>\n<p>Le ministre a \u00e9tay\u00e9 son accusation par le fait que les \u00ab\u00a0moyens d&rsquo;action observ\u00e9s s&rsquo;inscrivent \u00ab\u00a0dans le sch\u00e9ma bien connu des op\u00e9rations hybrides russes en Europe\u00a0\u00bb.<\/p>\n<p>\u00ab\u00a0La configuration des drones\u00a0\u00bb et l&rsquo;utilisation de \u00ab\u00a0divers composants, des explosifs et des dispositifs de mise \u00e0 feu\u00a0\u00bb renvoient \u00e0 \u00ab\u00a0d&rsquo;autres op\u00e9rations hybrides men\u00e9es par la <a href=\"https:\/\/www.france24.com\/fr\/tag\/russie\/\" target=\"_self\" class=\"gtm-add-suggested-tag\" rel=\"nofollow noopener\">Russie<\/a> et de sa guerre contre l&rsquo;<a href=\"https:\/\/www.france24.com\/fr\/tag\/ukraine\/\" target=\"_self\" class=\"gtm-add-suggested-tag\" rel=\"nofollow noopener\">Ukraine<\/a>\u00ab\u00a0, a-t-il pr\u00e9cis\u00e9.<\/p>\n<p>La technologie utilis\u00e9e et \u00ab\u00a0l&rsquo;interaction des diff\u00e9rents \u00e9l\u00e9ments doivent \u00eatre qualifi\u00e9es de professionnelles et r\u00e9v\u00e8lent un haut niveau d&rsquo;expertise technique ainsi qu&rsquo;un effort organisationnel consid\u00e9rable\u00a0\u00bb, a-t-il poursuivi.<\/p>\n<p class=\"a-read-more\">\u00c0 lire aussi<a href=\"https:\/\/www.france24.com\/fr\/europe\/20260825-guerre-en-ukraine-les-drones-russes-traquent-les-civils-les-safaris-humains-se-multiplient\" target=\"_self\" class=\"a-read-more__link\" rel=\"nofollow noopener\">Guerre en Ukraine : les drones russes traquent les civils, les \u00ab\u00a0safaris humains\u00a0\u00bb se multiplient<\/a><\/p>\n<p>Si l&rsquo;ex\u00e9cution finale de la \u00ab\u00a0tentative d&rsquo;attentat\u00a0\u00bb rel\u00e8ve d&rsquo;agents dits \u00ab\u00a0jetables\u00a0\u00bb, ces derniers ont agi \u00ab\u00a0sur ordre d&rsquo;autorit\u00e9s \u00e9tatiques russes\u00a0\u00bb, a encore accus\u00e9 le ministre conservateur.<\/p>\n<p>Son coll\u00e8gue des Affaires \u00e9trang\u00e8res, Johann Wadephul, a annonc\u00e9 dans la foul\u00e9e la fermeture sous une quinzaine de jours du dernier consulat russe du pays, \u00e0 Bonn, et d&rsquo;un centre culturel russe \u00e0 Berlin suspect\u00e9 d&rsquo;h\u00e9berger des espions.<\/p>\n<p>Berlin va par ailleurs proposer d&rsquo;inscrire de nouvelles personnes de nationalit\u00e9 russe sur les listes de sanctions europ\u00e9ennes. Et Johann Wadephul a en outre promis de \u00ab\u00a0renforcer la pression sur la flotte fant\u00f4me russe\u00a0\u00bb, d\u00e9signant un ensemble de navires vieillissant au statut juridique opaque que la Russie utilise pour contourner les sanctions occidentales.<\/p>\n<p> L&rsquo;Otan et l&rsquo;UE solidaires de Berlin <\/p>\n<p>Berlin a re\u00e7u le soutien des responsables de l&rsquo;<a href=\"https:\/\/www.france24.com\/fr\/tag\/otan\/\" target=\"_self\" class=\"gtm-add-suggested-tag\" rel=\"nofollow noopener\">Otan<\/a> et de l&rsquo;<a href=\"https:\/\/www.france24.com\/fr\/tag\/union-europ\u00e9enne\/\" target=\"_self\" class=\"gtm-add-suggested-tag\" rel=\"nofollow noopener\">Union europ\u00e9enne<\/a>, qui ont exprim\u00e9 mardi leur solidarit\u00e9.<\/p>\n<p>\u00ab\u00a0L&rsquo;Otan se tient pleinement aux c\u00f4t\u00e9s de l&rsquo;<a href=\"https:\/\/www.france24.com\/fr\/tag\/allemagne\/\" target=\"_self\" class=\"gtm-add-suggested-tag\" rel=\"nofollow noopener\">Allemagne<\/a> apr\u00e8s l&rsquo;attaque hybride russe \u00e0 Leipzig le 14\u00a0ao\u00fbt\u00a0\u00bb, a assur\u00e9 le patron de l\u2019Otan, <a href=\"https:\/\/www.france24.com\/fr\/tag\/mark-rutte\/\" target=\"_self\" class=\"gtm-add-suggested-tag\" rel=\"nofollow noopener\">Mark Rutte<\/a>, sur le r\u00e9seau social X, apr\u00e8s s&rsquo;\u00eatre entretenu avec le chancelier allemand <a href=\"https:\/\/www.france24.com\/fr\/tag\/friedrich-merz\/\" target=\"_self\" class=\"gtm-add-suggested-tag\" rel=\"nofollow noopener\">Friedrich Merz<\/a>.<\/p>\n<p>L&rsquo;organisation prot\u00e9gera ses membres \u00ab\u00a0contre toute menace, y compris les actions n\u00e9fastes telles que celles qui ont eu lieu \u00e0 Leipzig et ailleurs au sein de l&rsquo;Alliance\u00a0\u00bb, a-t-il ajout\u00e9, assurant que les objectifs de la Russie \u00e9taient vou\u00e9s \u00e0 l&rsquo;\u00e9chec.<\/p>\n<p>\u00ab\u00a0Les tentatives de la Russie pour nous intimider, affaiblir notre unit\u00e9 et notre d\u00e9termination \u00e0 aider l&rsquo;Ukraine sont vaines et \u00e9choueront. Notre soutien \u00e0 l&rsquo;Ukraine est in\u00e9branlable, tout comme notre engagement d&rsquo;acier pour la d\u00e9fense collective de l&rsquo;Otan\u00a0\u00bb, a-t-il assur\u00e9.<\/p>\n<p>La pr\u00e9sidente de la <a href=\"https:\/\/www.france24.com\/fr\/tag\/commission-europ\u00e9enne\/\" target=\"_self\" class=\"gtm-add-suggested-tag\" rel=\"nofollow noopener\">Commission europ\u00e9enne<\/a> <a href=\"https:\/\/www.france24.com\/fr\/tag\/ursula-von-der-leyen\/\" target=\"_self\" class=\"gtm-add-suggested-tag\" rel=\"nofollow noopener\">Ursula von der Leyen<\/a>, qui a \u00e9galement parl\u00e9 au chef du gouvernement allemand, a de son c\u00f4t\u00e9 affirm\u00e9 que \u00ab\u00a0l&rsquo;UE se tient en pleine solidarit\u00e9 avec l&rsquo;Allemagne face \u00e0 cette attaque de la Russie\u00a0\u00bb.<\/p>\n<p>\u00ab\u00a0Nous maintiendrons l&rsquo;unit\u00e9 de l&rsquo;UE malgr\u00e9 ces actes graves et de plus en plus fr\u00e9quents\u00a0\u00bb, a-t-elle plaid\u00e9, dans un message publi\u00e9 sur X. \u00ab\u00a0La Russie cherche \u00e0 semer la m\u00e9fiance et la peur dans nos soci\u00e9t\u00e9s. Mais elle \u00e9chouera. Et nous soutiendrons l&rsquo;Ukraine aussi longtemps qu&rsquo;il le faudra\u00a0\u00bb, a promis la cheffe de l&rsquo;ex\u00e9cutif europ\u00e9en.<\/p>\n<p>Avec AFP<\/p>\n","protected":false},"excerpt":{"rendered":"Pour Berlin, il s&rsquo;agit d&rsquo;une op\u00e9ration qui s\u2019inscrit \u00ab\u00a0dans le sch\u00e9ma bien connu des op\u00e9rations hybrides russes en&hellip;\n","protected":false},"author":2,"featured_media":1161461,"comment_status":"","ping_status":"","sticky":false,"template":"","format":"standard","meta":{"footnotes":"","_share_on_mastodon":"0"},"categories":[1587],"tags":[11,672,1804,2196,1805,1803,1777,674,1801,49442,2287,12,136,1802,132,220,364,2544],"class_list":["post-1161460","post","type-post","status-publish","format-standard","has-post-thumbnail","category-allemagne","tag-actualites","tag-allemagne","tag-bundesrepublik-deutschland","tag-commission-europeenne","tag-de","tag-deutschland","tag-eu","tag-europe","tag-germany","tag-guerre-hybride","tag-mark-rutte","tag-news","tag-otan","tag-republique-federale-dallemagne","tag-russie","tag-ukraine","tag-union-europeenne","tag-ursula-von-der-leyen"],"share_on_mastodon":{"url":"https:\/\/pubeurope.com\/@fr\/117197058006625663","error":""},"_links":{"self":[{"href":"https:\/\/www.europesays.com\/fr\/wp-json\/wp\/v2\/posts\/1161460","targetHints":{"allow":["GET"]}}],"collection":[{"href":"https:\/\/www.europesays.com\/fr\/wp-json\/wp\/v2\/posts"}],"about":[{"href":"https:\/\/www.europesays.com\/fr\/wp-json\/wp\/v2\/types\/post"}],"author":[{"embeddable":true,"href":"https:\/\/www.europesays.com\/fr\/wp-json\/wp\/v2\/users\/2"}],"replies":[{"embeddable":true,"href":"https:\/\/www.europesays.com\/fr\/wp-json\/wp\/v2\/comments?post=1161460"}],"version-history":[{"count":0,"href":"https:\/\/www.europesays.com\/fr\/wp-json\/wp\/v2\/posts\/1161460\/revisions"}],"wp:featuredmedia":[{"embeddable":true,"href":"https:\/\/www.europesays.com\/fr\/wp-json\/wp\/v2\/media\/1161461"}],"wp:attachment":[{"href":"https:\/\/www.europesays.com\/fr\/wp-json\/wp\/v2\/media?parent=1161460"}],"wp:term":[{"taxonomy":"category","embeddable":true,"href":"https:\/\/www.europesays.com\/fr\/wp-json\/wp\/v2\/categories?post=1161460"},{"taxonomy":"post_tag","embeddable":true,"href":"https:\/\/www.europesays.com\/fr\/wp-json\/wp\/v2\/tags?post=1161460"}],"curies":[{"name":"wp","href":"https:\/\/api.w.org\/{rel}","templated":true}]}}