{"id":1161468,"date":"2026-09-01T17:57:14","date_gmt":"2026-09-01T17:57:14","guid":{"rendered":"https:\/\/www.europesays.com\/fr\/1161468\/"},"modified":"2026-09-01T17:57:14","modified_gmt":"2026-09-01T17:57:14","slug":"une-couleur-par-departement-cest-fini-les-cartes-de-vigilance-de-meteo-france-passent-a-lechelle-infra-departementale","status":"publish","type":"post","link":"https:\/\/www.europesays.com\/fr\/1161468\/","title":{"rendered":"Une couleur par d\u00e9partement, c&rsquo;est fini : les cartes de vigilance de M\u00e9t\u00e9o-France passent \u00e0 l&rsquo;\u00e9chelle infra-d\u00e9partementale"},"content":{"rendered":"<p class=\"article-p mdl\">M\u00e9t\u00e9o-France fait \u00e9voluer un outil bien connu du grand public : ses cartes de vigilance. Jusqu&rsquo;ici, la r\u00e8gle \u00e9tait simple : une couleur par d\u00e9partement, du vert au rouge, pour signaler le niveau de danger. D\u00e9sormais, pour certains ph\u00e9nom\u00e8nes, le service national de la m\u00e9t\u00e9orologie et de la climatologie en France va pouvoir montrer plus finement quelles zones d&rsquo;un m\u00eame d\u00e9partement sont les plus expos\u00e9es.<\/p>\n<p class=\"article-p mdl\">Sur son\u00a0<a class=\"link\" href=\"https:\/\/meteofrance.com\/actualites\/meteo-france-renforce-linformation-infra-departementale-de-la-vigilance-meteorologique\" target=\"_blank\" rel=\"nofollow noopener\">site, M\u00e9t\u00e9o-France<\/a>\u00a0explique franchir \u00ab\u00a0une nouvelle \u00e9tape\u00a0\u00bb en introduisant \u00ab\u00a0une information g\u00e9ographique plus fine\u00a0\u00bb pour quatre ph\u00e9nom\u00e8nes : le vent, la pluie-inondation, les orages et la neige-verglas.<\/p>\n<p class=\"article-p mdl\">Concr\u00e8tement, la carte principale ne change pas : elle continuera d&rsquo;afficher \u00ab\u00a0un niveau de danger unique par d\u00e9partement\u00a0\u00bb. Mais dans la lecture d\u00e9taill\u00e9e, ph\u00e9nom\u00e8ne par ph\u00e9nom\u00e8ne, il sera d\u00e9sormais possible, dans certains cas, de distinguer \u00e0 l&rsquo;int\u00e9rieur d&rsquo;un m\u00eame territoire les secteurs les plus menac\u00e9s.\u00a0<\/p>\n<p class=\"article-p mdl\">M\u00e9t\u00e9o-France prend l&rsquo;exemple d&rsquo;une temp\u00eate : si les rafales les plus violentes concernent surtout le littoral, la vigilance pourra \u00eatre plus \u00e9lev\u00e9e sur cette bande c\u00f4ti\u00e8re que dans l&rsquo;int\u00e9rieur des terres.<\/p>\n<p>            \u00ab\u00a0Adapter l&rsquo;alerte et les moyens de secours\u00a0\u00bb<\/p>\n<p class=\"article-p mdl\">Pour Beno\u00eet Thom\u00e9, directeur des relations institutionnelles de\u00a0<a class=\"link\" href=\"https:\/\/www.rtl.fr\/actu\/meteo\/meteo-en-france-qu-est-ce-qu-implique-une-alerte-rouge-7900430125\" rel=\"nofollow noopener\" target=\"_blank\">M\u00e9t\u00e9o-France<\/a>, \u00ab\u00a0on va faire progresser la vigilance pour lui donner plus de pr\u00e9cision sur la localisation g\u00e9ographique des dangers \u00e0 un niveau plus fin que le d\u00e9partement qui \u00e9tait jusqu&rsquo;\u00e0 maintenant la norme\u00a0\u00bb. M\u00eame logique pour Mathieu Plu, directeur des op\u00e9rations pour la pr\u00e9vision : cette extension \u00ab\u00a0va permettre d&rsquo;avertir plus finement les populations\u00a0\u00bb.<\/p>\n<p class=\"article-p mdl\">L&rsquo;enjeu est double pour\u00a0<a class=\"link\" href=\"https:\/\/www.rtl.fr\/actu\/meteo\/canicule-quels-sont-les-criteres-retenus-pour-placer-un-departement-en-vigilance-rouge-7900648147\" rel=\"nofollow noopener\" target=\"_blank\">M\u00e9t\u00e9o-France<\/a>. D&rsquo;abord, mieux informer le public. Le service fran\u00e7ais explique que cette repr\u00e9sentation infra-d\u00e9partementale doit rendre la vigilance \u00ab\u00a0plus visuelle et synth\u00e9tique\u00a0\u00bb et permettre \u00ab\u00a0une meilleure compr\u00e9hension des zones les plus expos\u00e9es\u00a0\u00bb.\u00a0<\/p>\n<p class=\"article-p mdl\">Ensuite, aider les autorit\u00e9s. L&rsquo;\u00e9tablissement y voit \u00ab\u00a0un outil suppl\u00e9mentaire d&rsquo;aide \u00e0 la d\u00e9cision pour la gestion de crise\u00a0\u00bb, afin de \u00ab\u00a0mieux localiser les zones expos\u00e9es au danger les plus s\u00e9v\u00e8res, et adapter l&rsquo;alerte et les moyens de secours\u00a0\u00bb.<\/p>\n<p>            Une \u00e9volution li\u00e9e au \u00ab\u00a0d\u00e9r\u00e8glement climatique\u00a0\u00bb<\/p>\n<p class=\"article-p mdl\">Cette \u00e9volution r\u00e9pond aussi \u00e0 un contexte plus large. Dans un communiqu\u00e9 cit\u00e9 par l&rsquo;AFP, la ministre de la Transition \u00e9cologique, Monique Barbut, souligne que \u00ab\u00a0le\u00a0<a class=\"link\" href=\"https:\/\/www.rtl.fr\/actu\/debats-societe\/vigilance-meteo-suivi-des-personnes-vulnerables-mobilisation-des-secours-qu-est-ce-qui-a-change-depuis-la-canicule-de-2003-7900638722\" rel=\"nofollow noopener\" target=\"_blank\">d\u00e9r\u00e8glement climatique<\/a>\u00a0accro\u00eet la fr\u00e9quence et l&rsquo;intensit\u00e9 de nombreux \u00e9v\u00e9nements m\u00e9t\u00e9orologiques\u00a0\u00bb. Selon elle, \u00ab\u00a0mieux conna\u00eetre et mieux localiser les risques, c&rsquo;est permettre de mieux s&rsquo;y pr\u00e9parer\u00a0\u00bb.<\/p>\n<p>Mais M\u00e9t\u00e9o-France insiste aussi sur les limites de l&rsquo;exercice. Cette pr\u00e9cision nouvelle ne sera pas syst\u00e9matique : elle ne sera utilis\u00e9e que \u00ab\u00a0lorsque les pr\u00e9visions permettent de d\u00e9limiter les zones avec suffisamment de certitude\u00a0\u00bb.\u00a0<\/p>\n<p>Autrement dit, pas question de faire croire \u00e0 une pr\u00e9vision rue par rue. Sur des ph\u00e9nom\u00e8nes tr\u00e8s brusques, comme certaines inondations par ruissellement ou les tornades, la localisation exacte restera difficile. Une vigilance au niveau communal serait m\u00eame \u00ab\u00a0illusoire\u00a0\u00bb, selon Beno\u00eet Thom\u00e9.<\/p>\n<p>    La r\u00e9daction vous recommande<\/p>\n<p class=\"s-newsletter__title\">\n                L\u2019actualit\u00e9 par la r\u00e9daction de RTL dans votre bo\u00eete mail.\n            <\/p>\n<p class=\"s-newsletter__subtitle\">\n                Gr\u00e2ce \u00e0 votre compte RTL abonnez-vous \u00e0 la newsletter RTL info pour suivre toute l&rsquo;actualit\u00e9 au quotidien\n            <\/p>\n<p>\n                                    Lire la suite\n                                <\/p>\n<p class=\"article-google-preferred__title\">Ne laissez pas Google d\u00e9cider de vos sources.<\/p>\n<p>    <a href=\"https:\/\/www.google.com\/preferences\/source?q=https:\/\/www.rtl.fr\" target=\"_blank\" rel=\"noopener noreferrer nofollow\" class=\"article-google-preferred__btn at-class\" data-at-event=\"action\" data-at-category=\"actualite\" data-at-chapter1=\"pied_article\" data-at-chapter2=\"actu_meteo\" data-at-click=\"favori_google\">Ajouter RTL comme source pr\u00e9f\u00e9r\u00e9e<\/a><\/p>\n","protected":false},"excerpt":{"rendered":"M\u00e9t\u00e9o-France fait \u00e9voluer un outil bien connu du grand public : ses cartes de vigilance. Jusqu&rsquo;ici, la r\u00e8gle&hellip;\n","protected":false},"author":2,"featured_media":1161469,"comment_status":"","ping_status":"","sticky":false,"template":"","format":"standard","meta":{"footnotes":"","_share_on_mastodon":"0"},"categories":[4],"tags":[11,107,1011,27,2839,2487,10584,12,4594,25,7919,27202,35567],"class_list":["post-1161468","post","type-post","status-publish","format-standard","has-post-thumbnail","category-france","tag-actualites","tag-fil-info","tag-fr","tag-france","tag-inondations","tag-meteo","tag-neige","tag-news","tag-orages","tag-republique-francaise","tag-vent","tag-vigilance-orange","tag-vigilance-rouge"],"share_on_mastodon":{"url":"https:\/\/pubeurope.com\/@fr\/117197081600103964","error":""},"_links":{"self":[{"href":"https:\/\/www.europesays.com\/fr\/wp-json\/wp\/v2\/posts\/1161468","targetHints":{"allow":["GET"]}}],"collection":[{"href":"https:\/\/www.europesays.com\/fr\/wp-json\/wp\/v2\/posts"}],"about":[{"href":"https:\/\/www.europesays.com\/fr\/wp-json\/wp\/v2\/types\/post"}],"author":[{"embeddable":true,"href":"https:\/\/www.europesays.com\/fr\/wp-json\/wp\/v2\/users\/2"}],"replies":[{"embeddable":true,"href":"https:\/\/www.europesays.com\/fr\/wp-json\/wp\/v2\/comments?post=1161468"}],"version-history":[{"count":0,"href":"https:\/\/www.europesays.com\/fr\/wp-json\/wp\/v2\/posts\/1161468\/revisions"}],"wp:featuredmedia":[{"embeddable":true,"href":"https:\/\/www.europesays.com\/fr\/wp-json\/wp\/v2\/media\/1161469"}],"wp:attachment":[{"href":"https:\/\/www.europesays.com\/fr\/wp-json\/wp\/v2\/media?parent=1161468"}],"wp:term":[{"taxonomy":"category","embeddable":true,"href":"https:\/\/www.europesays.com\/fr\/wp-json\/wp\/v2\/categories?post=1161468"},{"taxonomy":"post_tag","embeddable":true,"href":"https:\/\/www.europesays.com\/fr\/wp-json\/wp\/v2\/tags?post=1161468"}],"curies":[{"name":"wp","href":"https:\/\/api.w.org\/{rel}","templated":true}]}}