{"id":1161496,"date":"2026-09-01T18:18:17","date_gmt":"2026-09-01T18:18:17","guid":{"rendered":"https:\/\/www.europesays.com\/fr\/1161496\/"},"modified":"2026-09-01T18:18:17","modified_gmt":"2026-09-01T18:18:17","slug":"poco-x8-a-moins-de-300-e-le-nouveau-smartphone-de-xiaomi-mise-tout-sur-sa-batterie-xxl","status":"publish","type":"post","link":"https:\/\/www.europesays.com\/fr\/1161496\/","title":{"rendered":"Poco X8 : \u00e0 moins de 300 \u20ac, le nouveau smartphone de Xiaomi mise tout sur sa batterie XXL"},"content":{"rendered":"<p class=\"ed__a-p ed__bdy__l\">Le Poco X8 de Xiaomi d\u00e9barque avec l\u2019ambition d\u2019offrir une autonomie hors norme sans sacrifier l\u2019essentiel. Sa batterie silicium-carbone atteint une capacit\u00e9 de 8340 mAh, soit 63,2 % de plus que celle du <a href=\"https:\/\/www.lesnumeriques.com\/telephone-portable\/avec-les-poco-x7-pro-et-x7-xiaomi-place-2025-sous-le-signe-de-la-puissance-n231628.html\" title=\"Avec les Poco X7 Pro et X7, Xiaomi place 2025 sous le signe de la puissance\" rel=\"nofollow noopener\" target=\"_blank\">X7<\/a>. Le g\u00e9ant chinois annonce plus de deux jours d\u2019autonomie et au moins 80 % de capacit\u00e9 apr\u00e8s 1600 cycles, soit environ six ans d\u2019usage r\u00e9gulier. Cet accumulateur XXL supporte \u00e9galement la charge 67 W et peut alimenter un autre appareil en filaire jusqu\u2019\u00e0 22,5 W.<\/p>\n<p>Un smartphone lumineux, solide et \u00e0 l\u2019aise sous l\u2019eau<\/p>\n<p class=\"ed__a-p ed__bdy__l\">Outre sa batterie g\u00e9n\u00e9reuse, le Poco X8 est \u00e9quip\u00e9 d\u2019un \u00e9cran Amoled 120 Hz de 6,83 pouces, avec la promesse d&rsquo;un pic lumineux \u00e0 3500 cd\/m\u00b2 et des certifications T\u00dcV Rheinland pour le confort visuel. L\u2019appareil p\u00e8se 223 g, profite d\u2019un dos textur\u00e9 et d\u2019un verre <a href=\"https:\/\/www.lesnumeriques.com\/telephone-portable\/le-gorilla-glass-victus-2-protegerait-votre-smartphone-d-une-chute-de-1-m-sur-le-beton-n199715.html\" title=\"Le Gorilla Glass Victus 2 prot\u00e9gerait votre smartphone d&#039;une chute de 1 m sur le b\u00e9ton\" rel=\"nofollow noopener\" target=\"_blank\">Gorilla Glass Victus 2<\/a> test\u00e9 sur des chutes jusqu\u2019\u00e0 3 m. Il cumule aussi les certifications <a href=\"https:\/\/www.lesnumeriques.com\/telephone-portable\/etancheite-des-smartphones-que-faut-il-savoir-avant-le-grand-plongeon-a166217.html\" title=\"\u00c9tanch\u00e9it\u00e9 des smartphones\u00a0: que faut-il savoir avant le grand plongeon\u00a0?\" rel=\"nofollow noopener\" target=\"_blank\">IP66, IP68, IP69 et IP69K<\/a>. Son mode sous-marin autorise quant \u00e0 lui les photos dans l\u2019eau douce jusqu\u2019\u00e0 2 m pendant 30 min et peut \u00e9galement servir pour photographier \u00e0 travers un aquarium.<\/p>\n<p>La marque de Xiaomi muscle son jeu sans faire exploser le prix<\/p>\n<p class=\"ed__a-p ed__bdy__l\">Sous le capot, la puce Snapdragon 6s Gen 4 grav\u00e9e en 4 nm fait tourner <a href=\"https:\/\/www.lesnumeriques.com\/telephone-portable\/hyperos-3-xiaomi-presente-les-nouveautes-de-son-interface-inspiree-d-ios-n241783.html\" title=\"HyperOS 3 : Xiaomi pr\u00e9sente les nouveaut\u00e9s de son interface inspir\u00e9e d&#039;iOS\" rel=\"nofollow noopener\" target=\"_blank\">HyperOS 3<\/a> (avec l&rsquo;interface HyperIsland et l&rsquo;assistant Google Gemini). Une fonction permet aussi de communiquer sans r\u00e9seau mobile jusqu\u2019\u00e0 1,5 km en terrain d\u00e9gag\u00e9, tandis qu\u2019un booster peut pousser le volume jusqu\u2019\u00e0 300\u00a0%. C\u00f4t\u00e9 photo, le X8 mise sur un module principal de 50 m\u00e9gapixels (OIS\/EIS), un capteur de profondeur de 2 Mpx et une cam\u00e9ra selfie de 16 Mpx, l\u2019enregistrement simultan\u00e9 avant\/arri\u00e8re et plusieurs retouches par IA.<\/p>\n<p class=\"ed__a-p ed__bdy__l\">Disponible en noir, blanc ou orange avec 256 Go de stockage, le Poco X8 s\u2019affiche \u00e0 403 \u20ac dans sa version 8 Go de RAM et 453 \u20ac pour passer la m\u00e9moire vive \u00e0 12 Go. Jusqu\u2019au 21 septembre, ces deux versions passent respectivement \u00e0 299 \u20ac et 329 \u20ac. Avec une telle batterie \u00e0 un prix aussi agressif, ce nouveau Poco pourrait bien avoir trouv\u00e9 le moyen de se faire remarquer.<\/p>\n","protected":false},"excerpt":{"rendered":"Le Poco X8 de Xiaomi d\u00e9barque avec l\u2019ambition d\u2019offrir une autonomie hors norme sans sacrifier l\u2019essentiel. Sa batterie&hellip;\n","protected":false},"author":2,"featured_media":1161497,"comment_status":"","ping_status":"","sticky":false,"template":"","format":"standard","meta":{"footnotes":"","_share_on_mastodon":"0"},"categories":[7],"tags":[1011,27,43,40,41,39,42,44],"class_list":["post-1161496","post","type-post","status-publish","format-standard","has-post-thumbnail","category-sciences-et-technologies","tag-fr","tag-france","tag-science","tag-science-and-technology","tag-sciences","tag-sciences-et-technologies","tag-technologies","tag-technology"],"share_on_mastodon":{"url":"https:\/\/pubeurope.com\/@fr\/117197164259009494","error":""},"_links":{"self":[{"href":"https:\/\/www.europesays.com\/fr\/wp-json\/wp\/v2\/posts\/1161496","targetHints":{"allow":["GET"]}}],"collection":[{"href":"https:\/\/www.europesays.com\/fr\/wp-json\/wp\/v2\/posts"}],"about":[{"href":"https:\/\/www.europesays.com\/fr\/wp-json\/wp\/v2\/types\/post"}],"author":[{"embeddable":true,"href":"https:\/\/www.europesays.com\/fr\/wp-json\/wp\/v2\/users\/2"}],"replies":[{"embeddable":true,"href":"https:\/\/www.europesays.com\/fr\/wp-json\/wp\/v2\/comments?post=1161496"}],"version-history":[{"count":0,"href":"https:\/\/www.europesays.com\/fr\/wp-json\/wp\/v2\/posts\/1161496\/revisions"}],"wp:featuredmedia":[{"embeddable":true,"href":"https:\/\/www.europesays.com\/fr\/wp-json\/wp\/v2\/media\/1161497"}],"wp:attachment":[{"href":"https:\/\/www.europesays.com\/fr\/wp-json\/wp\/v2\/media?parent=1161496"}],"wp:term":[{"taxonomy":"category","embeddable":true,"href":"https:\/\/www.europesays.com\/fr\/wp-json\/wp\/v2\/categories?post=1161496"},{"taxonomy":"post_tag","embeddable":true,"href":"https:\/\/www.europesays.com\/fr\/wp-json\/wp\/v2\/tags?post=1161496"}],"curies":[{"name":"wp","href":"https:\/\/api.w.org\/{rel}","templated":true}]}}