{"id":1161504,"date":"2026-09-01T18:22:15","date_gmt":"2026-09-01T18:22:15","guid":{"rendered":"https:\/\/www.europesays.com\/fr\/1161504\/"},"modified":"2026-09-01T18:22:15","modified_gmt":"2026-09-01T18:22:15","slug":"mercato-vers-un-echec-du-transfert-de-folarin-balogun-de-monaco-a-everton-et-de-larrivee-derik-lira-a-lasm-lequipe","status":"publish","type":"post","link":"https:\/\/www.europesays.com\/fr\/1161504\/","title":{"rendered":"Mercato : vers un \u00e9chec du transfert de Folarin Balogun de Monaco \u00e0 Everton et de l&#039;arriv\u00e9e d&#039;Erik Lira \u00e0 l&#039;ASM ? &#8211; L&#039;\u00c9quipe"},"content":{"rendered":"<ol>\n<li><a href=\"https:\/\/news.google.com\/rss\/articles\/CBMi8gFBVV95cUxNeWZRblB4OW5wMFE5aVc1M0ZFQnd5ZW40VjdHdFpkVEJjRERJUkpBczRnZzgwaWxQQllsd01Kb1ZJMDNzY3JUSVZTZFE4djZOZmdrbzZ3dWtJN2xRMS1pWlM4OGlwSU1HUHBzVTkyX0N6VkFhT3pzbUNhN18wOFkwR1dYOUFLbk4tZU9CWHE5anN5S2sxeXdoYmFYSGtnNVl6TXVIQ3NWNEZ1THE2d1AzRzBiRlhTSW1FWXBPVHAxdHo0SHVHejBvNldGbGlQaHNqelJFWkRJRjRMdUNTZ0RvbFdNV0xpM0xBUWl5aXo3ZUVyZw?oc=5\" target=\"_blank\" rel=\"nofollow noopener\">Mercato : vers un \u00e9chec du transfert de Folarin Balogun de Monaco \u00e0 Everton et de l&rsquo;arriv\u00e9e d&rsquo;Erik Lira \u00e0 l&rsquo;ASM ?<\/a>&nbsp;&nbsp;L&rsquo;\u00c9quipe<\/li>\n<li><a href=\"https:\/\/news.google.com\/rss\/articles\/CBMikAJBVV95cUxNZm5DSlZJMkZTbFEwbzIyNHREYkF2bTFqLVJ5NTM2bW41LXVjUDI0YWVKX1FtdVlnc3JIRVc4YXBBc25nMFN2XzZTT21KUHJ0amFUYnY4eUdoQ05NUEZqaHpTZDAtRDNYc0xZSkVPZFRYbHNqMnRZVzd2SEZHYV9EQU1HVHJMMGE2allvSTVpMm5mYktUNnhueDJndmktUmhJdVI3eC1WNS1MNXVEUlA5aEJneWMzNThvWXBwLV90YjRNMkZTNnA5dnZTSk8yTFRJbGZqVWMzaGNLdEJ3TUdOdzl4SC1ucm1JU2ZqZUFveGVlTWJfSm1xV2VWR0VuNVVaVTNicHppTFJTTlhwOXRITA?oc=5\" target=\"_blank\" rel=\"nofollow noopener\">Everton acc\u00e9l\u00e8re sur Folarin Balogun, Lamine Camara en salle d&rsquo;attente : le mercato de l&rsquo;AS Monaco s&#8217;emballe dans la derni\u00e8re ligne droite<\/a>&nbsp;&nbsp;L&rsquo;\u00c9quipe<\/li>\n<li><a href=\"https:\/\/news.google.com\/rss\/articles\/CBMiuAFBVV95cUxOdC1ULU9ZYnVzLVdUVGU5R1RNUG5Qby1scUZqYnA4enRTVmM4eEFyOXNXN3ZZMUpsRHo3Nmlna3JzUjZHYjU3eE9vSkhJU2RabHEzWGctV05IRE1BT2ljUVhYREIwbE5nTTdaVkdTcVZickNzb05mQkVTem5uQVBkSUcxTUNscGF6dWNpcEtMNDlIeGFQS3J5Nlh1RVB6UjN6RlpFQ3c3QjU3Z0FUbkdGTS13TnUxQ2M2?oc=5\" target=\"_blank\" rel=\"nofollow noopener\">L\u2019AS Monaco a trouv\u00e9 un accord \u00e0 50 M\u20ac pour la vente de Folarin Balogun<\/a>&nbsp;&nbsp;Foot Mercato<\/li>\n<li><a href=\"https:\/\/news.google.com\/rss\/articles\/CBMijAFBVV95cUxQdndhRE9VX1l3b2JWSGEwYUVObWlWTFNic2JqcExkMXJJbWNOVVU2OWJia1dZbHdIQ1ZtZHhLbDg3S2dkR0MyNGNJVFZYeUNnX2taQl9VZ3g1MU5sak1hLUxxdUdxYVVpRjFhcGJISHJfMXFnU3NRRmdYY1ZGbUw3akZZNkxTdkZLZGZQSQ?oc=5\" target=\"_blank\" rel=\"nofollow noopener\">Vers un \u00e9chec du transfert de Balogun \u00e0 Everton ?<\/a>&nbsp;&nbsp;Yahoo Actualit\u00e9s<\/li>\n<li><a href=\"https:\/\/news.google.com\/rss\/articles\/CBMikgFBVV95cUxNei1oMUExVWlYQ3EwQUdWbGxPQkoyLTdLSldwWWZCRFRjVkg0MTlLTGlBU0hqWE1kcFdIX2ljMXRDT0E4R1JEZzBubk0yMmhQLUEycmpWR1lOcDlNbEs2LUt1T2VmVkktQV9PSThJUXVZdFFYM2ZOM1JkQkpyYmxna193aEV0X0tLZ1AwTVpZd0NKZw?oc=5\" target=\"_blank\" rel=\"nofollow noopener\">Balogun ou Camara : un d\u00e9part, pas deux \u00e0 Monaco<\/a>&nbsp;&nbsp;sport.fr<\/li>\n<\/ol>\n","protected":false},"excerpt":{"rendered":"Mercato : vers un \u00e9chec du transfert de Folarin Balogun de Monaco \u00e0 Everton et de l&rsquo;arriv\u00e9e d&rsquo;Erik&hellip;\n","protected":false},"author":2,"featured_media":1161505,"comment_status":"","ping_status":"","sticky":false,"template":"","format":"standard","meta":{"footnotes":"","_share_on_mastodon":"0"},"categories":[2],"tags":[11,86760,78343,13925,91148,54754,63,1011,27,66,3127,12,86930,33137],"class_list":["post-1161504","post","type-post","status-publish","format-standard","has-post-thumbnail","category-actualites","tag-actualites","tag-actus-et-infos","tag-championnat-dangleterre","tag-everton","tag-flavien-tresarrieu","tag-folarin-balogun","tag-football","tag-fr","tag-france","tag-ligue-1","tag-monaco","tag-news","tag-thomas-doucet","tag-transferts-football"],"share_on_mastodon":{"url":"https:\/\/pubeurope.com\/@fr\/117197179853583810","error":""},"_links":{"self":[{"href":"https:\/\/www.europesays.com\/fr\/wp-json\/wp\/v2\/posts\/1161504","targetHints":{"allow":["GET"]}}],"collection":[{"href":"https:\/\/www.europesays.com\/fr\/wp-json\/wp\/v2\/posts"}],"about":[{"href":"https:\/\/www.europesays.com\/fr\/wp-json\/wp\/v2\/types\/post"}],"author":[{"embeddable":true,"href":"https:\/\/www.europesays.com\/fr\/wp-json\/wp\/v2\/users\/2"}],"replies":[{"embeddable":true,"href":"https:\/\/www.europesays.com\/fr\/wp-json\/wp\/v2\/comments?post=1161504"}],"version-history":[{"count":0,"href":"https:\/\/www.europesays.com\/fr\/wp-json\/wp\/v2\/posts\/1161504\/revisions"}],"wp:featuredmedia":[{"embeddable":true,"href":"https:\/\/www.europesays.com\/fr\/wp-json\/wp\/v2\/media\/1161505"}],"wp:attachment":[{"href":"https:\/\/www.europesays.com\/fr\/wp-json\/wp\/v2\/media?parent=1161504"}],"wp:term":[{"taxonomy":"category","embeddable":true,"href":"https:\/\/www.europesays.com\/fr\/wp-json\/wp\/v2\/categories?post=1161504"},{"taxonomy":"post_tag","embeddable":true,"href":"https:\/\/www.europesays.com\/fr\/wp-json\/wp\/v2\/tags?post=1161504"}],"curies":[{"name":"wp","href":"https:\/\/api.w.org\/{rel}","templated":true}]}}