{"id":1161550,"date":"2026-09-01T18:57:15","date_gmt":"2026-09-01T18:57:15","guid":{"rendered":"https:\/\/www.europesays.com\/fr\/1161550\/"},"modified":"2026-09-01T18:57:15","modified_gmt":"2026-09-01T18:57:15","slug":"retour-de-la-canicule-a-un-niveau-inedit-pour-un-debut-septembre-39-c-a-carcassonne-37-c-a-toulouse-36-c-a-rodez-ou-il-va-faire-le-plus-chaud-en-oc","status":"publish","type":"post","link":"https:\/\/www.europesays.com\/fr\/1161550\/","title":{"rendered":"Retour de la canicule \u00e0 \u00ab\u00a0un niveau in\u00e9dit pour un d\u00e9but septembre\u00a0\u00bb\u00a0: 39\u00a0\u00b0C \u00e0 Carcassonne, 37\u00a0\u00b0C \u00e0 Toulouse, 36\u00a0\u00b0C \u00e0 Rodez\u2026 O\u00f9 il va faire le plus chaud en Occitanie cette semaine"},"content":{"rendered":"<p>\n                                                                Les vacances sont termin\u00e9es mais les fortes chaleurs ne prennent pas cong\u00e9. Un bref \u00e9pisode de canicule est annonc\u00e9 pour la fin de semaine. Le point sur ce qui attend l\u2019Occitanie.\n                            <\/p>\n<p>Entre jeudi\u00a03 et vendredi 4\u00a0septembre 2026, il faut s\u2019attendre \u00e0 une nouvelle offensive de la canicule. Elle s\u2019installera au moins jusqu\u2019\u00e0 la fin du week-end. \u00ab\u00a0En dehors des r\u00e9gions du Nord-Ouest, le soleil s\u2019impose largement avec de nouveaux de fortes chaleurs, d\u00e9passant localement les 35\u00a0\u00b0C dans le Languedoc d\u00e8s jeudi, puis plus largement dans le Sud-Ouest et la vall\u00e9e du Rh\u00f4ne vendredi o\u00f9 les temp\u00e9ratures pourraient atteindre un niveau in\u00e9dit pour un d\u00e9but septembre\u00a0\u00bb, pr\u00e9voit M\u00e9t\u00e9o France.<\/p>\n<p>De 30 \u00e0 39\u00a0\u00b0C en Occitanie<\/p>\n<p>Selon les pr\u00e9visions de M\u00e9t\u00e9o France, les 35\u00a0\u00b0C seront facilement d\u00e9pass\u00e9s ce week-end en Occitanie. Il fera jusqu\u2019\u00e0 39\u00a0\u00b0C \u00e0 Carcassonne (Aude), Castres (Tarn) ou Auch (Gers). Les 38\u00a0\u00b0C devraient \u00eatre atteints \u00e0 Albi (Tarn) et\u00a0Cahors (Lot). Du c\u00f4t\u00e9 des tr\u00e8s grandes villes, il est pr\u00e9vu jusqu\u2019\u00e0 37\u00a0\u00b0C \u00e0 Toulouse (Haute-Garonne) et Montauban (Tarn-et-Garonne), 34\u00a0\u00b0C \u00e0 Montpellier (H\u00e9rault) et 32\u00a0\u00b0C \u00e0 Perpignan (Pyr\u00e9n\u00e9es-Orientales). Les 36\u00a0\u00b0C seront atteints \u00e0 Rodez (Aveyron), Mende (Loz\u00e8re) ou encore Tarbes (Hautes-Pyr\u00e9n\u00e9es).<\/p>\n<p>\u00ab\u00a0\u00c0 ce stade, on pr\u00e9voit que le retour de perturbations oc\u00e9aniques devrait faire baisser les temp\u00e9ratures en d\u00e9but de semaine prochaine, une tendance \u00e0 confirmer ces prochains jours\u00a0\u00bb, estime M\u00e9t\u00e9o France. D\u2019ici l\u00e0, les 40\u00a0\u00b0C seront fr\u00f4l\u00e9s une fois encore cet \u00e9t\u00e9. Pour l\u2019instant, on devrait toujours avoir plus de 30\u00a0\u00b0C lundi 7\u00a0septembre, m\u00eame si des orages et de la pluie ne sont pas exclus \u00e0 la place.<\/p>\n","protected":false},"excerpt":{"rendered":"Les vacances sont termin\u00e9es mais les fortes chaleurs ne prennent pas cong\u00e9. Un bref \u00e9pisode de canicule est&hellip;\n","protected":false},"author":2,"featured_media":1161551,"comment_status":"","ping_status":"","sticky":false,"template":"","format":"standard","meta":{"footnotes":"","_share_on_mastodon":"0"},"categories":[2816],"tags":[1111,11,18483,1777,674,1011,27,2487,12,2680,25,26119,2312],"class_list":["post-1161550","post","type-post","status-publish","format-standard","has-post-thumbnail","category-toulouse","tag-actu","tag-actualites","tag-aveyron","tag-eu","tag-europe","tag-fr","tag-france","tag-meteo","tag-news","tag-occitanie","tag-republique-francaise","tag-rodez","tag-toulouse"],"share_on_mastodon":{"url":"https:\/\/pubeurope.com\/@fr\/117197317594959525","error":""},"_links":{"self":[{"href":"https:\/\/www.europesays.com\/fr\/wp-json\/wp\/v2\/posts\/1161550","targetHints":{"allow":["GET"]}}],"collection":[{"href":"https:\/\/www.europesays.com\/fr\/wp-json\/wp\/v2\/posts"}],"about":[{"href":"https:\/\/www.europesays.com\/fr\/wp-json\/wp\/v2\/types\/post"}],"author":[{"embeddable":true,"href":"https:\/\/www.europesays.com\/fr\/wp-json\/wp\/v2\/users\/2"}],"replies":[{"embeddable":true,"href":"https:\/\/www.europesays.com\/fr\/wp-json\/wp\/v2\/comments?post=1161550"}],"version-history":[{"count":0,"href":"https:\/\/www.europesays.com\/fr\/wp-json\/wp\/v2\/posts\/1161550\/revisions"}],"wp:featuredmedia":[{"embeddable":true,"href":"https:\/\/www.europesays.com\/fr\/wp-json\/wp\/v2\/media\/1161551"}],"wp:attachment":[{"href":"https:\/\/www.europesays.com\/fr\/wp-json\/wp\/v2\/media?parent=1161550"}],"wp:term":[{"taxonomy":"category","embeddable":true,"href":"https:\/\/www.europesays.com\/fr\/wp-json\/wp\/v2\/categories?post=1161550"},{"taxonomy":"post_tag","embeddable":true,"href":"https:\/\/www.europesays.com\/fr\/wp-json\/wp\/v2\/tags?post=1161550"}],"curies":[{"name":"wp","href":"https:\/\/api.w.org\/{rel}","templated":true}]}}