{"id":1161555,"date":"2026-09-01T19:02:15","date_gmt":"2026-09-01T19:02:15","guid":{"rendered":"https:\/\/www.europesays.com\/fr\/1161555\/"},"modified":"2026-09-01T19:02:15","modified_gmt":"2026-09-01T19:02:15","slug":"rentree-scolaire-dans-les-pas-des-eleves-marseillais","status":"publish","type":"post","link":"https:\/\/www.europesays.com\/fr\/1161555\/","title":{"rendered":"Rentr\u00e9e scolaire : dans les pas des \u00e9l\u00e8ves marseillais"},"content":{"rendered":"<p>Les traditionnels cris et larmes sont un peu plus dissimul\u00e9s quand les parents r\u00f4dent juste \u00e0 c\u00f4t\u00e9. Plus de 105\u00a0000 coll\u00e9giens se sont lev\u00e9s au son du r\u00e9veil <a href=\"https:\/\/www.laprovence.com\/article\/societe\/94762221108093\/direct-laprovence-direct-rentree-scolaire-2026-ambiance-images-reportages-suivez-la-journee-dans-les-ecoles-en-provence\" target=\"_self\" rel=\"nofollow noopener\">ce mardi matin<\/a> dans les Bouches-du-Rh\u00f4ne (certains pour la premi\u00e8re fois depuis un bail). Dans les <a href=\"https:\/\/www.laprovence.com\/article\/sortie-loisirs\/7854926498459114\/cette-ville-est-une-veritable-mine-d-or-a-marseille-un-guide-consacre-aux-111-quartiers-de-la-ville\" target=\"_self\" rel=\"nofollow noopener\">111 villages de la cit\u00e9 phoc\u00e9enne<\/a>, des quartiers Nord \u00e0 Mazargues, tout s&rsquo;est d\u00e9roul\u00e9 sans le moindre accroc et finalement dans la bonne humeur, parfois sous l&rsquo;\u0153il de personnalit\u00e9s ou d&rsquo;\u00e9lus locaux \u00e0 commencer par<a href=\"https:\/\/www.laprovence.com\/article\/societe\/1238101124984514\/la-meme-emotion-que-lors-de-mes-6-ans-benoit-payan-fait-sa-rentree-a-clair-soleil-dans-les-quartiers-nord-a-marseille\" target=\"_self\" rel=\"nofollow noopener\"> Beno\u00eet Payan dans le quartier des Rosiers<\/a> (14e).<\/p>\n<p>Au coll\u00e8ge Andr\u00e9 Ch\u00e9nier (12e), la cour de r\u00e9cr\u00e9ation a fait peau neuve apr\u00e8s plusieurs ann\u00e9es de travaux et s&rsquo;est r\u00e9serv\u00e9e pour la rentr\u00e9e exclusivement \u00e0 ses nouveaux pensionnaires. Les \u00e9l\u00e8ves de 6e ont mis le pied dans leur nouvelle vie accompagn\u00e9s d&rsquo;un de leurs parents (certains \u00e0 deux malgr\u00e9 des restrictions logistiques en raison de la pr\u00e9sence de <a href=\"https:\/\/www.laprovence.com\/article\/societe\/1182062520178914\/construire-les-bases-de-votre-reussite-a-marseille-martine-vassal-en-visite-au-college-andre-chenier-pour-la-rentree\" target=\"_self\" rel=\"nofollow noopener\">Martine Vassal pour l&rsquo;\u00e9v\u00e8nement<\/a>), pr\u00e9sent(s) pour les rassurer et profiter du buffet.<\/p>\n<p>Ainsi, il y en avait forc\u00e9ment un ou deux pour exulter en retrouvant les copains, \u00e9videmment quelques autres pour fondre en larmes devant l&rsquo;angoisse de tant de nouveaut\u00e9s et la peur de la solitude. Mais on ne leur a pas vraiment laiss\u00e9 le&#8230;<\/p>\n","protected":false},"excerpt":{"rendered":"Les traditionnels cris et larmes sont un peu plus dissimul\u00e9s quand les parents r\u00f4dent juste \u00e0 c\u00f4t\u00e9. Plus&hellip;\n","protected":false},"author":2,"featured_media":1161556,"comment_status":"","ping_status":"","sticky":false,"template":"","format":"standard","meta":{"footnotes":"","_share_on_mastodon":"0"},"categories":[2814],"tags":[5734,1111,11,1446,154,1121,1777,674,1011,27,151,884,12,5261,882,28313,25,7423,104],"class_list":["post-1161555","post","type-post","status-publish","format-standard","has-post-thumbnail","category-marseille","tag-5734","tag-actu","tag-actualites","tag-dans","tag-des","tag-eleves","tag-eu","tag-europe","tag-fr","tag-france","tag-les","tag-marseille","tag-news","tag-pas","tag-provence-alpes-cote-dazur","tag-rentree","tag-republique-francaise","tag-scolaire","tag-societe"],"share_on_mastodon":{"url":"https:\/\/pubeurope.com\/@fr\/117197337303420650","error":""},"_links":{"self":[{"href":"https:\/\/www.europesays.com\/fr\/wp-json\/wp\/v2\/posts\/1161555","targetHints":{"allow":["GET"]}}],"collection":[{"href":"https:\/\/www.europesays.com\/fr\/wp-json\/wp\/v2\/posts"}],"about":[{"href":"https:\/\/www.europesays.com\/fr\/wp-json\/wp\/v2\/types\/post"}],"author":[{"embeddable":true,"href":"https:\/\/www.europesays.com\/fr\/wp-json\/wp\/v2\/users\/2"}],"replies":[{"embeddable":true,"href":"https:\/\/www.europesays.com\/fr\/wp-json\/wp\/v2\/comments?post=1161555"}],"version-history":[{"count":0,"href":"https:\/\/www.europesays.com\/fr\/wp-json\/wp\/v2\/posts\/1161555\/revisions"}],"wp:featuredmedia":[{"embeddable":true,"href":"https:\/\/www.europesays.com\/fr\/wp-json\/wp\/v2\/media\/1161556"}],"wp:attachment":[{"href":"https:\/\/www.europesays.com\/fr\/wp-json\/wp\/v2\/media?parent=1161555"}],"wp:term":[{"taxonomy":"category","embeddable":true,"href":"https:\/\/www.europesays.com\/fr\/wp-json\/wp\/v2\/categories?post=1161555"},{"taxonomy":"post_tag","embeddable":true,"href":"https:\/\/www.europesays.com\/fr\/wp-json\/wp\/v2\/tags?post=1161555"}],"curies":[{"name":"wp","href":"https:\/\/api.w.org\/{rel}","templated":true}]}}