{"id":1161558,"date":"2026-09-01T19:04:16","date_gmt":"2026-09-01T19:04:16","guid":{"rendered":"https:\/\/www.europesays.com\/fr\/1161558\/"},"modified":"2026-09-01T19:04:16","modified_gmt":"2026-09-01T19:04:16","slug":"appel-a-temoins-apres-la-disparition-de-jeremy-dans-le-rhone-avez-vous-vu-le-jeune-homme","status":"publish","type":"post","link":"https:\/\/www.europesays.com\/fr\/1161558\/","title":{"rendered":"Appel \u00e0 t\u00e9moins apr\u00e8s la disparition de J\u00e9r\u00e9my dans le Rh\u00f4ne : avez-vous vu le jeune homme ?"},"content":{"rendered":"<p itemprop=\"description\"><strong>La gendarmerie du Rh\u00f4ne a lanc\u00e9 un appel \u00e0 t\u00e9moins ce mardi apr\u00e8s la disparition de J\u00e9r\u00e9my. Le jeune homme a disparu dans la nuit \u00e0 Marennes.<\/strong><\/p>\n<p>Les gendarmes ont besoin de t\u00e9moins. Car J\u00e9r\u00e9my, un jeune homme de 26 ans, n&rsquo;a plus donn\u00e9 signe de vie depuis la nuit de lundi \u00e0 mardi.<\/p>\n<p>Dans leur appel \u00e0 t\u00e9moins, les militaires expliquent qu&rsquo;il est parti \u00e0 pied de Marennes entre 1h30 et 6h du matin. Mais ses proches n&rsquo;ont plus de nouvelles.<\/p>\n<p>De corpulence mince, il a un tatouage sur le bras droit repr\u00e9sentant un oiseau bleu, ainsi qu&rsquo;une phrase en anglais sur le bras gauche. Les gendarmes pr\u00e9cisent aussi qu&rsquo;il a une r\u00e9cente blessure \u00e0 l&rsquo;arcade.<\/p>\n<p>Si vous avez crois\u00e9 J\u00e9r\u00e9my ou que vous disposez d&rsquo;informations le concernant, vous pouvez joindre la brigade de Corbas en charge de l&rsquo;enqu\u00eate au 04 72 50 99 64 ou en composant le 17.<\/p>\n","protected":false},"excerpt":{"rendered":"La gendarmerie du Rh\u00f4ne a lanc\u00e9 un appel \u00e0 t\u00e9moins ce mardi apr\u00e8s la disparition de J\u00e9r\u00e9my. Le&hellip;\n","protected":false},"author":2,"featured_media":1161559,"comment_status":"","ping_status":"","sticky":false,"template":"","format":"standard","meta":{"footnotes":"","_share_on_mastodon":"0"},"categories":[1889],"tags":[1111,11,2813,2190,2430,1109,251,1112,2811,1777,674,118,1011,27,1922,1110,1114,2428,2810,12,241,316,25,2812,517,800],"class_list":["post-1161558","post","type-post","status-publish","format-standard","has-post-thumbnail","category-lyon","tag-actu","tag-actualites","tag-article","tag-asvel","tag-auvergne-rhone-alpes","tag-breves","tag-culture","tag-depeches","tag-economique","tag-eu","tag-europe","tag-faits-divers","tag-fr","tag-france","tag-info","tag-informations","tag-infos","tag-lyon","tag-lyonmag","tag-news","tag-ol","tag-politique","tag-republique-francaise","tag-sociale","tag-sport","tag-transports"],"share_on_mastodon":{"url":"https:\/\/pubeurope.com\/@fr\/117197345052753619","error":""},"_links":{"self":[{"href":"https:\/\/www.europesays.com\/fr\/wp-json\/wp\/v2\/posts\/1161558","targetHints":{"allow":["GET"]}}],"collection":[{"href":"https:\/\/www.europesays.com\/fr\/wp-json\/wp\/v2\/posts"}],"about":[{"href":"https:\/\/www.europesays.com\/fr\/wp-json\/wp\/v2\/types\/post"}],"author":[{"embeddable":true,"href":"https:\/\/www.europesays.com\/fr\/wp-json\/wp\/v2\/users\/2"}],"replies":[{"embeddable":true,"href":"https:\/\/www.europesays.com\/fr\/wp-json\/wp\/v2\/comments?post=1161558"}],"version-history":[{"count":0,"href":"https:\/\/www.europesays.com\/fr\/wp-json\/wp\/v2\/posts\/1161558\/revisions"}],"wp:featuredmedia":[{"embeddable":true,"href":"https:\/\/www.europesays.com\/fr\/wp-json\/wp\/v2\/media\/1161559"}],"wp:attachment":[{"href":"https:\/\/www.europesays.com\/fr\/wp-json\/wp\/v2\/media?parent=1161558"}],"wp:term":[{"taxonomy":"category","embeddable":true,"href":"https:\/\/www.europesays.com\/fr\/wp-json\/wp\/v2\/categories?post=1161558"},{"taxonomy":"post_tag","embeddable":true,"href":"https:\/\/www.europesays.com\/fr\/wp-json\/wp\/v2\/tags?post=1161558"}],"curies":[{"name":"wp","href":"https:\/\/api.w.org\/{rel}","templated":true}]}}